{"id":134325,"date":"2026-01-05T19:49:07","date_gmt":"2026-01-05T19:49:07","guid":{"rendered":"https:\/\/www.europesays.com\/fi\/134325\/"},"modified":"2026-01-05T19:49:07","modified_gmt":"2026-01-05T19:49:07","slug":"evangeline-lilly-kertoo-saaneensa-aivovamman-pyortymisen-seurauksena","status":"publish","type":"post","link":"https:\/\/www.europesays.com\/fi\/134325\/","title":{"rendered":"Evangeline Lilly kertoo saaneensa aivovamman py\u00f6rtymisen seurauksena"},"content":{"rendered":"<p>Onnettomuudet|Kanadalaisn\u00e4yttelij\u00e4 py\u00f6rtyi viime toukokuussa uimarannalla ja l\u00f6i p\u00e4\u00e4ns\u00e4 kiveen.<\/p>\n<p>Lue tiivistelm\u00e4<\/p>\n<p class=\"article-body mb-nof-24 px-nof-16 sndp-summary-bullet-point-font\">Kanadalaisn\u00e4yttelij\u00e4 Evangeline Lilly kertoo saaneensa aivovamman py\u00f6rtymisen seurauksena toukokuussa 2025.<\/p>\n<p class=\"article-body mb-nof-24 px-nof-16 sndp-summary-bullet-point-font\">Lilly py\u00f6rtyi uimarannalla ja l\u00f6i p\u00e4\u00e4ns\u00e4 kiveen, ja h\u00e4n kertoo nyt l\u00e4hes kaikkien aivojensa alueiden toimivan heikentyneell\u00e4 kapasiteetilla.<\/p>\n<p class=\"article-body mb-nof-24 px-nof-16 sndp-summary-bullet-point-font\">Lilly tunnetaan muun muassa Lost-televisiosarjasta ja Hobitti-elokuvista.<\/p>\n<p class=\"article-body mb-nof-24 px-nof-16\">Kanadalainen n\u00e4yttelij\u00e4 <a class=\"font-bold underline-offset-[0.12em] [text-decoration:var(--person-link-text-decoration)] ![text-decoration-color:var(--person-link-text-decoration-color)]\" href=\"https:\/\/www.hs.fi\/haku\/?query=Evangeline%20Lilly\" rel=\"nofollow noopener\" target=\"_blank\">Evangeline Lilly<\/a> kertoo saaneensa aivovamman toukokuisen py\u00f6rtymisen ja siit\u00e4 johtuneen kaatumisen seurauksena. Lilly kertoi \u00e4skett\u00e4in tehdyn aivokuvauksen tuloksista Instagramissa perjantaina 2. tammikuuta julkaisemallaan videolla.<\/p>\n<p class=\"article-body mb-nof-24 px-nof-16\">\u201dL\u00e4hes kaikki aivojeni alueet toimivat heikentyneell\u00e4 kapasiteetilla\u201d, Lilly sanoi videolla.<\/p>\n<p class=\"article-body mb-nof-24 px-nof-16\">Toukokuussa 2025 h\u00e4n kirjoitti onnettomuudesta <a class=\"underline underline-offset-[0.12em] [text-decoration-thickness:var(--generic-link-underline-thickness)] [text-decoration-color:var(--generic-link-underline-color)] [text-decoration-skip-ink:var(--generic-link-underline-skip-ink)] break-words\" href=\"https:\/\/open.substack.com\/pub\/evangelinelilly\/p\/i-fainted-at-the-beach?utm_campaign=post&amp;utm_medium=web\" rel=\"nofollow noopener\" target=\"_blank\">Substack-julkaisussa<\/a>, johon h\u00e4n liitti my\u00f6s kuvia verisist\u00e4 kasvoistaan.<\/p>\n<p class=\"article-body mb-nof-24 px-nof-16\">H\u00e4n oli py\u00f6rtynyt uimarannalla ja ly\u00f6nyt kaatuessaan p\u00e4\u00e4ns\u00e4 kiveen. H\u00e4n kertoi olleensa altis py\u00f6rtyilemiselle pikkutyt\u00f6st\u00e4 asti, mutta l\u00e4\u00e4ketieteellist\u00e4 syyt\u00e4 t\u00e4lle ei ole toistaiseksi pystytty m\u00e4\u00e4ritt\u00e4m\u00e4\u00e4n.<\/p>\n<p class=\"article-body mb-nof-24 px-nof-16\">Syiden selvitt\u00e4minen jatkuu, kuten Lilly kertoo nyt julkaisemallaan Instagram-videolla.<\/p>\n<p class=\"article-body mb-nof-24 px-nof-16\">\u201dMinulla on ulkoisen voiman ja mahdollisesti muidenkin tekij\u00f6iden aiheuttama aivovamma, josta meid\u00e4n pit\u00e4\u00e4 nyt p\u00e4\u00e4st\u00e4 selvyyteen l\u00e4\u00e4k\u00e4rien kanssa. \u2013\u202f\u2013 Kognitiivinen heikkeneminen on auttanut minua hidastamaan vauhtiani sen j\u00e4lkeen kun pamautin naamani auki.\u201d<\/p>\n<p class=\"article-body mb-nof-24 px-nof-16\">Evangeline Lilly (s. 1979) teki l\u00e4pimurtonsa Lost-televisiosarjassa (2004\u20132010). H\u00e4n on n\u00e4ytellyt my\u00f6s esimerkiksi <a class=\"font-bold underline-offset-[0.12em] [text-decoration:var(--person-link-text-decoration)] ![text-decoration-color:var(--person-link-text-decoration-color)]\" href=\"https:\/\/www.hs.fi\/haku\/?query=Kathryn%20Bigelow%E2%80%99n\" rel=\"nofollow noopener\" target=\"_blank\">Kathryn Bigelow\u2019n<\/a> elokuvassa The Hurt Locker (2008), <a class=\"font-bold underline-offset-[0.12em] [text-decoration:var(--person-link-text-decoration)] ![text-decoration-color:var(--person-link-text-decoration-color)]\" href=\"https:\/\/www.hs.fi\/haku\/?query=Peter%20Jacksonin\" rel=\"nofollow noopener\" target=\"_blank\">Peter Jacksonin<\/a> ohjaamissa Hobitti-elokuvissa sek\u00e4 Marvel-yhti\u00f6n sarjakuviin perustuvissa supersankarielokuvissa.<\/p>\n","protected":false},"excerpt":{"rendered":"Onnettomuudet|Kanadalaisn\u00e4yttelij\u00e4 py\u00f6rtyi viime toukokuussa uimarannalla ja l\u00f6i p\u00e4\u00e4ns\u00e4 kiveen. Lue tiivistelm\u00e4 Kanadalaisn\u00e4yttelij\u00e4 Evangeline Lilly kertoo saaneensa aivovamman py\u00f6rtymisen&hellip;\n","protected":false},"author":2,"featured_media":134326,"comment_status":"","ping_status":"","sticky":false,"template":"","format":"standard","meta":{"footnotes":""},"categories":[136],"tags":[407,137,33,31,30,46,408,32,109],"class_list":{"0":"post-134325","1":"post","2":"type-post","3":"status-publish","4":"format-standard","5":"has-post-thumbnail","7":"category-julkkikset","8":"tag-celebrities","9":"tag-entertainment","10":"tag-fi","11":"tag-finland","12":"tag-finnish","13":"tag-helsingin-sanomat","14":"tag-julkkikset","15":"tag-suomi","16":"tag-viihde"},"share_on_mastodon":{"url":"https:\/\/pubeurope.com\/@fi\/115844229558280781","error":""},"_links":{"self":[{"href":"https:\/\/www.europesays.com\/fi\/wp-json\/wp\/v2\/posts\/134325","targetHints":{"allow":["GET"]}}],"collection":[{"href":"https:\/\/www.europesays.com\/fi\/wp-json\/wp\/v2\/posts"}],"about":[{"href":"https:\/\/www.europesays.com\/fi\/wp-json\/wp\/v2\/types\/post"}],"author":[{"embeddable":true,"href":"https:\/\/www.europesays.com\/fi\/wp-json\/wp\/v2\/users\/2"}],"replies":[{"embeddable":true,"href":"https:\/\/www.europesays.com\/fi\/wp-json\/wp\/v2\/comments?post=134325"}],"version-history":[{"count":0,"href":"https:\/\/www.europesays.com\/fi\/wp-json\/wp\/v2\/posts\/134325\/revisions"}],"wp:featuredmedia":[{"embeddable":true,"href":"https:\/\/www.europesays.com\/fi\/wp-json\/wp\/v2\/media\/134326"}],"wp:attachment":[{"href":"https:\/\/www.europesays.com\/fi\/wp-json\/wp\/v2\/media?parent=134325"}],"wp:term":[{"taxonomy":"category","embeddable":true,"href":"https:\/\/www.europesays.com\/fi\/wp-json\/wp\/v2\/categories?post=134325"},{"taxonomy":"post_tag","embeddable":true,"href":"https:\/\/www.europesays.com\/fi\/wp-json\/wp\/v2\/tags?post=134325"}],"curies":[{"name":"wp","href":"https:\/\/api.w.org\/{rel}","templated":true}]}}