{"id":134327,"date":"2026-01-05T19:53:10","date_gmt":"2026-01-05T19:53:10","guid":{"rendered":"https:\/\/www.europesays.com\/fi\/134327\/"},"modified":"2026-01-05T19:53:10","modified_gmt":"2026-01-05T19:53:10","slug":"marko-maunuksela-palaa-radioon-uusi-kanava-ja-ohjelma","status":"publish","type":"post","link":"https:\/\/www.europesays.com\/fi\/134327\/","title":{"rendered":"Marko Maunuksela palaa radioon \u2013 uusi kanava ja ohjelma"},"content":{"rendered":"<p class=\"has-drop-cap\"><strong>Marko Maunuksela<\/strong> tekee paluun radiojuontajaksi tammikuussa 2026.<\/p>\n<p>Tangokuningas alkaa vet\u00e4\u00e4 Laulu el\u00e4m\u00e4lle! -nimist\u00e4 Radio Pookin uutta musiikkiohjelmaa, jonka keski\u00f6ss\u00e4 on kotimainen musiikki. Ohjelma kuullaan tiistaisin ja torstaisin keskip\u00e4iviss\u00e4.<\/p>\n<p><a href=\"https:\/\/www.tanssiin.fi\/tag\/marko-maunuksela\/\" title=\"marko maunuksela\" rel=\"nofollow noopener\" target=\"_blank\">Maunuksela<\/a> on ottanut rohkeita harppauksia ty\u00f6ss\u00e4\u00e4n jo useita kertoja. Ty\u00f6 on vuosien saatossa kuljettanut niin tanssipaikoille kuin teatteriin sek\u00e4 televisioon ett\u00e4 radioon, jonne askeleet suuntaavat j\u00e4lleen. Aikoinaan Maunuksela teki merkitt\u00e4v\u00e4n radiopestins\u00e4 Ylen Paikka auringossa -ohjelman juontajana. Sittemmin h\u00e4n tuli tutuksi Aito Iskelm\u00e4 -kanavan aamuissa ja nyt suunta on siis Radio Pookiin.<\/p>\n<p>Tanssiin.fi uutisoi kes\u00e4kuussa 2025, kuinka Marko yll\u00e4tt\u00e4en p\u00e4\u00e4tti muuttaa kes\u00e4ll\u00e4 p\u00e4\u00e4kaupunkiseudulta Ouluun. H\u00e4n perusteli el\u00e4m\u00e4nmuutostaan sill\u00e4, ett\u00e4 \u201dmummi ja pappa haluavat olla lapsenlastaan l\u00e4hell\u00e4\u201d. Samalla loppuivat ty\u00f6t iskelm\u00e4radion aamujuontajana.<\/p>\n<p><strong>Lue my\u00f6s: <\/strong><a href=\"https:\/\/www.tanssiin.fi\/yllatys-marko-maunuksela-lopettaa-radiossa-ja-muuttaa-ouluun-lapsenlapsi-innoittajana\/\" title=\"Yll\u00e4tys! Marko Maunuksela lopettaa radiossa ja muuttaa Ouluun \u2013 lapsenlapsi innoittajana\" rel=\"nofollow noopener\" target=\"_blank\">Yll\u00e4tys! Marko Maunuksela lopettaa radiossa ja muuttaa Ouluun \u2013 lapsenlapsi innoittajana<\/a><\/p>\n<p>Maunuksela: \u201dPooki on kuin kotisatama\u201d<\/p>\n<p>Jo kes\u00e4ll\u00e4 Marko kuitenkin vihjaili paluusta radiomaailmaan.<\/p>\n<p>\u201dJa niin paljon rakastan radiota ja sen tekemist\u00e4, ett\u00e4 tavalla tai toisella kampean viel\u00e4 itseni jonkin radiomikrofonin taakse, ennemmin tai my\u00f6hemmin.\u201d<\/p>\n<p>Nyt radioura siis jatkuu.<\/p>\n<p>Ensimm\u00e4inen Markon juontama Laulu el\u00e4m\u00e4lle! -ohjelma kuullaan Radio Pookissa torstaina 8. tammikuuta kello 12-13 ja se jatkuu samaan aikaan aina tiistaisin ja torstaisin. T\u00e4ss\u00e4 musiikin erikoisohjelmassa p\u00e4\u00e4st\u00e4\u00e4n uppoutumaan kotimaisen musiikin laajaan kirjoon tarinoiden siivitt\u00e4m\u00e4n\u00e4.<\/p>\n<p>Maunuksela on innoissaan liittymisest\u00e4 Radio Pookin porukkaan ja uudesta ohjelmastaan.<\/p>\n<p>\u201dIhana palata taas pienen tauon j\u00e4lkeen my\u00f6s radioty\u00f6h\u00f6n. Radio Pooki on ollut itselleni aina v\u00e4h\u00e4n kuin kotisatama, koska oma musiikillinen identiteettini perustuu vahvasti juuri kotimaiseen musiikkiin ja tanssimusiikkiin, jota Pooki p\u00e4\u00e4asiallisesti soittaa\u201d, Marko sanoo.<\/p>\n<p>\u201dOdotan jo malttamattomana, ett\u00e4 p\u00e4\u00e4sen penkomaan erilaisia levyarkistoja. Sielt\u00e4 l\u00f6ytyy j\u00e4rk\u00e4lem\u00e4isi\u00e4 klassikoita, hittej\u00e4, huteja, hersyv\u00e4\u00e4 huumoria, rakkautta, iloa, surua, veikeit\u00e4 erikoisuuksia ja tottakai my\u00f6s modernia iskelm\u00e4\u00e4 ja uutuuksia. Elet\u00e4\u00e4n yhdess\u00e4 n\u00e4it\u00e4 tunteita ja annetaan tarinoidenkin el\u00e4\u00e4!\u201d<\/p>\n<p><strong>Lue my\u00f6s: <\/strong><a href=\"https:\/\/www.tanssiin.fi\/marko-maunuksela-kehottaa-elamaan-tassa-ja-nyt\/\" title=\"Marko Maunuksela kehottaa el\u00e4m\u00e4\u00e4n t\u00e4ss\u00e4 ja nyt\" rel=\"nofollow noopener\" target=\"_blank\">Marko Maunuksela kehottaa el\u00e4m\u00e4\u00e4n t\u00e4ss\u00e4 ja nyt<\/a><\/p>\n<p>Markon radiotauko j\u00e4i lyhyeksi<\/p>\n<p>Vuosi 2025 oli Maunukselalle isojen muutosten vuosi. Kes\u00e4ll\u00e4 h\u00e4n ja vaimonsa j\u00e4ttiv\u00e4t molemmat ty\u00f6ns\u00e4 Etel\u00e4-Suomessa, myiv\u00e4t kotinsa ja muuttivat Ouluun ollakseen l\u00e4hell\u00e4 lapsenlastaan \u2013 kolmevuotiasta tytt\u00e4renpoikaa.<\/p>\n<p>Tauko radiosta ei muodostunut pitk\u00e4ksi, sill\u00e4 Pookin ja Markon v\u00e4lill\u00e4 syntyi nopeasti yhteinen s\u00e4vel tulevasta.<\/p>\n<p>&#8221;Mahtavaa saada Marko mukaan Pookin porukkaan! Markolla on eritt\u00e4in hyv\u00e4 tuntuma Pookin soittamaan musiikkiin. Saamme uuden ohjelman ja siin\u00e4 kuultavien tarinoiden my\u00f6t\u00e4 todella hienosti syvyytt\u00e4 Kotimaisen Tanssimusiikin Parhaat -musiikkilupauksellemme&#8221;, ohjelmap\u00e4\u00e4llikk\u00f6<strong> Mika Kuki<\/strong> iloitsee.<\/p>\n<p><strong>Lue my\u00f6s: <\/strong><a href=\"https:\/\/www.tanssiin.fi\/puskissa-viihtyva-marko-maunuksela-vastasi-ylen-kysymykseen-loisimisesta\/\" title=\"Puskissa viihtyv\u00e4 Marko Maunuksela vastasi Ylen kysymykseen loisimisesta\" rel=\"nofollow noopener\" target=\"_blank\">Puskissa viihtyv\u00e4 Marko Maunuksela vastasi Ylen kysymykseen loisimisesta<\/a><\/p>\n<p>Tanssikeikkoja ja teatteria<\/p>\n<p>Vuonna 2010 tangokuninkaaksi valittu Maunuksela tunnustaa syd\u00e4mens\u00e4 sykkiv\u00e4n vahvasti kotimaiselle iskelm\u00e4musiikille. Intohimo musiikkiin ja laulamiseen on ikuista. Radioty\u00f6n lis\u00e4ksi Marko k\u00e4y keikkalavoilla yhdess\u00e4 Fantasia-orkesterinsa kanssa.<\/p>\n<p>Katso Markon <a href=\"https:\/\/www.tanssiin.fi\/artistit\/miestahdet\/marko-maunuksela\/\" title=\"\" rel=\"nofollow noopener\" target=\"_blank\">keikat t\u00e4st\u00e4<\/a>.<\/p>\n<p>Syksyll\u00e4 2026 Markoa n\u00e4hd\u00e4\u00e4n my\u00f6s <a href=\"https:\/\/www.tanssiin.fi\/marko-maunuksela-yllattaa-homomusikaalissa\/\" title=\"Marko Maunuksela yll\u00e4tt\u00e4\u00e4 homomusikaalissa\" rel=\"nofollow noopener\" target=\"_blank\">teatterin lavalla<\/a>, kun kaikkien aikojen ylistetyin kotimainen musikaali Tom of Finland esitet\u00e4\u00e4n p\u00e4ivitettyn\u00e4 versiona H\u00e4meenlinnan Verkatehtaalla.<\/p>\n<p>Kansainv\u00e4lisen tason suurtuotannossa 20-henkinen ensemble tuo Vanaja-salin lavalle rohkean tarinan suomalaismiehest\u00e4, joka muutti maailmaa.<\/p>\n<p>Kirjoittanut:<br \/>\n<img decoding=\"async\" class=\"aioseo-author-image\" src=\"https:\/\/www.europesays.com\/fi\/wp-content\/uploads\/2025\/10\/cropped-tanssiin-logo.jpg\" alt=\"author avatar\"\/><\/p>\n<p>Tanssiin.fi<\/p>\n<p>\nTanssi- ja iskelm\u00e4musiikin uutiset asiantuntevasti.<\/p>\n<p><img decoding=\"async\" class=\"aioseo-author-bio-compact-image\" src=\"https:\/\/www.europesays.com\/fi\/wp-content\/uploads\/2025\/10\/cropped-tanssiin-logo.jpg\" alt=\"author avatar\"\/><br \/>\nTanssi- ja iskelm\u00e4musiikin uutiset asiantuntevasti.<\/p>\n<p>0%<br \/>\nIhana<\/p>\n<p>0%<br \/>\nHauska<\/p>\n<p>0%<br \/>\nVau<\/p>\n<p>0%<br \/>\nSurullinen<\/p>\n<p>0%<br \/>\nVihainen\n<\/p>\n<p>Post navigation<\/p>\n","protected":false},"excerpt":{"rendered":"Marko Maunuksela tekee paluun radiojuontajaksi tammikuussa 2026. Tangokuningas alkaa vet\u00e4\u00e4 Laulu el\u00e4m\u00e4lle! -nimist\u00e4 Radio Pookin uutta musiikkiohjelmaa, jonka&hellip;\n","protected":false},"author":2,"featured_media":134328,"comment_status":"","ping_status":"","sticky":false,"template":"","format":"standard","meta":{"footnotes":""},"categories":[132],"tags":[137,33,31,30,23591,1077,195,47,952,1079,13808,32,3111,4049,939,16,109],"class_list":{"0":"post-134327","1":"post","2":"type-post","3":"status-publish","4":"format-standard","5":"has-post-thumbnail","7":"category-musiikki","8":"tag-entertainment","9":"tag-fi","10":"tag-finland","11":"tag-finnish","12":"tag-marko-maunuksela","13":"tag-media","14":"tag-music","15":"tag-musiikki","16":"tag-oulu","17":"tag-radio","18":"tag-radio-pooki","19":"tag-suomi","20":"tag-tangokuningas","21":"tag-tanssitahdet","22":"tag-tyo","23":"tag-uutiset","24":"tag-viihde"},"share_on_mastodon":{"url":"https:\/\/pubeurope.com\/@fi\/115844245298998666","error":""},"_links":{"self":[{"href":"https:\/\/www.europesays.com\/fi\/wp-json\/wp\/v2\/posts\/134327","targetHints":{"allow":["GET"]}}],"collection":[{"href":"https:\/\/www.europesays.com\/fi\/wp-json\/wp\/v2\/posts"}],"about":[{"href":"https:\/\/www.europesays.com\/fi\/wp-json\/wp\/v2\/types\/post"}],"author":[{"embeddable":true,"href":"https:\/\/www.europesays.com\/fi\/wp-json\/wp\/v2\/users\/2"}],"replies":[{"embeddable":true,"href":"https:\/\/www.europesays.com\/fi\/wp-json\/wp\/v2\/comments?post=134327"}],"version-history":[{"count":0,"href":"https:\/\/www.europesays.com\/fi\/wp-json\/wp\/v2\/posts\/134327\/revisions"}],"wp:featuredmedia":[{"embeddable":true,"href":"https:\/\/www.europesays.com\/fi\/wp-json\/wp\/v2\/media\/134328"}],"wp:attachment":[{"href":"https:\/\/www.europesays.com\/fi\/wp-json\/wp\/v2\/media?parent=134327"}],"wp:term":[{"taxonomy":"category","embeddable":true,"href":"https:\/\/www.europesays.com\/fi\/wp-json\/wp\/v2\/categories?post=134327"},{"taxonomy":"post_tag","embeddable":true,"href":"https:\/\/www.europesays.com\/fi\/wp-json\/wp\/v2\/tags?post=134327"}],"curies":[{"name":"wp","href":"https:\/\/api.w.org\/{rel}","templated":true}]}}