{"id":134330,"date":"2026-01-05T19:57:08","date_gmt":"2026-01-05T19:57:08","guid":{"rendered":"https:\/\/www.europesays.com\/fi\/134330\/"},"modified":"2026-01-05T19:57:08","modified_gmt":"2026-01-05T19:57:08","slug":"paula-noronen-ei-saa-lapsiaan-nauramaan","status":"publish","type":"post","link":"https:\/\/www.europesays.com\/fi\/134330\/","title":{"rendered":"Paula Noronen ei saa lapsiaan nauramaan"},"content":{"rendered":"<p>Lastenkirjailija <strong>Paula Norosen<\/strong> haave ja p\u00e4\u00e4t\u00f6s yritt\u00e4\u00e4 tulla \u00e4idiksi kypsyi hitaasti. T\u00e4ytt\u00e4ess\u00e4\u00e4n 30 h\u00e4n alkoi pohtia, haluaisiko sittenkin vanhemmaksi.<\/p>\n<p>\u201dOlin 36-vuotias, kun aloimme odottamaan esikoistamme. Tiesin heti, ett\u00e4 \u00e4itiydest\u00e4 tulee el\u00e4m\u00e4ni hienoin asia\u201d, Paula Noronen kertoo <a href=\"https:\/\/kotiliesi.fi\/ihmiset\/paula-noronen-elamani-kuvat\/\" target=\"_blank\" rel=\"noreferrer noopener nofollow\">Kotiliedess\u00e4<\/a>.<\/p>\n<p>Paulalla on vuonna 2011 ja 2013 syntyneet lapset. Vanhemmuudessaan Paula on noudattanut erityisesti yht\u00e4 ohjenuoraa.<\/p>\n<p>\u201dRakastan lausetta: \u2019Sinun lapsesi eiv\u00e4t ole sinun.\u2019 Yksi t\u00e4rkeimmist\u00e4 opeista vanhemmuudessa on ollut, etteiv\u00e4t lapseni ole minun jatkeeni.\u201d<\/p>\n<p>Paula pyrkii muistamaan lastensa olevan omia persooniaan, joita on turha pyrki\u00e4 liikaa kontrolloimaan.<\/p>\n<p>\u201dSe, mit\u00e4 heid\u00e4n el\u00e4m\u00e4ss\u00e4\u00e4n tulee tapahtumaan tai millaisia valintoja he tekev\u00e4t, ole minun p\u00e4\u00e4tett\u00e4viss\u00e4ni tai kontrolloitavissani.\u201d<\/p>\n<p>Eriyisesti yksi tavoite on vanhemmuudessa ylitse muiden.<\/p>\n<p>\u201dJos pystyn olemaan lapsilleni turvasatama, johon voi aina tukeutua, kaikki on hyvin.\u201d<\/p>\n<p>Paula Noronen ei naurata omia lapsiaan <\/p>\n<p>Paula mielt\u00e4\u00e4 olevansa joissakin asioissa tiukka vanhempi.<\/p>\n<p>\u201dJoissain voisin olla tiukempi. Iltaunisena haluaisin, ett\u00e4 kaikki nukahtaisivat samaan aikaan. Jos olemme sopineet, ett\u00e4 nukkumaanmenoaika on puoli yhdelt\u00e4toista, minun on vaikea kest\u00e4\u00e4, ett\u00e4 s\u00e4nkyyn menn\u00e4\u00e4n vasta puoli kaksitoista.\u201d<\/p>\n<p>Moni asia on kuitenkin neuvoteltavissa.<\/p>\n<p>\u201dLapseni ovat taitavia neuvottelijoita. Minun on vaikea kielt\u00e4\u00e4 ostamasta karkkipussia tiistaina, jos toisella on hyv\u00e4 perustelu sy\u00f6d\u00e4 sokeria keskell\u00e4 viikkoa.\u201d<\/p>\n<p>Paula kertoo kyll\u00e4st\u00e4neens\u00e4 lapsensa huumorilla kyll\u00e4stymiseen saakka. Teini-ik\u00e4inen yleis\u00f6 on kuitenkin ankaraa.<\/p>\n<p>\u201dV\u00e4lill\u00e4 teinit \u00e4rsyyntyv\u00e4t pelk\u00e4st\u00e4\u00e4n siit\u00e4, ett\u00e4 hengit\u00e4n. Lapseni ovat eritt\u00e4in humoristisia, mutta minun juttuni eiv\u00e4t naurata heit\u00e4 yleens\u00e4 yht\u00e4\u00e4n. Toinen sanoi, ettei ymm\u00e4rr\u00e4, miksi ihmiset pit\u00e4v\u00e4t minua hauskana, sill\u00e4 h\u00e4nest\u00e4 jutuissani ei ole juuri mit\u00e4\u00e4n hauskaa.\u201d<\/p>\n<p>\u00c4itiyden Paula kokee merkitsev\u00e4n itselleen kaikkea.<\/p>\n<p>\u201dTeen suurimman osan valinnoistani lapsiani ajatellen. He ovat t\u00e4rkeint\u00e4 el\u00e4m\u00e4ss\u00e4ni.\u201d<\/p>\n<p><a href=\"https:\/\/seura.fi\/ilmiot\/lemmikit\/paula-noronen-ja-remu\/\" rel=\"nofollow noopener\" target=\"_blank\">Lue my\u00f6s: Paula Noronen on saanut koiraltaan Remulta yhden t\u00e4rke\u00e4n opin: \u201dEl\u00e4m\u00e4 on t\u00e4ss\u00e4 ja nyt\u201d<\/a><\/p>\n<p>    <a href=\"https:\/\/seura.fi\/wp-content\/uploads\/2025\/12\/nimeton-malli-2025-12-03t094809.266.jpg\" rel=\"nofollow noopener\" target=\"_blank\"><img loading=\"lazy\" decoding=\"async\" alt=\"\" class=\"wp-image-2134111 awpo-lqip awpo-lazy\" width=\"2100\" height=\"1400\" style=\"--aspect-ratio: 1.5\" src=\"https:\/\/www.europesays.com\/fi\/wp-content\/uploads\/2026\/01\/nimeton-malli-2025-12-03t094809.266.jpg\"\/><\/a><br \/>\n      Ulkoillessaan Remun kanssa Paula Noronen tykk\u00e4\u00e4 kohtaamisista muiden koiranomistajien kanssa.      <\/p>\n<p>          \u00a9 Tommi Tuomi        <\/p>\n","protected":false},"excerpt":{"rendered":"Lastenkirjailija Paula Norosen haave ja p\u00e4\u00e4t\u00f6s yritt\u00e4\u00e4 tulla \u00e4idiksi kypsyi hitaasti. T\u00e4ytt\u00e4ess\u00e4\u00e4n 30 h\u00e4n alkoi pohtia, haluaisiko sittenkin&hellip;\n","protected":false},"author":2,"featured_media":134331,"comment_status":"","ping_status":"","sticky":false,"template":"","format":"standard","meta":{"footnotes":""},"categories":[130],"tags":[2454,137,33,31,30,2001,99,2838,32,109],"class_list":{"0":"post-134330","1":"post","2":"type-post","3":"status-publish","4":"format-standard","5":"has-post-thumbnail","7":"category-viihde","8":"tag-aitiys","9":"tag-entertainment","10":"tag-fi","11":"tag-finland","12":"tag-finnish","13":"tag-kirjailijat","14":"tag-lapset","15":"tag-paula-noronen","16":"tag-suomi","17":"tag-viihde"},"share_on_mastodon":{"url":"https:\/\/pubeurope.com\/@fi\/115844260993782979","error":""},"_links":{"self":[{"href":"https:\/\/www.europesays.com\/fi\/wp-json\/wp\/v2\/posts\/134330","targetHints":{"allow":["GET"]}}],"collection":[{"href":"https:\/\/www.europesays.com\/fi\/wp-json\/wp\/v2\/posts"}],"about":[{"href":"https:\/\/www.europesays.com\/fi\/wp-json\/wp\/v2\/types\/post"}],"author":[{"embeddable":true,"href":"https:\/\/www.europesays.com\/fi\/wp-json\/wp\/v2\/users\/2"}],"replies":[{"embeddable":true,"href":"https:\/\/www.europesays.com\/fi\/wp-json\/wp\/v2\/comments?post=134330"}],"version-history":[{"count":0,"href":"https:\/\/www.europesays.com\/fi\/wp-json\/wp\/v2\/posts\/134330\/revisions"}],"wp:featuredmedia":[{"embeddable":true,"href":"https:\/\/www.europesays.com\/fi\/wp-json\/wp\/v2\/media\/134331"}],"wp:attachment":[{"href":"https:\/\/www.europesays.com\/fi\/wp-json\/wp\/v2\/media?parent=134330"}],"wp:term":[{"taxonomy":"category","embeddable":true,"href":"https:\/\/www.europesays.com\/fi\/wp-json\/wp\/v2\/categories?post=134330"},{"taxonomy":"post_tag","embeddable":true,"href":"https:\/\/www.europesays.com\/fi\/wp-json\/wp\/v2\/tags?post=134330"}],"curies":[{"name":"wp","href":"https:\/\/api.w.org\/{rel}","templated":true}]}}