{"id":134336,"date":"2026-01-05T20:01:09","date_gmt":"2026-01-05T20:01:09","guid":{"rendered":"https:\/\/www.europesays.com\/fi\/134336\/"},"modified":"2026-01-05T20:01:09","modified_gmt":"2026-01-05T20:01:09","slug":"paakirjoitus-6-1-2026-suurvallat-havittelevat-jakopolitiikkaa-paakirjoitus-mielipide","status":"publish","type":"post","link":"https:\/\/www.europesays.com\/fi\/134336\/","title":{"rendered":"P\u00e4\u00e4kirjoitus 6.1.2026 | Suurvallat havittelevat jakopolitiikkaa | P\u00e4\u00e4kirjoitus &#038; mielipide"},"content":{"rendered":"<p>Yhdysvallat hy\u00f6kk\u00e4si lauantaina Venezuelan p\u00e4\u00e4kaupunkiin Caracasiin ja vangitsi maan presidentin Nicol\u00e1s Maduron ja t\u00e4m\u00e4n vaimon Cilia Floresin. Hy\u00f6kk\u00e4ys oli yll\u00e4tys, joskin Yhdysvallat oli jo kuukausien ajan painostanut maata. Yhdysvaltojen presidentti Donald Trump pit\u00e4\u00e4 iskua huumeiden vastaisena toimena, mutta vahvana vaikuttimena hy\u00f6kk\u00e4ykselle on Venezuelan rikkaat \u00f6ljyvarannot. T\u00e4m\u00e4 tuli selv\u00e4ksi heti Trumpin ensimm\u00e4isiss\u00e4 puheissa tapahtumien j\u00e4lkeen.<\/p>\n<p>Yhdysvaltojen isku Venezuelaan huolestuttavasti vahvistaa suurvaltojen halua palata etupiiriajatteluun. Ven\u00e4j\u00e4 on t\u00e4ll\u00e4 retkell\u00e4\u00e4n jo pitemm\u00e4ll\u00e4 \u2013 siit\u00e4 ik\u00e4v\u00e4n\u00e4 osoituksena on Ukrainan sota. Etupiiriajattelussa suurvallat pyrkiv\u00e4t jakamaan muita maita sulle\u2013mulle-periaatteella. Jako ei v\u00e4ltt\u00e4m\u00e4tt\u00e4 ole sopuisaa, mutta toiminnan periaatteesta suurvallat voivat silti olla samanmielisi\u00e4. Ep\u00e4ilem\u00e4tt\u00e4 juuri siksi Trump ja Ven\u00e4j\u00e4n presidentti Vladimir Putin n\u00e4ytt\u00e4v\u00e4t tulevan hyvin toimeen kesken\u00e4\u00e4n.<\/p>\n","protected":false},"excerpt":{"rendered":"Yhdysvallat hy\u00f6kk\u00e4si lauantaina Venezuelan p\u00e4\u00e4kaupunkiin Caracasiin ja vangitsi maan presidentin Nicol\u00e1s Maduron ja t\u00e4m\u00e4n vaimon Cilia Floresin. Hy\u00f6kk\u00e4ys&hellip;\n","protected":false},"author":2,"featured_media":134337,"comment_status":"","ping_status":"","sticky":false,"template":"","format":"standard","meta":{"footnotes":""},"categories":[14],"tags":[22,23,19868,585,26,27,33,31,30,17,24,25,28,29,15,18,21,142,637,144,32,19,20,21377,56,16,2257,59,60,61],"class_list":{"0":"post-134336","1":"post","2":"type-post","3":"status-publish","4":"format-standard","5":"has-post-thumbnail","7":"category-ulkomaat","8":"tag-breaking-news","9":"tag-breakingnews","10":"tag-caracas","11":"tag-donald-trump","12":"tag-featured-news","13":"tag-featurednews","14":"tag-fi","15":"tag-finland","16":"tag-finnish","17":"tag-headlines","18":"tag-latest-news","19":"tag-latestnews","20":"tag-main-news","21":"tag-mainnews","22":"tag-news","23":"tag-otsikot","24":"tag-paauutiset","25":"tag-poliitikot","26":"tag-politiikka","27":"tag-presidentti","28":"tag-suomi","29":"tag-top-stories","30":"tag-topstories","31":"tag-ukrainan-kriisi","32":"tag-ulkomaat","33":"tag-uutiset","34":"tag-vladimir-putin","35":"tag-world","36":"tag-world-news","37":"tag-worldnews"},"share_on_mastodon":{"url":"https:\/\/pubeurope.com\/@fi\/115844276787779273","error":""},"_links":{"self":[{"href":"https:\/\/www.europesays.com\/fi\/wp-json\/wp\/v2\/posts\/134336","targetHints":{"allow":["GET"]}}],"collection":[{"href":"https:\/\/www.europesays.com\/fi\/wp-json\/wp\/v2\/posts"}],"about":[{"href":"https:\/\/www.europesays.com\/fi\/wp-json\/wp\/v2\/types\/post"}],"author":[{"embeddable":true,"href":"https:\/\/www.europesays.com\/fi\/wp-json\/wp\/v2\/users\/2"}],"replies":[{"embeddable":true,"href":"https:\/\/www.europesays.com\/fi\/wp-json\/wp\/v2\/comments?post=134336"}],"version-history":[{"count":0,"href":"https:\/\/www.europesays.com\/fi\/wp-json\/wp\/v2\/posts\/134336\/revisions"}],"wp:featuredmedia":[{"embeddable":true,"href":"https:\/\/www.europesays.com\/fi\/wp-json\/wp\/v2\/media\/134337"}],"wp:attachment":[{"href":"https:\/\/www.europesays.com\/fi\/wp-json\/wp\/v2\/media?parent=134336"}],"wp:term":[{"taxonomy":"category","embeddable":true,"href":"https:\/\/www.europesays.com\/fi\/wp-json\/wp\/v2\/categories?post=134336"},{"taxonomy":"post_tag","embeddable":true,"href":"https:\/\/www.europesays.com\/fi\/wp-json\/wp\/v2\/tags?post=134336"}],"curies":[{"name":"wp","href":"https:\/\/api.w.org\/{rel}","templated":true}]}}