{"id":134350,"date":"2026-01-05T20:24:17","date_gmt":"2026-01-05T20:24:17","guid":{"rendered":"https:\/\/www.europesays.com\/fi\/134350\/"},"modified":"2026-01-05T20:24:17","modified_gmt":"2026-01-05T20:24:17","slug":"vetoan-alkaa-ampuko-satakunnan-kansa","status":"publish","type":"post","link":"https:\/\/www.europesays.com\/fi\/134350\/","title":{"rendered":"Vetoan, \u00e4lk\u00e4\u00e4 ampuko! &#8211; Satakunnan Kansa"},"content":{"rendered":"<p>\u201dSudet eiv\u00e4t ole petoja, vaara tai saalis. Sudet ovat yksil\u00f6it\u00e4\u201d, kirjoittaja pohtii.<\/p>\n<p class=\"article-body mb-nof-24 px-nof-16\">Vuosi 2026 alkoi verisesti. Jo ensimm\u00e4isen\u00e4 vuorokautena tapettiin maassamme tusina sutta. Ja t\u00e4ysin syytt\u00e4.<\/p>\n<p class=\"article-body mb-nof-24 px-nof-16\">Susi, eik\u00e4 karhukaan, ole tappanut Suomessa ihmist\u00e4 yli sataan vuoteen. He pelk\u00e4\u00e4v\u00e4t ja v\u00e4lttelev\u00e4t ihmisi\u00e4. Susihavainnot ovat kasvussa, mutta ne eiv\u00e4t tarkoita vaaraa, vaan sit\u00e4, ett\u00e4 metsiemme el\u00e4imilt\u00e4 on riistetty mets\u00e4 ja siten luontainen ravinnonl\u00e4hde. J\u00e4ljell\u00e4 on en\u00e4\u00e4 hedelm\u00e4tt\u00f6mi\u00e4 puupeltoja, joista mets\u00e4nel\u00e4imet ovat pakotettuja l\u00e4htem\u00e4\u00e4n etsim\u00e4\u00e4n ruokaa ihmisasutuksilta.<\/p>\n<p class=\"article-body mb-nof-24 px-nof-16\">Sudet tappavat Suomessa vuosittain sadoittain kotiel\u00e4imi\u00e4 ja koiria, ja jokainen n\u00e4ist\u00e4 on toki ihmiselle harmistus. Mutta n\u00e4m\u00e4 muutamat sadat kuolemat eiv\u00e4t ole mit\u00e4\u00e4n siihen verrattuna, ett\u00e4 me ihmiset tapamme Suomessa vuosittain yli 80 miljoonaa el\u00e4int\u00e4 teurastamoilla \u2013 melkoinen kotiel\u00e4invahinko. Jos oikeasti v\u00e4litt\u00e4isimme kanssael\u00e4jiemme hyvinvoinnista, eik\u00f6 meid\u00e4n pikemminkin tulisi puuttua t\u00e4h\u00e4n massateurastukseen?<\/p>\n<p class=\"article-body mb-nof-24 px-nof-16\">Mik\u00e4li susien aiheuttamia kotiel\u00e4invahinkoja kuitenkin halutaan est\u00e4\u00e4, on v\u00e4hemm\u00e4n verinen l\u00e4hestymistapa s\u00e4hk\u00f6aitojen sek\u00e4 kova\u00e4\u00e4nisten asentaminen, sek\u00e4 luonnonvaraisten metsien suojeleminen.<\/p>\n<p class=\"article-body mb-nof-24 px-nof-16\">Susien lis\u00e4ksi mets\u00e4st\u00e4mme Suomessa l\u00e4hes kaikkea, mik\u00e4 liikkuu. T\u00e4m\u00e4, jos jokin, on luonnonvastaista. Parasta kannanhoitoa olisi turvata kaikille el\u00e4inlajeille Suomessa turvalliset elinolot, ja antaa peto- ja saalisel\u00e4inten sek\u00e4 rajallisten resurssien itse tasapainottaa itsens\u00e4.<\/p>\n<p class=\"article-body mb-nof-24 px-nof-16\">Sudet eiv\u00e4t ole petoja, vaara tai saalis. Sudet ovat yksil\u00f6it\u00e4, joilla on oma el\u00e4m\u00e4, halu el\u00e4\u00e4 ja oikeus el\u00e4\u00e4. Samoin my\u00f6s kaikilla muilla el\u00e4inyksil\u00f6ill\u00e4. Miksi emme k\u00e4ytt\u00e4isi suurta valtaamme lajienv\u00e4liseen empatiaan sen sijaan, ett\u00e4 alistamme kaikki muut lajit tahtoomme? T\u00e4t\u00e4k\u00f6 ihmisyys on?<\/p>\n<p class=\"article-body mb-nof-24 px-nof-16\">Asun Lapijoella, jossa mets\u00e4stys on vauhdissa. Vetoan, \u00e4lk\u00e4\u00e4 ampuko! Menk\u00e4\u00e4 kotiinne, rakastakaa l\u00e4heisi\u00e4nne ja kaunista luontoamme, \u00e4lk\u00e4\u00e4k\u00e4 lis\u00e4tk\u00f6 maailmaan v\u00e4kivaltaa ja tuskaa.<\/p>\n<p class=\"article-body mb-nof-24 px-nof-16\">Tiia Mattila<\/p>\n<p class=\"article-body mb-nof-24 px-nof-16\">Eurajoki<\/p>\n<blockquote class=\"p-[var(--citation-padding)] m-[var(--citation-margin)] border-y-[length:var(--citation-border-width)] border-y-[color:var(--citation-border-color)]\">\n<p>J\u00e4ljell\u00e4 on en\u00e4\u00e4 hedelm\u00e4tt\u00f6mi\u00e4 puupeltoja.<\/p>\n<\/blockquote>\n","protected":false},"excerpt":{"rendered":"\u201dSudet eiv\u00e4t ole petoja, vaara tai saalis. Sudet ovat yksil\u00f6it\u00e4\u201d, kirjoittaja pohtii. Vuosi 2026 alkoi verisesti. Jo ensimm\u00e4isen\u00e4&hellip;\n","protected":false},"author":2,"featured_media":134351,"comment_status":"","ping_status":"","sticky":false,"template":"","format":"standard","meta":{"footnotes":""},"categories":[112],"tags":[33,31,30,80,118,32,119],"class_list":{"0":"post-134350","1":"post","2":"type-post","3":"status-publish","4":"format-standard","5":"has-post-thumbnail","7":"category-tiede","8":"tag-fi","9":"tag-finland","10":"tag-finnish","11":"tag-satakunnan-kansa","12":"tag-science","13":"tag-suomi","14":"tag-tiede"},"share_on_mastodon":{"url":"https:\/\/pubeurope.com\/@fi\/115844367141295982","error":""},"_links":{"self":[{"href":"https:\/\/www.europesays.com\/fi\/wp-json\/wp\/v2\/posts\/134350","targetHints":{"allow":["GET"]}}],"collection":[{"href":"https:\/\/www.europesays.com\/fi\/wp-json\/wp\/v2\/posts"}],"about":[{"href":"https:\/\/www.europesays.com\/fi\/wp-json\/wp\/v2\/types\/post"}],"author":[{"embeddable":true,"href":"https:\/\/www.europesays.com\/fi\/wp-json\/wp\/v2\/users\/2"}],"replies":[{"embeddable":true,"href":"https:\/\/www.europesays.com\/fi\/wp-json\/wp\/v2\/comments?post=134350"}],"version-history":[{"count":0,"href":"https:\/\/www.europesays.com\/fi\/wp-json\/wp\/v2\/posts\/134350\/revisions"}],"wp:featuredmedia":[{"embeddable":true,"href":"https:\/\/www.europesays.com\/fi\/wp-json\/wp\/v2\/media\/134351"}],"wp:attachment":[{"href":"https:\/\/www.europesays.com\/fi\/wp-json\/wp\/v2\/media?parent=134350"}],"wp:term":[{"taxonomy":"category","embeddable":true,"href":"https:\/\/www.europesays.com\/fi\/wp-json\/wp\/v2\/categories?post=134350"},{"taxonomy":"post_tag","embeddable":true,"href":"https:\/\/www.europesays.com\/fi\/wp-json\/wp\/v2\/tags?post=134350"}],"curies":[{"name":"wp","href":"https:\/\/api.w.org\/{rel}","templated":true}]}}