{"id":134354,"date":"2026-01-05T20:27:06","date_gmt":"2026-01-05T20:27:06","guid":{"rendered":"https:\/\/www.europesays.com\/fi\/134354\/"},"modified":"2026-01-05T20:27:06","modified_gmt":"2026-01-05T20:27:06","slug":"kysely-trumpin-suosio-nousussa-mutta-vain-kolmannes-hyvaksyy-iskut-venezuelaan-uutisia-lyhyesti","status":"publish","type":"post","link":"https:\/\/www.europesays.com\/fi\/134354\/","title":{"rendered":"Kysely: Trumpin suosio nousussa, mutta vain kolmannes hyv\u00e4ksyy iskut Venezuelaan | Uutisia lyhyesti"},"content":{"rendered":"<p class=\"aw-1gybjub aw-5vja16 kEtdKx kmuxyA yle__article__paragraph\">Trumpin kannatus nousi kyselyss\u00e4 42 prosenttiin, mik\u00e4 on korkein lukema lokakuun j\u00e4lkeen. <\/p>\n<p>20:52\u2022P\u00e4ivitetty 20:55<\/p>\n<p class=\"aw-1gybjub aw-1p7kakr kEtdKx cEmitX yle__article__paragraph\">Vain 33 prosenttia amerikkalaisista hyv\u00e4ksyy Yhdysvaltojen sotilaallisen iskun Venezuelaan, kertoo uutistoimisto Reutersin Ipsoksella teett\u00e4m\u00e4 kysely. Per\u00e4ti 72 prosenttia on huolissaan siit\u00e4, ett\u00e4 Yhdysvallat sekaantuu liikaa Venezuelaan asioihin<\/p>\n<p class=\"aw-1gybjub aw-1p7kakr kEtdKx cEmitX yle__article__paragraph\">Kaksip\u00e4iv\u00e4isess\u00e4 kyselyss\u00e4 republikaaneista 65 prosenttia tuki presidentti <strong class=\"aw-ak79eh KyCXm yle__article__strong\">Donald Trumpin<\/strong> m\u00e4\u00e4r\u00e4\u00e4m\u00e4\u00e4 sotilasoperaatiota, demokraateista vain 11 prosenttia ja riippumattomista 23 prosenttia.<\/p>\n<p class=\"aw-1gybjub aw-1p7kakr kEtdKx cEmitX yle__article__paragraph\">Yhdysvaltain joukot iskiv\u00e4t p\u00e4\u00e4kaupunki Caracasiin ennen aamunkoittoa lauantaina, ja Venezuelan presidentti <strong class=\"aw-ak79eh KyCXm yle__article__strong\">Nicol\u00e1s Maduro<\/strong> siepattiin rajussa ratsiaiskussa. H\u00e4net luovutettiin liittovaltion viranomaisille, ja h\u00e4n esiintyi ensimm\u00e4ist\u00e4 kertaa oikeuden edess\u00e4 t\u00e4n\u00e4\u00e4n maanantaina.<\/p>\n<p class=\"aw-1gybjub aw-1p7kakr kEtdKx cEmitX yle__article__paragraph\">Trumpin kannatus nousi kyselyss\u00e4 42 prosenttiin, mik\u00e4 on korkein lukema lokakuun j\u00e4lkeen. Kyselyss\u00e4 haastateltiin 1 248 yhdysvaltalaista aikuista verkossa. Kyselyn virhemarginaali oli noin 3 prosenttiyksikk\u00f6\u00e4.<\/p>\n<p class=\"aw-1gybjub aw-1p7kakr kEtdKx cEmitX yle__article__paragraph\">L\u00e4hde: Reuters<\/p>\n","protected":false},"excerpt":{"rendered":"Trumpin kannatus nousi kyselyss\u00e4 42 prosenttiin, mik\u00e4 on korkein lukema lokakuun j\u00e4lkeen. 20:52\u2022P\u00e4ivitetty 20:55 Vain 33 prosenttia amerikkalaisista&hellip;\n","protected":false},"author":2,"featured_media":74,"comment_status":"","ping_status":"","sticky":false,"template":"","format":"standard","meta":{"footnotes":""},"categories":[14],"tags":[22,23,585,26,27,33,31,30,17,24,25,28,29,15,18,21,32,19,20,56,16,59,60,61,619,146],"class_list":{"0":"post-134354","1":"post","2":"type-post","3":"status-publish","4":"format-standard","5":"has-post-thumbnail","7":"category-ulkomaat","8":"tag-breaking-news","9":"tag-breakingnews","10":"tag-donald-trump","11":"tag-featured-news","12":"tag-featurednews","13":"tag-fi","14":"tag-finland","15":"tag-finnish","16":"tag-headlines","17":"tag-latest-news","18":"tag-latestnews","19":"tag-main-news","20":"tag-mainnews","21":"tag-news","22":"tag-otsikot","23":"tag-paauutiset","24":"tag-suomi","25":"tag-top-stories","26":"tag-topstories","27":"tag-ulkomaat","28":"tag-uutiset","29":"tag-world","30":"tag-world-news","31":"tag-worldnews","32":"tag-yhdysvallat","33":"tag-yhdysvaltain-presidentti"},"share_on_mastodon":{"url":"https:\/\/pubeurope.com\/@fi\/115844379003986863","error":""},"_links":{"self":[{"href":"https:\/\/www.europesays.com\/fi\/wp-json\/wp\/v2\/posts\/134354","targetHints":{"allow":["GET"]}}],"collection":[{"href":"https:\/\/www.europesays.com\/fi\/wp-json\/wp\/v2\/posts"}],"about":[{"href":"https:\/\/www.europesays.com\/fi\/wp-json\/wp\/v2\/types\/post"}],"author":[{"embeddable":true,"href":"https:\/\/www.europesays.com\/fi\/wp-json\/wp\/v2\/users\/2"}],"replies":[{"embeddable":true,"href":"https:\/\/www.europesays.com\/fi\/wp-json\/wp\/v2\/comments?post=134354"}],"version-history":[{"count":0,"href":"https:\/\/www.europesays.com\/fi\/wp-json\/wp\/v2\/posts\/134354\/revisions"}],"wp:featuredmedia":[{"embeddable":true,"href":"https:\/\/www.europesays.com\/fi\/wp-json\/wp\/v2\/media\/74"}],"wp:attachment":[{"href":"https:\/\/www.europesays.com\/fi\/wp-json\/wp\/v2\/media?parent=134354"}],"wp:term":[{"taxonomy":"category","embeddable":true,"href":"https:\/\/www.europesays.com\/fi\/wp-json\/wp\/v2\/categories?post=134354"},{"taxonomy":"post_tag","embeddable":true,"href":"https:\/\/www.europesays.com\/fi\/wp-json\/wp\/v2\/tags?post=134354"}],"curies":[{"name":"wp","href":"https:\/\/api.w.org\/{rel}","templated":true}]}}