{"id":134361,"date":"2026-01-05T20:41:08","date_gmt":"2026-01-05T20:41:08","guid":{"rendered":"https:\/\/www.europesays.com\/fi\/134361\/"},"modified":"2026-01-05T20:41:08","modified_gmt":"2026-01-05T20:41:08","slug":"sonja-kailassaari-teki-ilmoituksen-seuraajilta-yksimielinen-reaktio","status":"publish","type":"post","link":"https:\/\/www.europesays.com\/fi\/134361\/","title":{"rendered":"Sonja Kailassaari teki ilmoituksen \u2013 Seuraajilta yksimielinen reaktio"},"content":{"rendered":"<p>Sonja Kailassaari kertoo j\u00e4\u00e4v\u00e4ns\u00e4 hoitovapaalle.<\/p>\n<p><img decoding=\"async\" class=\"image image-show image-preview\" src=\"https:\/\/www.europesays.com\/fi\/wp-content\/uploads\/2026\/01\/99c0743891b77b2e4eae24d8945bd4f6dcc58f3eff433dc37a1c2d8bcb4a9d5d.jpg\" alt=\"\"\/><img decoding=\"async\" class=\"image image-show\" src=\"https:\/\/www.europesays.com\/fi\/wp-content\/uploads\/2026\/01\/1767645668_192_99c0743891b77b2e4eae24d8945bd4f6dcc58f3eff433dc37a1c2d8bcb4a9d5d.jpg\" alt=\"\"\/><\/p>\n<p>Sonja Kailassaari on juontanut Efter Nio -ohjelmaa vuodesta 2014 l\u00e4htien. Inka Soveri<\/p>\n<p class=\"paragraph\">Efter Nio -ohjelman juontaja <a href=\"https:\/\/www.iltalehti.fi\/henkilot\/Sonja Kailassaari\" class=\"article-link-person-page\" rel=\"nofollow noopener\" target=\"_blank\">Sonja Kailassaari<\/a> j\u00e4\u00e4 hoitovapaalle. H\u00e4n kertoo asiasta tekem\u00e4ss\u00e4\u00e4n Instagram-p\u00e4ivityksess\u00e4.<\/p>\n<p class=\"paragraph\">\u2013 T\u00e4n\u00e4\u00e4n kauden viimeinen Efter Nio. Ja omani v\u00e4h\u00e4\u00e4n aikaan. J\u00e4\u00e4n nyt vuodenvaihteesta hoitovapaalle syksyyn asti. Haluan pys\u00e4hty\u00e4 hetkeksi ja p\u00e4\u00e4st\u00e4 seuraamaan tuota 2,5 vuotiasta tyyppi\u00e4, joka kasvaa liian nopeasti, h\u00e4n kirjoittaa syd\u00e4men kera.<\/p>\n<p class=\"paragraph\">Kailassaarella on 2-vuotias lapsi n\u00e4yttelij\u00e4 <a href=\"https:\/\/www.iltalehti.fi\/henkilot\/Aku Hirviniemi\" class=\"article-link-person-page\" rel=\"nofollow noopener\" target=\"_blank\">Aku Hirviniemen<\/a> kanssa.<\/p>\n<p class=\"paragraph\">Jos julkaisu ei n\u00e4y, voit katsoa sen <a href=\"https:\/\/www.instagram.com\/p\/DTI4c-eDVho\/?img_index=1\" target=\"_blank\" rel=\"noopener nofollow\">t\u00e4st\u00e4<\/a>.<\/p>\n<p class=\"paragraph\">Kailassaari lis\u00e4si Instagramiin kuvia, joissa h\u00e4n poseeraa yhdess\u00e4 ohjelman ty\u00f6ntekij\u00f6iden kanssa.<\/p>\n<p class=\"paragraph\">\u2013 T\u00e4ss\u00e4 kuvassa osa meid\u00e4n Efter Nio -tiimi\u00e4. Mahtavat ja ammattitaitoiset tyypit! Joidenkin kanssa ollaan v\u00e4\u00e4nnetty jo vuodesta 2010. Puss p\u00e5 er.<\/p>\n<p class=\"paragraph\">H\u00e4nen tuuraajanaan ohjelmassa toimii toimittaja <a href=\"https:\/\/www.iltalehti.fi\/henkilot\/Eva Kela\" class=\"article-link-person-page\" rel=\"nofollow noopener\" target=\"_blank\">Eva Kela<\/a>. Sama henkil\u00f6, joka tuurasi Kailassaarta h\u00e4nen j\u00e4\u00e4dess\u00e4\u00e4n vanhempainvapaalle vuonna 2023. Julkaisun kommenttikent\u00e4ss\u00e4 fanit suhtautuvat Kailassaaren p\u00e4\u00e4t\u00f6kseen my\u00f6nteisesti.<\/p>\n<p class=\"paragraph\">\u2013 Lapset kasvaa niin \u00e4kki\u00e4 ja heid\u00e4n kanssa haluaa varmasti viett\u00e4\u00e4 aikaa. Nauti t\u00e4st\u00e4 ajasta! Oikein hyvi\u00e4 vapaita sulle!<\/p>\n<p class=\"paragraph\">\u2013 Hyv\u00e4 p\u00e4\u00e4t\u00f6s! Ehtii niit\u00e4 t\u00f6it\u00e4 taas tekem\u00e4\u00e4n&#8230;<\/p>\n<p class=\"paragraph\">\u2013 Ihana p\u00e4\u00e4t\u00f6s Sonja. Olet ihan paras.<\/p>\n<p class=\"paragraph\">\u2013 Hieno p\u00e4\u00e4t\u00f6s, Sonja! Tule sitten takaisin! Jag kan inte f\u00f6rb\u00e4ttra mitt svenska utan dig.<\/p>\n<p class=\"paragraph\">Sonja Kailassaari j\u00e4i enismm\u00e4isen kerran pois Efter Nio -ohjelmasta kes\u00e4kuussa 2023 vanhempainvapaan vuoksi. H\u00e4n palasi ohjelmaan elokuussa 2024. H\u00e4n on juontanut ohjelmaa sen alkuajoista l\u00e4htien, vuodesta 2014.<\/p>\n<p><script async src=\"\/\/www.instagram.com\/embed.js\"><\/script><\/p>\n","protected":false},"excerpt":{"rendered":"Sonja Kailassaari kertoo j\u00e4\u00e4v\u00e4ns\u00e4 hoitovapaalle. Sonja Kailassaari on juontanut Efter Nio -ohjelmaa vuodesta 2014 l\u00e4htien. Inka Soveri Efter&hellip;\n","protected":false},"author":2,"featured_media":134362,"comment_status":"","ping_status":"","sticky":false,"template":"","format":"standard","meta":{"footnotes":""},"categories":[136],"tags":[35,407,137,33,31,30,101,408,99,100,98,32,140,109],"class_list":{"0":"post-134361","1":"post","2":"type-post","3":"status-publish","4":"format-standard","5":"has-post-thumbnail","7":"category-julkkikset","8":"tag-24h","9":"tag-celebrities","10":"tag-entertainment","11":"tag-fi","12":"tag-finland","13":"tag-finnish","14":"tag-ihmissuhteet","15":"tag-julkkikset","16":"tag-lapset","17":"tag-lapset-ja-nuoret","18":"tag-perhe","19":"tag-suomi","20":"tag-tv-ja-elokuvat","21":"tag-viihde"},"share_on_mastodon":{"url":"https:\/\/pubeurope.com\/@fi\/115844434006709657","error":""},"_links":{"self":[{"href":"https:\/\/www.europesays.com\/fi\/wp-json\/wp\/v2\/posts\/134361","targetHints":{"allow":["GET"]}}],"collection":[{"href":"https:\/\/www.europesays.com\/fi\/wp-json\/wp\/v2\/posts"}],"about":[{"href":"https:\/\/www.europesays.com\/fi\/wp-json\/wp\/v2\/types\/post"}],"author":[{"embeddable":true,"href":"https:\/\/www.europesays.com\/fi\/wp-json\/wp\/v2\/users\/2"}],"replies":[{"embeddable":true,"href":"https:\/\/www.europesays.com\/fi\/wp-json\/wp\/v2\/comments?post=134361"}],"version-history":[{"count":0,"href":"https:\/\/www.europesays.com\/fi\/wp-json\/wp\/v2\/posts\/134361\/revisions"}],"wp:featuredmedia":[{"embeddable":true,"href":"https:\/\/www.europesays.com\/fi\/wp-json\/wp\/v2\/media\/134362"}],"wp:attachment":[{"href":"https:\/\/www.europesays.com\/fi\/wp-json\/wp\/v2\/media?parent=134361"}],"wp:term":[{"taxonomy":"category","embeddable":true,"href":"https:\/\/www.europesays.com\/fi\/wp-json\/wp\/v2\/categories?post=134361"},{"taxonomy":"post_tag","embeddable":true,"href":"https:\/\/www.europesays.com\/fi\/wp-json\/wp\/v2\/tags?post=134361"}],"curies":[{"name":"wp","href":"https:\/\/api.w.org\/{rel}","templated":true}]}}