{"id":134371,"date":"2026-01-05T20:53:08","date_gmt":"2026-01-05T20:53:08","guid":{"rendered":"https:\/\/www.europesays.com\/fi\/134371\/"},"modified":"2026-01-05T20:53:08","modified_gmt":"2026-01-05T20:53:08","slug":"vakivaltaiset-protestit-leviavat-iranissa-ulkoministerio-kommentoi","status":"publish","type":"post","link":"https:\/\/www.europesays.com\/fi\/134371\/","title":{"rendered":"V\u00e4kivaltaiset protestit levi\u00e4v\u00e4t Iranissa \u2013 Ulkoministeri\u00f6 kommentoi"},"content":{"rendered":"<p>Ministeri\u00f6n mukaan luotettavan tilannekuvan saaminen on eritt\u00e4in vaikeata.<\/p>\n<p class=\"paragraph\">Teheranissa 28.12.2025 alkaneet mielenosoitukset ovat levinneet useisiin kaupunkeihin ymp\u00e4ri Irania.<\/p>\n<p class=\"paragraph\">\u2013 Mielenosoitukset jatkuvat ja ovat paikoin yltyneet v\u00e4kivaltaisiksi. Tilanne voi muuttua nopeasti ja ennakoimattomasti. Seuraa viranomaisten ohjeita ja mediaa. V\u00e4lt\u00e4 suuria v\u00e4kijoukkoja ja mahdollisia mielenosoituksia. Tietoliikenneverkkojen toiminnassa voi olla h\u00e4iri\u00f6it\u00e4, ulkoministeri\u00f6 (UM) kertoo maanantaina p\u00e4ivitetyss\u00e4 matkustajatiedotteessaan.<\/p>\n<p><img decoding=\"async\" class=\"image image-show image-preview\" src=\"https:\/\/www.europesays.com\/fi\/wp-content\/uploads\/2026\/01\/e0319847768f8d43ef91e5b23a3cea856f2a8094e9aaf7ec68c1634e2c148efb.jpg\" alt=\"\"\/><img decoding=\"async\" class=\"image image-show\" src=\"https:\/\/www.europesays.com\/fi\/wp-content\/uploads\/2026\/01\/1767646388_589_e0319847768f8d43ef91e5b23a3cea856f2a8094e9aaf7ec68c1634e2c148efb.jpg\" alt=\"\"\/><\/p>\n<p>Kuvituskuva. Ulkoministeri\u00f6n toimitilat sijaitsevat Helsingin Katajanokilla. OUTI J\u00c4RVINEN<\/p>\n<p class=\"paragraph\">Iranin turvallisuustasosta UM toteaa: \u201dV\u00e4lt\u00e4 kaikkea matkustamista\u201d.<\/p>\n<p class=\"paragraph\">Maassa oleskelevia suomalaisia UM kehottaa harkitsemaan oman oleskelun tarpeellisuutta Iranissa sek\u00e4 etsim\u00e4\u00e4n aktiivisesti vaihtoehtoja maasta poistumiseen.<\/p>\n<p class=\"paragraph\">\u2013 Seuraa aktiivisesti paikallisviranomaisten ja lentoyhti\u00f6iden tiedotusta lentokent\u00e4n toiminnasta. Paikallisviranomaiset voivat sulkea lentokent\u00e4n \u00e4killisesti turvallisuustilanteen mukaan. Mik\u00e4li lentoyhteydet katkeavat, vaikeutuu maasta poistuminen, ohje kuuluu.<\/p>\n<p class=\"paragraph\">Viranomaisp\u00e4\u00e4t\u00f6s sosiaalisen median ja internetin k\u00e4yt\u00f6n rajoittamisesta lis\u00e4\u00e4 UM:n mukaan ep\u00e4varmuutta ja ep\u00e4tietoisuutta sek\u00e4 vaikeuttaa yhteydenpitoa erityisesti Iranin ulkopuolelle.<\/p>\n<p>Iranissa on j\u00e4rjestetty maan suurimpia mielenosoituksia vuosiin. ZumaWire \/ MVPHOTOS<\/p>\n<p>UM: Lentoihin sis\u00e4ltyy merkitt\u00e4v\u00e4\u00e4 ep\u00e4varmuutta<\/p>\n<p class=\"paragraph\">Yleisen turvallisuustilanteen heikentymisen takia lentoyhteyksien toimimiseen sis\u00e4ltyy UM:n mukaan merkitt\u00e4v\u00e4\u00e4 ep\u00e4varmuutta.<\/p>\n<p class=\"paragraph\">\u2013 Suomen passilla p\u00e4\u00e4see ilman viisumia Turkkiin ja Armeniaan, muilla matkustusasiakirjoilla matkustettaessa tarkista eri maiden viisumis\u00e4\u00e4nn\u00f6kset, UM ohjeistaa.<\/p>\n<p class=\"paragraph\">Ministeri\u00f6n mukaan luotettavan tilannekuvan saaminen on eritt\u00e4in vaikeata.<\/p>\n<p class=\"paragraph\">\u2013 K\u00e4rjistynyt tilanne voi my\u00f6s johtaa lis\u00e4\u00e4ntyv \u00e4\u00e4n ulkomaalaisvastaisuuteen Iranissa. Konsuliavun antaminen saattaa olla hyvin vaikeaa, sill\u00e4 tiedon saaminen kansalaisten tilanteesta tai p\u00e4\u00e4sy kansalaisen luo saattaa kest\u00e4\u00e4 pitk\u00e4\u00e4n. Iran ei tunnusta kaksoiskansalaisuutta, mink\u00e4 vuoksi kaksoiskansalaisten auttaminen ongelmatilanteissa voi olla jopa mahdotonta, UM varoittaa.<\/p>\n","protected":false},"excerpt":{"rendered":"Ministeri\u00f6n mukaan luotettavan tilannekuvan saaminen on eritt\u00e4in vaikeata. Teheranissa 28.12.2025 alkaneet mielenosoitukset ovat levinneet useisiin kaupunkeihin ymp\u00e4ri Irania.&hellip;\n","protected":false},"author":2,"featured_media":134372,"comment_status":"","ping_status":"","sticky":false,"template":"","format":"standard","meta":{"footnotes":""},"categories":[14],"tags":[35,22,23,26,27,33,31,30,17,53,24,25,2910,28,29,15,18,21,637,32,19,20,546,56,16,4645,59,60,61],"class_list":{"0":"post-134371","1":"post","2":"type-post","3":"status-publish","4":"format-standard","5":"has-post-thumbnail","7":"category-ulkomaat","8":"tag-24h","9":"tag-breaking-news","10":"tag-breakingnews","11":"tag-featured-news","12":"tag-featurednews","13":"tag-fi","14":"tag-finland","15":"tag-finnish","16":"tag-headlines","17":"tag-laki-oikeus-ja-rikos","18":"tag-latest-news","19":"tag-latestnews","20":"tag-lentoliikenne-ilmaliikenne","21":"tag-main-news","22":"tag-mainnews","23":"tag-news","24":"tag-otsikot","25":"tag-paauutiset","26":"tag-politiikka","27":"tag-suomi","28":"tag-top-stories","29":"tag-topstories","30":"tag-turvallisuus","31":"tag-ulkomaat","32":"tag-uutiset","33":"tag-viranomaiset","34":"tag-world","35":"tag-world-news","36":"tag-worldnews"},"share_on_mastodon":{"url":"https:\/\/pubeurope.com\/@fi\/115844481281235151","error":""},"_links":{"self":[{"href":"https:\/\/www.europesays.com\/fi\/wp-json\/wp\/v2\/posts\/134371","targetHints":{"allow":["GET"]}}],"collection":[{"href":"https:\/\/www.europesays.com\/fi\/wp-json\/wp\/v2\/posts"}],"about":[{"href":"https:\/\/www.europesays.com\/fi\/wp-json\/wp\/v2\/types\/post"}],"author":[{"embeddable":true,"href":"https:\/\/www.europesays.com\/fi\/wp-json\/wp\/v2\/users\/2"}],"replies":[{"embeddable":true,"href":"https:\/\/www.europesays.com\/fi\/wp-json\/wp\/v2\/comments?post=134371"}],"version-history":[{"count":0,"href":"https:\/\/www.europesays.com\/fi\/wp-json\/wp\/v2\/posts\/134371\/revisions"}],"wp:featuredmedia":[{"embeddable":true,"href":"https:\/\/www.europesays.com\/fi\/wp-json\/wp\/v2\/media\/134372"}],"wp:attachment":[{"href":"https:\/\/www.europesays.com\/fi\/wp-json\/wp\/v2\/media?parent=134371"}],"wp:term":[{"taxonomy":"category","embeddable":true,"href":"https:\/\/www.europesays.com\/fi\/wp-json\/wp\/v2\/categories?post=134371"},{"taxonomy":"post_tag","embeddable":true,"href":"https:\/\/www.europesays.com\/fi\/wp-json\/wp\/v2\/tags?post=134371"}],"curies":[{"name":"wp","href":"https:\/\/api.w.org\/{rel}","templated":true}]}}