{"id":134376,"date":"2026-01-05T21:07:07","date_gmt":"2026-01-05T21:07:07","guid":{"rendered":"https:\/\/www.europesays.com\/fi\/134376\/"},"modified":"2026-01-05T21:07:07","modified_gmt":"2026-01-05T21:07:07","slug":"ylen-juontaja-pienennytti-rintansa","status":"publish","type":"post","link":"https:\/\/www.europesays.com\/fi\/134376\/","title":{"rendered":"Ylen juontaja pienennytti rintansa"},"content":{"rendered":"<p>Ylex:n radiojuontaja Melina \u201dMellu\u201d M\u00e4kel\u00e4 kertoo Iltalehdelle tarkemmin operaatiostaan.<\/p>\n<p><img decoding=\"async\" class=\"image image-show image-preview\" src=\"https:\/\/www.europesays.com\/fi\/wp-content\/uploads\/2026\/01\/19c308922a564e499e21fefb7f7e94fdafaadfb7767c9ef1d3988b3259a36787.jpg\" alt=\"\"\/><img decoding=\"async\" class=\"image image-show\" src=\"https:\/\/www.europesays.com\/fi\/wp-content\/uploads\/2026\/01\/1767647227_269_19c308922a564e499e21fefb7f7e94fdafaadfb7767c9ef1d3988b3259a36787.jpg\" alt=\"\"\/><\/p>\n<p>Melina M\u00e4kel\u00e4 juontaa Ylex:n iltap\u00e4iv\u00e4\u00e4. MATTI MATIKAINEN<\/p>\n<p class=\"paragraph\">Ylex:n radiojuontaja <strong>Melina \u201dMellu\u201d M\u00e4kel\u00e4<\/strong> k\u00e4vi joulukuussa rintojenpienennysleikkauksessa.<\/p>\n<p class=\"paragraph\">Sairaalasta kotiuduttuaan M\u00e4kel\u00e4 kertoi Iltalehdelle, ett\u00e4 leikkaus tehtiin julkisessa sairaalassa. M\u00e4kel\u00e4\u00e4 j\u00e4nnitti operaatiossa eniten nukuttaminen, jota h\u00e4nelle ei ole koskaan aikaisemmin tehty.<\/p>\n<p class=\"paragraph\">Juontaja sanoo odottaneensa leikkaukseen p\u00e4\u00e4sy\u00e4 kauan ja p\u00e4\u00e4si viimeinkin operaatioon, kun joku oli perunut oman aikansa. H\u00e4n on halunnut rintojenpienennysleikkaukseen jo nuoresta saakka.<\/p>\n<p class=\"paragraph\">\u2013 Terveydellisist\u00e4 syist\u00e4. Urheilu ja liikkuminen olisi helpompaa ja kevyemp\u00e4\u00e4 ja pystyisin juosta. Eik\u00e4 olisi niin hirveit\u00e4 niska-, selk\u00e4- tai hartiakipuja tai p\u00e4\u00e4ns\u00e4rkyj\u00e4, juontaja avaa.<\/p>\n<p class=\"paragraph\">\u2013 Rintojen koko vaikuttaa my\u00f6s urheiluun. Jos olen mennyt esimerkiksi juoksemaan, ovathan ne [rinnat] olleet aina kipe\u00e4n\u00e4, h\u00e4n lis\u00e4\u00e4.<\/p>\n<p>Melina &#8221;Mellu&#8221; M\u00e4kel\u00e4 kertoo saaneensa kiitosta siit\u00e4, ett\u00e4 on puhunut leikkauksestaan avoimesti sosiaalisessa mediassa. Joanna Tzortzis<\/p>\n<p class=\"paragraph\">M\u00e4kel\u00e4 ei halua paljastaa rintojensa kuppikokoa ennen tai j\u00e4lkeen leikkauksen, mutta toteaa halunneensa pienemm\u00e4t rinnat ja \u201dsit\u00e4 saatiin\u201d. M\u00e4kel\u00e4 kertoo h\u00e4nen kumppaninsa suhtautuneen leikkaukseensa ymm\u00e4rt\u00e4v\u00e4isesti.<\/p>\n<p class=\"paragraph\">\u2013 H\u00e4n ajatteli, ett\u00e4 jos se on toiveeni ja se auttaisi minua terveydellisesti, niin se on tietysti hyv\u00e4 asia minulle. Tietysti h\u00e4n on ollut tukena t\u00e4ss\u00e4.<\/p>\n<p class=\"paragraph\">P\u00e4\u00e4sty\u00e4\u00e4n kotiin M\u00e4kel\u00e4 sai l\u00e4\u00e4k\u00e4rilt\u00e4 hoito-ohjeita, joihin kuului haavojenhoitoa ja lepoa. Lis\u00e4ksi juontaja sai 4\u20136 viikon urheilukiellon k\u00e4vely\u00e4 lukuun ottamatta. H\u00e4n ei my\u00f6sk\u00e4\u00e4n saanut kuukauteen nostaa mit\u00e4\u00e4n yli kolmea kiloa painavaa.<\/p>\n<p class=\"paragraph\">\u2013 Minun pit\u00e4\u00e4 nukkua sel\u00e4ll\u00e4ni, mik\u00e4 toki tuotti haasteita. Mutta pikkuhiljaa se alkoi luonnistua. Minulla on u-mallinen unityyny, joka on todella hyv\u00e4, h\u00e4n kertoi toipumisestaan leikkauksen j\u00e4lkeen.<\/p>\n<p>Melina M\u00e4kel\u00e4 p\u00e4\u00e4tyi leikkaukseen terveydellisist\u00e4 syist\u00e4. MATTI MATIKAINEN<\/p>\n<p class=\"paragraph\">M\u00e4kel\u00e4 haluaa puhua avoimesti operaatiostaan, koska tiet\u00e4\u00e4 monien haluavan kyseiseen leikkaukseen.<\/p>\n<p class=\"paragraph\">\u2013 He eiv\u00e4t ole ehk\u00e4 uskaltaneet edet\u00e4 asian suhteen. Se prosessi on v\u00e4h\u00e4n k\u00e4hm\u00e4inen, niin ihmiset miettiv\u00e4t, p\u00e4\u00e4seek\u00f6 leikkaukseen ja mitk\u00e4 ovat ne kriteerit, juontaja kertoo.<\/p>\n<p class=\"paragraph\">\u2013 Tietenk\u00e4\u00e4n t\u00e4ss\u00e4 vaiheessa en viel\u00e4 voi sanoa, suosittelenko t\u00e4t\u00e4 vai en. Jokaisella on oma henkil\u00f6kohtainen kokemus, ja olen itse vasta toipumisvaiheessa. Toistaiseksi uskon, ett\u00e4 tulen olemaan aika onnellinen t\u00e4st\u00e4 muutoksesta, h\u00e4n sanoo lopuksi.<\/p>\n","protected":false},"excerpt":{"rendered":"Ylex:n radiojuontaja Melina \u201dMellu\u201d M\u00e4kel\u00e4 kertoo Iltalehdelle tarkemmin operaatiostaan. Melina M\u00e4kel\u00e4 juontaa Ylex:n iltap\u00e4iv\u00e4\u00e4. MATTI MATIKAINEN Ylex:n radiojuontaja&hellip;\n","protected":false},"author":2,"featured_media":134377,"comment_status":"","ping_status":"","sticky":false,"template":"","format":"standard","meta":{"footnotes":""},"categories":[136],"tags":[35,407,137,33,31,30,408,6327,501,2461,32,502,167,109],"class_list":{"0":"post-134376","1":"post","2":"type-post","3":"status-publish","4":"format-standard","5":"has-post-thumbnail","7":"category-julkkikset","8":"tag-24h","9":"tag-celebrities","10":"tag-entertainment","11":"tag-fi","12":"tag-finland","13":"tag-finnish","14":"tag-julkkikset","15":"tag-kirurgia","16":"tag-laakaripalvelut","17":"tag-sairaalat-ja-terveyskeskukset","18":"tag-suomi","19":"tag-terveydenhoito","20":"tag-terveys","21":"tag-viihde"},"share_on_mastodon":{"url":"https:\/\/pubeurope.com\/@fi\/115844536235034594","error":""},"_links":{"self":[{"href":"https:\/\/www.europesays.com\/fi\/wp-json\/wp\/v2\/posts\/134376","targetHints":{"allow":["GET"]}}],"collection":[{"href":"https:\/\/www.europesays.com\/fi\/wp-json\/wp\/v2\/posts"}],"about":[{"href":"https:\/\/www.europesays.com\/fi\/wp-json\/wp\/v2\/types\/post"}],"author":[{"embeddable":true,"href":"https:\/\/www.europesays.com\/fi\/wp-json\/wp\/v2\/users\/2"}],"replies":[{"embeddable":true,"href":"https:\/\/www.europesays.com\/fi\/wp-json\/wp\/v2\/comments?post=134376"}],"version-history":[{"count":0,"href":"https:\/\/www.europesays.com\/fi\/wp-json\/wp\/v2\/posts\/134376\/revisions"}],"wp:featuredmedia":[{"embeddable":true,"href":"https:\/\/www.europesays.com\/fi\/wp-json\/wp\/v2\/media\/134377"}],"wp:attachment":[{"href":"https:\/\/www.europesays.com\/fi\/wp-json\/wp\/v2\/media?parent=134376"}],"wp:term":[{"taxonomy":"category","embeddable":true,"href":"https:\/\/www.europesays.com\/fi\/wp-json\/wp\/v2\/categories?post=134376"},{"taxonomy":"post_tag","embeddable":true,"href":"https:\/\/www.europesays.com\/fi\/wp-json\/wp\/v2\/tags?post=134376"}],"curies":[{"name":"wp","href":"https:\/\/api.w.org\/{rel}","templated":true}]}}