{"id":134391,"date":"2026-01-05T21:32:06","date_gmt":"2026-01-05T21:32:06","guid":{"rendered":"https:\/\/www.europesays.com\/fi\/134391\/"},"modified":"2026-01-05T21:32:06","modified_gmt":"2026-01-05T21:32:06","slug":"clicks-communicator-puhelin-tarjoaa-fyysisen-nappaimiston-eika-kuulokeliitintakaa-unohdettu","status":"publish","type":"post","link":"https:\/\/www.europesays.com\/fi\/134391\/","title":{"rendered":"Clicks Communicator -puhelin tarjoaa fyysisen n\u00e4pp\u00e4imist\u00f6n, eik\u00e4 kuulokeliitint\u00e4k\u00e4\u00e4 unohdettu"},"content":{"rendered":"<p>Clicks on julkistanut CES 2026 -messujen alla Clicks Communicator -\u00e4lypuhelimen, joka nojaa vahvasti BlackBerry-henkiseen muotoiluun ja fyysiseen n\u00e4pp\u00e4imist\u00f6\u00f6n.<\/p>\n<p>Clicks Communicator on suunnattu k\u00e4ytt\u00e4jille, jotka kaipaavat kosketusn\u00e4yt\u00f6n rinnalle oikeita n\u00e4pp\u00e4imi\u00e4 ja selke\u00e4\u00e4 tuottavuuspainotusta.<\/p>\n<p>Puhelimessa on 4,03-tuumainen AMOLED-n\u00e4ytt\u00f6 (1080 \u00d7 1200 pikseli\u00e4) sek\u00e4 kosketusherkk\u00e4 fyysinen n\u00e4pp\u00e4imist\u00f6, jota voi k\u00e4ytt\u00e4\u00e4 my\u00f6s selaamiseen ja k\u00e4ytt\u00f6liittym\u00e4ss\u00e4 liikkumiseen. Android 16 -k\u00e4ytt\u00f6j\u00e4rjestelm\u00e4ss\u00e4 py\u00f6rii r\u00e4\u00e4t\u00e4l\u00f6ity Niagara Launcher, joka rajoittaa sovellusvalikoiman viestint\u00e4- ja ty\u00f6kalusovelluksiin, kuten WhatsAppiin, Slackiin, Telegramiin ja Gmailiin.<\/p>\n<p>Yksi erikoisimmista ominaisuuksista on puhelimen kyljess\u00e4 oleva Signal Light -ilmoitusvalo, jolle k\u00e4ytt\u00e4j\u00e4 voi m\u00e4\u00e4ritt\u00e4\u00e4 eri v\u00e4rej\u00e4 ja vilkkumiskuvioita sovellus- tai kontaktikohtaisesti. Samasta painikkeesta voi my\u00f6s sanella viestej\u00e4 tai tallentaa pikamuistioita \u00e4\u00e4nell\u00e4.<\/p>\n<p>Kamerapuolella Clicks Communicator tarjoaa 50 megapikselin p\u00e4\u00e4kameran optisella kuvanvakaimella sek\u00e4 24 megapikselin etukameran. Akun kapasiteetti on 4 000 mAh, ja se tukee Qi2-langattoman latauksen lis\u00e4ksi USB-C:t\u00e4. Varusteluun kuuluvat my\u00f6s 3,5 mm kuulokeliit\u00e4nt\u00e4, kaksois-SIM 5G-tuella, Bluetooth 5.4, NFC ja Wi-Fi 6. Tallennustilaa on 256 gigatavua, ja sit\u00e4 voi laajentaa microSD-kortilla.<\/p>\n<p>Laite painaa 170 grammaa ja on 12 mm paksu. Muita yksityiskohtia ovat fyysinen tappokytkin, ohjelmoitava Clicks-pikan\u00e4pp\u00e4in, 4 nm:n MediaTek-suoritin sek\u00e4 vaihdettavat takakuoret.<\/p>\n<p><a href=\"https:\/\/clicksphone.com\/en\/communicator\" target=\"_blank\" rel=\"noreferrer noopener nofollow\">Clicks Communicator tulee myyntiin<\/a> my\u00f6hemmin t\u00e4n\u00e4 vuonna 499 dollarin hintaan, mutta ennakkovaraajille hinta on 399 dollaria. V\u00e4rivaihtoehdot ovat Clover, Onyx ja Smoke.<\/p>\n","protected":false},"excerpt":{"rendered":"Clicks on julkistanut CES 2026 -messujen alla Clicks Communicator -\u00e4lypuhelimen, joka nojaa vahvasti BlackBerry-henkiseen muotoiluun ja fyysiseen n\u00e4pp\u00e4imist\u00f6\u00f6n.&hellip;\n","protected":false},"author":2,"featured_media":134392,"comment_status":"","ping_status":"","sticky":false,"template":"","format":"standard","meta":{"footnotes":""},"categories":[85],"tags":[33,31,30,419,418,843,32,91,92],"class_list":{"0":"post-134391","1":"post","2":"type-post","3":"status-publish","4":"format-standard","5":"has-post-thumbnail","7":"category-mobiili","8":"tag-fi","9":"tag-finland","10":"tag-finnish","11":"tag-mobiili","12":"tag-mobile","13":"tag-puhelimet","14":"tag-suomi","15":"tag-technology","16":"tag-teknologia"},"share_on_mastodon":{"url":"https:\/\/pubeurope.com\/@fi\/115844634705891402","error":""},"_links":{"self":[{"href":"https:\/\/www.europesays.com\/fi\/wp-json\/wp\/v2\/posts\/134391","targetHints":{"allow":["GET"]}}],"collection":[{"href":"https:\/\/www.europesays.com\/fi\/wp-json\/wp\/v2\/posts"}],"about":[{"href":"https:\/\/www.europesays.com\/fi\/wp-json\/wp\/v2\/types\/post"}],"author":[{"embeddable":true,"href":"https:\/\/www.europesays.com\/fi\/wp-json\/wp\/v2\/users\/2"}],"replies":[{"embeddable":true,"href":"https:\/\/www.europesays.com\/fi\/wp-json\/wp\/v2\/comments?post=134391"}],"version-history":[{"count":0,"href":"https:\/\/www.europesays.com\/fi\/wp-json\/wp\/v2\/posts\/134391\/revisions"}],"wp:featuredmedia":[{"embeddable":true,"href":"https:\/\/www.europesays.com\/fi\/wp-json\/wp\/v2\/media\/134392"}],"wp:attachment":[{"href":"https:\/\/www.europesays.com\/fi\/wp-json\/wp\/v2\/media?parent=134391"}],"wp:term":[{"taxonomy":"category","embeddable":true,"href":"https:\/\/www.europesays.com\/fi\/wp-json\/wp\/v2\/categories?post=134391"},{"taxonomy":"post_tag","embeddable":true,"href":"https:\/\/www.europesays.com\/fi\/wp-json\/wp\/v2\/tags?post=134391"}],"curies":[{"name":"wp","href":"https:\/\/api.w.org\/{rel}","templated":true}]}}