{"id":134393,"date":"2026-01-05T21:33:07","date_gmt":"2026-01-05T21:33:07","guid":{"rendered":"https:\/\/www.europesays.com\/fi\/134393\/"},"modified":"2026-01-05T21:33:07","modified_gmt":"2026-01-05T21:33:07","slug":"keuhkosyopaan-sairastunut-barry-manilow-paivitti-vointiaan","status":"publish","type":"post","link":"https:\/\/www.europesays.com\/fi\/134393\/","title":{"rendered":"Keuhkosy\u00f6p\u00e4\u00e4n sairastunut Barry Manilow p\u00e4ivitti vointiaan"},"content":{"rendered":"<p><strong class=\"typography-bold\">Keuhkosy\u00f6p\u00e4\u00e4n sairastunut Barry Manilow julkaisi selfien sairasvuoteelta.<\/strong><\/p>\n<p>Rakastettu muusikko <a class=\"cursor-pointer underline\" data-testid=\"internal-link\" role=\"link\" data-sentry-element=\"Link\" data-sentry-component=\"InternalLink\" data-sentry-source-file=\"InternalLink.tsx\" href=\"https:\/\/www.mtvuutiset.fi\/aihe\/barry-manilow\/9274336\" rel=\"nofollow noopener\" target=\"_blank\"><strong class=\"typography-bold\">Barry Manilow<\/strong><\/a> kertoi ennen joulua siirt\u00e4v\u00e4ns\u00e4 tammikuun keikkansa. 82-vuotias Manilow sanoi <a class=\"underline\" data-testid=\"external-link\" href=\"https:\/\/www.instagram.com\/p\/DSkevRHFPfU\/?utm_source=ig_embed\" rel=\"noopener noreferrer nofollow\" data-sentry-component=\"ExternalLink\" data-sentry-source-file=\"ExternalLink.tsx\" target=\"_blank\">Instagram<\/a>-julkaisussa saaneensa keuhkosy\u00f6p\u00e4diagnoosin.\u00a0<\/p>\n<p>Muusikon mukaan h\u00e4n palaa keikkalavoille helmikuussa sairauslomansa j\u00e4lkeen. Nyt Manilow on julkaissut tuoreen kuvan sairasvuoteelta.\u00a0<\/p>\n<p>\u00a0\u2013 T\u00e4n\u00e4\u00e4n voin paremmin, julkaisussa kirjoitetaan.\u00a0<\/p>\n<p>Jos julkaisu ei n\u00e4y, voit katsoa sen <a class=\"underline\" data-testid=\"external-link\" href=\"https:\/\/www.instagram.com\/p\/DTCM2MiERGO\/\" rel=\"noopener noreferrer nofollow\" data-sentry-component=\"ExternalLink\" data-sentry-source-file=\"ExternalLink.tsx\" target=\"_blank\">t\u00e4\u00e4lt\u00e4<\/a>.\u00a0<\/p>\n<p>Manilow sairasti taannoin keuhkoputkentuledusta.\u00a0<\/p>\n<p>\u2013 Ihana l\u00e4\u00e4k\u00e4rini m\u00e4\u00e4r\u00e4si minulle magneettikuvauksen varmistaakseen, ett\u00e4 kaikki oli kunnossa. Magneettikuvauksessa vasemmasta keuhkostani l\u00f6ydettiin sy\u00f6p\u00e4kasvain, joka on poistettava, h\u00e4n kertoi aikaisemmin.\u00a0<\/p>\n<p>Jos julkaisu ei n\u00e4y, voit katsoa sen <a class=\"underline\" data-testid=\"external-link\" href=\"https:\/\/www.instagram.com\/p\/DSkevRHFPfU\/?utm_source=ig_embed\" rel=\"noopener noreferrer nofollow\" data-sentry-component=\"ExternalLink\" data-sentry-source-file=\"ExternalLink.tsx\" target=\"_blank\">t\u00e4\u00e4lt\u00e4<\/a>.\u00a0<\/p>\n<p>Manilowin suurimpia hittej\u00e4 ovat Could It Be Magic,<strong class=\"typography-bold\"> <\/strong>Mandy ja Copacabana (At the Copa).<\/p>\n<p><script async src=\"\/\/www.instagram.com\/embed.js\"><\/script><\/p>\n","protected":false},"excerpt":{"rendered":"Keuhkosy\u00f6p\u00e4\u00e4n sairastunut Barry Manilow julkaisi selfien sairasvuoteelta. Rakastettu muusikko Barry Manilow kertoi ennen joulua siirt\u00e4v\u00e4ns\u00e4 tammikuun keikkansa. 82-vuotias&hellip;\n","protected":false},"author":2,"featured_media":124358,"comment_status":"","ping_status":"","sticky":false,"template":"","format":"standard","meta":{"footnotes":""},"categories":[136],"tags":[407,137,33,31,30,408,32,109],"class_list":{"0":"post-134393","1":"post","2":"type-post","3":"status-publish","4":"format-standard","5":"has-post-thumbnail","7":"category-julkkikset","8":"tag-celebrities","9":"tag-entertainment","10":"tag-fi","11":"tag-finland","12":"tag-finnish","13":"tag-julkkikset","14":"tag-suomi","15":"tag-viihde"},"share_on_mastodon":{"url":"https:\/\/pubeurope.com\/@fi\/115844638501087107","error":""},"_links":{"self":[{"href":"https:\/\/www.europesays.com\/fi\/wp-json\/wp\/v2\/posts\/134393","targetHints":{"allow":["GET"]}}],"collection":[{"href":"https:\/\/www.europesays.com\/fi\/wp-json\/wp\/v2\/posts"}],"about":[{"href":"https:\/\/www.europesays.com\/fi\/wp-json\/wp\/v2\/types\/post"}],"author":[{"embeddable":true,"href":"https:\/\/www.europesays.com\/fi\/wp-json\/wp\/v2\/users\/2"}],"replies":[{"embeddable":true,"href":"https:\/\/www.europesays.com\/fi\/wp-json\/wp\/v2\/comments?post=134393"}],"version-history":[{"count":0,"href":"https:\/\/www.europesays.com\/fi\/wp-json\/wp\/v2\/posts\/134393\/revisions"}],"wp:featuredmedia":[{"embeddable":true,"href":"https:\/\/www.europesays.com\/fi\/wp-json\/wp\/v2\/media\/124358"}],"wp:attachment":[{"href":"https:\/\/www.europesays.com\/fi\/wp-json\/wp\/v2\/media?parent=134393"}],"wp:term":[{"taxonomy":"category","embeddable":true,"href":"https:\/\/www.europesays.com\/fi\/wp-json\/wp\/v2\/categories?post=134393"},{"taxonomy":"post_tag","embeddable":true,"href":"https:\/\/www.europesays.com\/fi\/wp-json\/wp\/v2\/tags?post=134393"}],"curies":[{"name":"wp","href":"https:\/\/api.w.org\/{rel}","templated":true}]}}