{"id":134429,"date":"2026-01-05T22:35:10","date_gmt":"2026-01-05T22:35:10","guid":{"rendered":"https:\/\/www.europesays.com\/fi\/134429\/"},"modified":"2026-01-05T22:35:10","modified_gmt":"2026-01-05T22:35:10","slug":"tekoaly-mukana-pian-tassakin-samsungin-alyjaakaapeissa-ovi-avautuu-ja-sulkeutuu-jatkossa-aanikomennolla","status":"publish","type":"post","link":"https:\/\/www.europesays.com\/fi\/134429\/","title":{"rendered":"Teko\u00e4ly mukana pian t\u00e4ss\u00e4kin: Samsungin \u00e4lyj\u00e4\u00e4kaapeissa ovi avautuu ja sulkeutuu jatkossa \u00e4\u00e4nikomennolla"},"content":{"rendered":"<p><a href=\"https:\/\/www.europesays.com\/fi\/wp-content\/uploads\/2026\/01\/samsung_family_hub.jpg\" data-lightbox=\"image\"><img fetchpriority=\"high\" decoding=\"async\" aria-describedby=\"caption-attachment-271384\" class=\"size-full wp-image-271384\" src=\"data:image\/svg+xml,%3Csvg%20xmlns=\" http:=\"\" alt=\"Samsungin Family Hub -j\u00e4\u00e4kaapit ovat saamassa lis\u00e4\u00e4 \u00e4ly\u00e4.\" width=\"960\" height=\"540\" data-lazy- data-lazy- data-lazy-src=\"https:\/\/www.europesays.com\/fi\/wp-content\/uploads\/2026\/01\/samsung_family_hub.jpg\"\/><\/a><\/p>\n<p id=\"caption-attachment-271384\" class=\"wp-caption-text\">Samsungin Family Hub -j\u00e4\u00e4kaapit ovat saamassa lis\u00e4\u00e4 \u00e4ly\u00e4.<\/p>\n<p>Samsung on esitellyt The First Look -tilaisuudessaan Las Vegasin CES-messujen alla tulevan merkitt\u00e4v\u00e4n uudistuksen Family Hub -\u00e4lyj\u00e4\u00e4kaappeihinsa.<\/p>\n<p>Samsungin mukaan jatkossa Family Hub -j\u00e4\u00e4kaapit voivat avata ja sulkea oven \u00e4\u00e4nikomennon perusteella.<\/p>\n<p>Jatkossa uutta ominaisuutta tukevaa j\u00e4\u00e4kaappia voi puhuen pyyt\u00e4\u00e4 esimerkiksi avaamaan tai sulkemaan oven. \u00c4\u00e4niohjaus toimii j\u00e4\u00e4kaappien sis\u00e4\u00e4nrakennetun Bixby-avustajan kautta, ja Samsungin mukaan ovi avautuu kunnolla, yli 90 asteen kulmaan, eik\u00e4 vain raolleen. Vaihtoehtoisesti oven voi avata my\u00f6s koskettamalla sit\u00e4 kevyesti k\u00e4mmenell\u00e4 tai k\u00e4mmensyrj\u00e4ll\u00e4.<\/p>\n<p style=\"width: 98%; text-align: center; font-size:13px; border-bottom: 1px solid #C8C8C8; line-height: 0.1em; margin: 8px 1% 16px 1%;\">MAINOS (ARTIKKELI JATKUU ALLA)<\/p>\n<p>Vaikka j\u00e4\u00e4kaapin oven avaaminen uudella tavalla voi tuntua turhamaisuudelta, voi se olla k\u00e4yt\u00e4nn\u00f6llist\u00e4 tietyiss\u00e4 tilanteissa, joissa k\u00e4det ovat varatut tai likaiset, esimerkiksi ruoanlaiton aikana. Lis\u00e4ksi ominaisuus parantaa merkitt\u00e4v\u00e4sti j\u00e4\u00e4kaappien saavutettavuutta, sill\u00e4 oven avaaminen ei vaadi fyysist\u00e4 voimaa.<\/p>\n<p>\u00c4\u00e4niohjauksen ohella Samsung on tuomassa Family Hub -j\u00e4\u00e4kaappeihinsa my\u00f6s merkitt\u00e4v\u00e4n teko\u00e4lyp\u00e4ivityksen. J\u00e4\u00e4kaappien AI Vision -j\u00e4rjestelm\u00e4, joka tunnistaa kaappiin lis\u00e4tt\u00e4vi\u00e4 ja sielt\u00e4 poistettavia elintarvikkeita, hy\u00f6dynt\u00e4\u00e4 jatkossa Google Gemini -teko\u00e4lymallia.<\/p>\n<p>P\u00e4ivityksen my\u00f6t\u00e4 AI Visionista poistuvat nykyiset rajoitukset elintarvikkeiden tunnistamisessa ja se seuraa saumattomasti, mit\u00e4 j\u00e4\u00e4kaappiin laitetaan ja sielt\u00e4 otetaan pois, tehden Samsungin mukaan \u201daterioiden suunnittelusta ja elintarvikkeiden hallinnasta helpompaa kuin koskaan\u201d.<\/p>\n<p style=\"width: 98%; text-align: center; font-size:13px; border-bottom: 1px solid #C8C8C8; line-height: 0.1em; margin: 8px 1% 16px 1%;\">MAINOS (ARTIKKELI JATKUU ALLA)<\/p>\n<p>Samsung ei ole toistaiseksi tarkemmin kertonut uusien ominaisuuksien julkaisusta tai sit\u00e4, mitk\u00e4 Family Hub -mallit tulevat saamaan uudet ominaisuudet.<\/p>\n<p>Mainos: <a href=\"https:\/\/hinta.fi\/?src=gPp6fX03\" target=\"_blank\" rel=\"nofollow noopener\">Noin 1 600 000 tuotteen hintavertailu ja hintaseuranta &#8211; katso Hinta.fist\u00e4 mist\u00e4 saat halvimmalla<\/a><\/p>\n","protected":false},"excerpt":{"rendered":"Samsungin Family Hub -j\u00e4\u00e4kaapit ovat saamassa lis\u00e4\u00e4 \u00e4ly\u00e4. Samsung on esitellyt The First Look -tilaisuudessaan Las Vegasin CES-messujen&hellip;\n","protected":false},"author":2,"featured_media":134430,"comment_status":"","ping_status":"","sticky":false,"template":"","format":"standard","meta":{"footnotes":""},"categories":[84],"tags":[33,31,30,32,91,92],"class_list":{"0":"post-134429","1":"post","2":"type-post","3":"status-publish","4":"format-standard","5":"has-post-thumbnail","7":"category-teknologia","8":"tag-fi","9":"tag-finland","10":"tag-finnish","11":"tag-suomi","12":"tag-technology","13":"tag-teknologia"},"share_on_mastodon":{"url":"https:\/\/pubeurope.com\/@fi\/115844882353572501","error":""},"_links":{"self":[{"href":"https:\/\/www.europesays.com\/fi\/wp-json\/wp\/v2\/posts\/134429","targetHints":{"allow":["GET"]}}],"collection":[{"href":"https:\/\/www.europesays.com\/fi\/wp-json\/wp\/v2\/posts"}],"about":[{"href":"https:\/\/www.europesays.com\/fi\/wp-json\/wp\/v2\/types\/post"}],"author":[{"embeddable":true,"href":"https:\/\/www.europesays.com\/fi\/wp-json\/wp\/v2\/users\/2"}],"replies":[{"embeddable":true,"href":"https:\/\/www.europesays.com\/fi\/wp-json\/wp\/v2\/comments?post=134429"}],"version-history":[{"count":0,"href":"https:\/\/www.europesays.com\/fi\/wp-json\/wp\/v2\/posts\/134429\/revisions"}],"wp:featuredmedia":[{"embeddable":true,"href":"https:\/\/www.europesays.com\/fi\/wp-json\/wp\/v2\/media\/134430"}],"wp:attachment":[{"href":"https:\/\/www.europesays.com\/fi\/wp-json\/wp\/v2\/media?parent=134429"}],"wp:term":[{"taxonomy":"category","embeddable":true,"href":"https:\/\/www.europesays.com\/fi\/wp-json\/wp\/v2\/categories?post=134429"},{"taxonomy":"post_tag","embeddable":true,"href":"https:\/\/www.europesays.com\/fi\/wp-json\/wp\/v2\/tags?post=134429"}],"curies":[{"name":"wp","href":"https:\/\/api.w.org\/{rel}","templated":true}]}}