{"id":134439,"date":"2026-01-05T22:51:08","date_gmt":"2026-01-05T22:51:08","guid":{"rendered":"https:\/\/www.europesays.com\/fi\/134439\/"},"modified":"2026-01-05T22:51:08","modified_gmt":"2026-01-05T22:51:08","slug":"anna-puu-asuvalinta-ihastuttaa-seiska","status":"publish","type":"post","link":"https:\/\/www.europesays.com\/fi\/134439\/","title":{"rendered":"Anna Puu: asuvalinta ihastuttaa | Seiska"},"content":{"rendered":"<p>\n            20250917 HELSINKI. TENNISPALATSI. T\u00e4ydelliset vieraat ensi-ilta. Anna Puu. KUVA: ATTE KAJOVA<br \/>\n            ATTE KAJOVA\n        <\/p>\n<p class=\"subtitle \">Laulaja viihtyy Levill\u00e4.<\/p>\n<p class=\"article-content article-content-width !bg-background\">Muusikko  ja h\u00e4nen tuottajapuolisonsa  ovat olleet yhdess\u00e4 yli yhdeks\u00e4n vuoden ajan.<\/p>\n<p class=\"font-weight-bold m-font-weight-bold article-content article-content-width !bg-background\">Katso video \u2013 Anna Puu ja Jukka-rakas romanttisissa tunnelmissa:<\/p>\n<p>        <a itemprop=\"url\" href=\"https:\/\/www.seiska.fi\/katso\/pihla-viitala-avoimena-terapiakokemuksestaan\/2013361\" rel=\"nofollow noopener\" target=\"_blank\"><\/p>\n<p>\nPihla Viitala\n<\/p>\n<p class=\"section-date\">\n        <strong class=\"article-section\" data-section=\"katso\"><br \/>\n            katso<br \/>\n        <\/strong><br \/>\n        26.12.2025 13:15\n    <\/p>\n<p>Pihla Viitala avoimena terapiakokemuksestaan\n    <\/p>\n<p itemprop=\"description\" class=\"subtitle \">\n    Terapia-elokuvan t\u00e4hti ihmettelee terapiaan liittyv\u00e4\u00e4 h\u00e4pe\u00e4\u00e4.\n<\/p>\n<p>        <\/a><\/p>\n<p>\u00d6kykoti myynniss\u00e4<\/p>\n<p class=\"article-content article-content-width !bg-background\">Anna ja Jukka avioituivat lokakuussa vuonna 2022.\u00a0Parilla on vuonna 2021 syntynyt poika, ja heid\u00e4n perheeseen kuuluu my\u00f6s Annan aiemmasta avioliitosta syntynyt teini-ik\u00e4inen tyt\u00e4r.<\/p>\n<p class=\"article-content article-content-width !bg-background\"><a href=\"https:\/\/www.seiska.fi\/vain-seiskassa\/anna-puun-luksuskoti-myynnissa-talta-se-nayttaa\/1939720\" target=\"_blank\" rel=\"nofollow noopener\">Seiska uutisoi syyskuussa<\/a>, ett\u00e4 Anna ja Jukka ovat myym\u00e4ss\u00e4 Helsingin Kulosaaressa sijaitsevaa \u00f6kykotiaan. Luksusasunto on yh\u00e4 myynniss\u00e4 <a href=\"https:\/\/asunnot.oikotie.fi\/myytavat-asunnot\/helsinki\/23654664\" target=\"_blank\" rel=\"nofollow noopener\">Oikotie.fi-sivustolla<\/a>. Kauttaaltaan remontoidun, 402-neli\u00f6isen talon hintapyynt\u00f6 on 2,44 miljoonaa euroa.<\/p>\n<p class=\"article-content article-content-width !bg-background\">Anna paljasti Instagram-tilill\u00e4\u00e4n syyskuussa, ett\u00e4 he ovat hankkineet oman paikan pohjoisesta.<\/p>\n<p class=\"article-content article-content-width !bg-background\">\u2013\u00a0Tunturipusuja Levilt\u00e4! Meill\u00e4 on vihdoin oma paikka t\u00e4\u00e4ll\u00e4, Anna kirjoitti julkaisussaan.<\/p>\n<p>                <img decoding=\"async\" src=\"https:\/\/www.europesays.com\/fi\/wp-content\/uploads\/2026\/01\/2012784.webp.jpeg\" width=\"576\" height=\"322\" alt=\"Anna, Ida Paul ja Erin Kummien JouluMielelle - lehdist\u00f6tilaisuudessa.\" loading=\"lazy\" \/>            <\/p>\n<p>\n            Anna, Ida Paul ja Erin Kummien JouluMielelle &#8211; lehdist\u00f6tilaisuudessa.<br \/>\n            Matti Matikainen\n        <\/p>\n<p>Tyyli ihastuttaa<\/p>\n<p class=\"article-content article-content-width !bg-background\">Anna on parhaillaan Levill\u00e4. Vuoden alun j\u00e4lkeen mittarilukemat ovat pysytelleet reippaasti pakkasen puolella, joten Anna on pukeutunut asiaankuuluvasti superl\u00e4mpim\u00e4\u00e4n merinovillaiseen v\u00e4likerrastoon.\u00a0H\u00e4n esitteli tyyli\u00e4\u00e4n Instagram-tilill\u00e4\u00e4n yli 115 000 seuraajalle itse ottamassaan kuvassa.<\/p>\n<p class=\"article-content article-content-width !bg-background\">\u2013\u00a0Outfit 24\/7, Anna kirjoittaa julkaisunsa kuvatekstiss\u00e4.<\/p>\n<p>        <a itemprop=\"url\" href=\"https:\/\/www.seiska.fi\/kotimaa\/anna-paljastus-jone-nikulan-ja-ellen-jokikunnaksen-erosta\/2022492\" rel=\"nofollow noopener\" target=\"_blank\"><\/p>\n<p>\nAnna:\n<\/p>\n<p class=\"section-date\">\n        <strong class=\"article-section\" data-section=\"kotimaa\"><br \/>\n            kotimaa<br \/>\n        <\/strong><br \/>\n        18.12.2025 12:00\n    <\/p>\n<p>Anna: Paljastus Jone Nikulan ja Ellen Jokikunnaksen erosta\n    <\/p>\n<p itemprop=\"description\" class=\"subtitle \">\n    Jone Nikula ja Ellen Jokikunnas seurustelivat muutaman vuoden ajan.\n<\/p>\n<p>        <\/a><\/p>\n<p class=\"article-content article-content-width !bg-background\">Asussa on korkea kaulus, ja sen pohjav\u00e4ri on musta, jota koristavat vaaleat kuviot. Annan someseuraajat hehkuttavat kilpaa h\u00e4nen tyyli\u00e4\u00e4n.<\/p>\n<p class=\"article-content article-content-width !bg-background\">\u2013\u00a0Toi on just paras! Samoissa ved\u00e4n min\u00e4kin, kommentoi er\u00e4s seuraaja.<\/p>\n<p class=\"article-content article-content-width !bg-background\">\u2013\u00a0Ihana Anna, hehkuttaa er\u00e4s.<\/p>\n<p class=\"article-content article-content-width !bg-background\">\u2013\u00a0Oot kaunis Anna, ihastelee yksi.<\/p>\n<p class=\"article-content article-content-width !bg-background\"><a href=\"https:\/\/www.instagram.com\/p\/DTGk3WjDHXN\/?utm_source=ig_web_copy_link&amp;igsh=MzRlODBiNWFlZA==\" target=\"_blank\" rel=\"nofollow noopener\">Jos kuva ei n\u00e4y, voit katsoa sen t\u00e4\u00e4lt\u00e4.<\/a><\/p>\n<p>Superb\u00e4ndi lopettaa<\/p>\n<p class=\"article-content article-content-width !bg-background\">Annan,  ja  muodostama superyhtye Rodeo\u00a0n\u00e4htiin my\u00f6s Linnan juhlien jatkoilla vuonna 2024. Kolmikolle oli alusta l\u00e4htien selv\u00e4\u00e4, ett\u00e4 Rodeo olisi noin vuoden mittainen projekti.<\/p>\n<p>        <a itemprop=\"url\" href=\"https:\/\/www.seiska.fi\/kotimaa\/harvardin-kaynyt-ida-paul-jakaa-vinkkinsa-opiskeluun\/2012759\" rel=\"nofollow noopener\" target=\"_blank\"><\/p>\n<p>\nJakaa vinkkins\u00e4 opiskeluun\n<\/p>\n<p class=\"section-date\">\n        <strong class=\"article-section\" data-section=\"kotimaa\"><br \/>\n            kotimaa<br \/>\n        <\/strong><br \/>\n        7.12.2025 15:00\n    <\/p>\n<p>Harvardin k\u00e4ynyt Ida Paul jakaa vinkkins\u00e4 opiskeluun\n    <\/p>\n<p itemprop=\"description\" class=\"subtitle \">\n    Harvard mainitaan my\u00f6s usein elokuvissa, mik\u00e4 lienee tehnyt paikasta entist\u00e4kin myyttisemm\u00e4n ihmisten mieliss\u00e4.\n<\/p>\n<p>        <\/a><\/p>\n<p class=\"article-content article-content-width !bg-background\">Trion j\u00e4\u00e4hyv\u00e4iskonsertti \u201dViimeinen Rodeo\u201d j\u00e4rjestet\u00e4\u00e4n Musiikkitalossa 11. huhtikuuta 2026 yhdess\u00e4  johtaman Vantaan Viihdeorkesterin kanssa.<\/p>\n<p><script async src=\"\/\/www.instagram.com\/embed.js\"><\/script><\/p>\n","protected":false},"excerpt":{"rendered":"20250917 HELSINKI. TENNISPALATSI. T\u00e4ydelliset vieraat ensi-ilta. Anna Puu. KUVA: ATTE KAJOVA ATTE KAJOVA Laulaja viihtyy Levill\u00e4. Muusikko ja&hellip;\n","protected":false},"author":2,"featured_media":134440,"comment_status":"","ping_status":"","sticky":false,"template":"","format":"standard","meta":{"footnotes":""},"categories":[136],"tags":[6664,407,137,33,31,30,9321,408,667,1568,106,16903,13617,32,109],"class_list":{"0":"post-134439","1":"post","2":"type-post","3":"status-publish","4":"format-standard","5":"has-post-thumbnail","7":"category-julkkikset","8":"tag-anna-puu","9":"tag-celebrities","10":"tag-entertainment","11":"tag-fi","12":"tag-finland","13":"tag-finnish","14":"tag-jukka-immonen","15":"tag-julkkikset","16":"tag-lappi","17":"tag-levi","18":"tag-muoti","19":"tag-okykoti","20":"tag-rodeo","21":"tag-suomi","22":"tag-viihde"},"share_on_mastodon":{"url":"https:\/\/pubeurope.com\/@fi\/115844945222801885","error":""},"_links":{"self":[{"href":"https:\/\/www.europesays.com\/fi\/wp-json\/wp\/v2\/posts\/134439","targetHints":{"allow":["GET"]}}],"collection":[{"href":"https:\/\/www.europesays.com\/fi\/wp-json\/wp\/v2\/posts"}],"about":[{"href":"https:\/\/www.europesays.com\/fi\/wp-json\/wp\/v2\/types\/post"}],"author":[{"embeddable":true,"href":"https:\/\/www.europesays.com\/fi\/wp-json\/wp\/v2\/users\/2"}],"replies":[{"embeddable":true,"href":"https:\/\/www.europesays.com\/fi\/wp-json\/wp\/v2\/comments?post=134439"}],"version-history":[{"count":0,"href":"https:\/\/www.europesays.com\/fi\/wp-json\/wp\/v2\/posts\/134439\/revisions"}],"wp:featuredmedia":[{"embeddable":true,"href":"https:\/\/www.europesays.com\/fi\/wp-json\/wp\/v2\/media\/134440"}],"wp:attachment":[{"href":"https:\/\/www.europesays.com\/fi\/wp-json\/wp\/v2\/media?parent=134439"}],"wp:term":[{"taxonomy":"category","embeddable":true,"href":"https:\/\/www.europesays.com\/fi\/wp-json\/wp\/v2\/categories?post=134439"},{"taxonomy":"post_tag","embeddable":true,"href":"https:\/\/www.europesays.com\/fi\/wp-json\/wp\/v2\/tags?post=134439"}],"curies":[{"name":"wp","href":"https:\/\/api.w.org\/{rel}","templated":true}]}}