{"id":134454,"date":"2026-01-05T23:22:10","date_gmt":"2026-01-05T23:22:10","guid":{"rendered":"https:\/\/www.europesays.com\/fi\/134454\/"},"modified":"2026-01-05T23:22:10","modified_gmt":"2026-01-05T23:22:10","slug":"listasimme-10-parasta-elokuvaa-vuodelta-2025-onko-suosikkisi-mukana","status":"publish","type":"post","link":"https:\/\/www.europesays.com\/fi\/134454\/","title":{"rendered":"Listasimme 10 parasta elokuvaa vuodelta 2025 \u2013\u00a0Onko suosikkisi mukana?"},"content":{"rendered":"<p>Eritt\u00e4in hyv\u00e4n elokuvavuoden tapauksista l\u00f6ytyy viihdytt\u00e4v\u00e4\u00e4 toimintaa, n\u00e4ytt\u00e4vi\u00e4 animaatioita ja koskettavaa draamaa. Listaus on tehty Episodin toimittajien antamien t\u00e4htien keskiarvon perusteella. Otimme mukaan vuonna 2025 Suomessa ensi-iltansa saaneet elokuvat, joille v\u00e4hint\u00e4\u00e4n kolme toimittajaa on antanut t\u00e4hti\u00e4.<\/p>\n<p>10. Zootropolis \u2013 El\u00e4inten kaupunki 2<\/p>\n<p><img loading=\"lazy\" height=\"418\" width=\"648\" class=\"wp-image-249532 sp-no-webp perfmatters-lazy\" alt=\"\" decoding=\"async\" src=\"https:\/\/www.europesays.com\/fi\/wp-content\/uploads\/2026\/01\/zootopia2-online-use-mono-fullcomp-withcharacter-zootropolis-648x418.jpg\"  data-\/> <\/p>\n<ul class=\"wp-block-list\">\n<li>Ensi-ilta 28.11.2025<\/li>\n<li>T\u00e4htien keskiarvo 3,8<\/li>\n<\/ul>\n<p>\u201dEnsimm\u00e4isen mainion Zootropolis \u2013 el\u00e4inten kaupunki -elokuvan julkaisusta on vier\u00e4ht\u00e4nyt jo miltei py\u00f6re\u00e4t kymmenen vuotta. Pitk\u00e4 odotus on kuitenkin sen arvoinen, sill\u00e4 elokuvateattereihin nyt saapuva jatkotarina Zootropolis \u2013 el\u00e4inten kaupunki 2 ei j\u00e4\u00e4 edelt\u00e4j\u00e4ns\u00e4 varjoon. Se on ilahduttavan mukaansatempaavaa katseltavaa n\u00e4in synk\u00e4n syksyn keskell\u00e4.\u201d<\/p>\n<p>Arvostelija: Ira Hurskainen. Lue koko arvio <a href=\"https:\/\/www.episodi.fi\/elokuvat\/zootropolis-elainten-kaupunki-2\/\" rel=\"nofollow noopener\" target=\"_blank\">t\u00e4st\u00e4<\/a>.<\/p>\n<p>9. Keitti\u00f6el\u00e4m\u00e4\u00e4<\/p>\n<p><img loading=\"lazy\" height=\"445\" width=\"648\" class=\"wp-image-236264 sp-no-webp perfmatters-lazy\" alt=\"\" decoding=\"async\" src=\"https:\/\/www.europesays.com\/fi\/wp-content\/uploads\/2026\/01\/keittioelamaa-648x445.jpg\"  data-\/> <\/p>\n<ul class=\"wp-block-list\">\n<li>Ensi-ilta 23.5.2025<\/li>\n<li>T\u00e4htien keskiarvo 3,8<\/li>\n<\/ul>\n<p>\u201dStressaavan ravintolakeitti\u00f6n kuvaus tuo mieleen The Bear -sarjan, jonka maailma on kuitenkin kotoisan turvallinen verrattuna <strong>Alonso Ruizpalaciosin <\/strong>kuvaamaan raadolliseen hyv\u00e4ksik\u00e4ytt\u00f6\u00f6n. Keitti\u00f6el\u00e4m\u00e4\u00e4 on heng\u00e4stytt\u00e4v\u00e4, kaoottinen ja melankolinen kuvaus paperittomien ahdingosta. Se kysyy, mik\u00e4 onkaan virhe j\u00e4rjestelm\u00e4ss\u00e4 \u2013 se, ett\u00e4 paperittomat p\u00e4\u00e4sev\u00e4t maahan vai se, kuinka helposti amerikkalaiset ovat valmiita hyv\u00e4ksik\u00e4ytt\u00e4m\u00e4\u00e4n heit\u00e4 ty\u00f6voimanaan.\u201d<\/p>\n<p>Arvostelija: Susanna Bono. Lue koko arvio <a href=\"https:\/\/www.episodi.fi\/elokuvat\/keittioelamaa\/\" rel=\"nofollow noopener\" target=\"_blank\">t\u00e4st\u00e4<\/a>.<\/p>\n<p>8. Olen yh\u00e4 t\u00e4\u00e4ll\u00e4<\/p>\n<p><img loading=\"lazy\" height=\"369\" width=\"648\" class=\"wp-image-251566 sp-no-webp perfmatters-lazy\" alt=\"\" decoding=\"async\" src=\"https:\/\/www.europesays.com\/fi\/wp-content\/uploads\/2026\/01\/olen-yha-taalla-648x369.jpg\"  data-\/> <\/p>\n<ul class=\"wp-block-list\">\n<li>Ensi-ilta 14.3.2025<\/li>\n<li>T\u00e4htien keskiarvo 3,8<\/li>\n<\/ul>\n<p>\u201dHuolella rakennettu k\u00e4sikirjoitus tuo esille perheen ilot ja surut, eik\u00e4 tarinassa koskaan luovuta toivosta. Alun iloa ja yhteishenke\u00e4 kuvastavat l\u00e4mpim\u00e4t kohtaukset luovat kontrastin raadollisiin kuulusteluosuuksiin.\u201d<\/p>\n<p>Arvostelija: Susanna Bono. Lue koko arvio <a href=\"https:\/\/www.episodi.fi\/elokuvat\/olen-yha-taalla\/\" rel=\"nofollow noopener\" target=\"_blank\">t\u00e4st\u00e4<\/a>.<\/p>\n<p>7. Sisu 2<\/p>\n<p><img loading=\"lazy\" height=\"446\" width=\"648\" class=\"wp-image-246266 sp-no-webp perfmatters-lazy\" alt=\"\" decoding=\"async\" src=\"https:\/\/www.europesays.com\/fi\/wp-content\/uploads\/2026\/01\/sisu-2-jorma-tommila-648x446.jpg\"  data-\/> <\/p>\n<ul class=\"wp-block-list\">\n<li>Ensi-ilta 22.10.2025<\/li>\n<li>T\u00e4htien keskiarvo 3,8<\/li>\n<\/ul>\n<p>\u201d<strong>Jorma Tommila<\/strong> toistaa fyysisen roolinsa rautaisella ammattitaidolla. Nyt mukana on enemm\u00e4n inhimillisyytt\u00e4 ja tunnetta. Avatar-elokuvista tuttu <strong>Stephen Lang<\/strong> on mainio arkkivihollinen. Sisu 2 on tavallaan toisinto ensimm\u00e4isest\u00e4 elokuvasta, mutta se on viel\u00e4 taidokkaammin ohjattu. Loppu on aidosti koskettava, ja viimeiset kuvat varmistavat tunteen: t\u00e4m\u00e4 tosiaankin on parempi kuin ykk\u00f6nen! Kuten jo tuli Rakkautta &amp; Anarkiaa -n\u00e4yt\u00f6ksen yhteydess\u00e4 todettua: t\u00e4m\u00e4 on kaikkien aikojen paras suomalainen toimintaelokuva.\u201d<\/p>\n<p>Arvostelija: Jussi Huhtala. Lue koko arvio <a href=\"https:\/\/www.episodi.fi\/elokuvat\/sisu-2\/\" rel=\"nofollow noopener\" target=\"_blank\">t\u00e4st\u00e4<\/a>.<\/p>\n<p>Lue my\u00f6s: <a href=\"https:\/\/www.episodi.fi\/uutiset\/sisu-2-on-parempi-kuin-ykkososa-vakuuttaa-ohjaaja-jalmari-helander-ei-me-oltaisi-muuten-lahdetty-tekemaan-sita\/\" title=\"Sisu 2 on parempi kuin ykk\u00f6sosa, vakuuttaa ohjaaja Jalmari Helander: \u201dEi me oltaisi muuten tehty sit\u00e4\u201d\" class=\"underline-custom !font-montserrat !font-bold !underline-offset-4 !decoration-4 !decoration-episodi-blue !text-md\" rel=\"nofollow noopener\" target=\"_blank\">Sisu 2 on parempi kuin ykk\u00f6sosa, vakuuttaa ohjaaja Jalmari Helander: \u201dEi me oltaisi muuten tehty sit\u00e4\u201d<\/a><\/p>\n<p>6. Mission: Impossible \u2013 The Final Reckoning<\/p>\n<p><img loading=\"lazy\" height=\"364\" width=\"648\" class=\"wp-image-237323 sp-no-webp perfmatters-lazy\" alt=\"\" decoding=\"async\" src=\"https:\/\/www.europesays.com\/fi\/wp-content\/uploads\/2026\/01\/mission-impossible-the-final-reckoning-tom-cruise-ff-032r-1-648x364.jpg\"  data-\/> <\/p>\n<ul class=\"wp-block-list\">\n<li>Ensi-ilta 21.5.2025<\/li>\n<li>T\u00e4htien keskiarvo 3,8<\/li>\n<\/ul>\n<p>\u201dThe Final Reckoning on n\u00e4ytt\u00e4v\u00e4 p\u00e4\u00e4t\u00f6s elokuvasarjalle \u2013 oli se sitten v\u00e4lip\u00e4\u00e4t\u00f6s tai lopullinen p\u00e4\u00e4t\u00f6s. <strong>Tom Cruise <\/strong>tekee tapansa mukaan huikeita stuntteja, ja elokuvan loppuun s\u00e4\u00e4stetty ilmataistelu on uskomattoman taitavasti toteutettu huipennus. Kun kuusikymppinen Cruise roikkuu kaksitason siivell\u00e4, ei voi muuta kuin pid\u00e4tell\u00e4 hengityst\u00e4\u00e4n. \u201d<\/p>\n<p>Arvostelija: Jussi Huhtala. Lue koko arvio <a href=\"https:\/\/www.episodi.fi\/elokuvat\/mission-impossible-the-final-reckoning\/\" rel=\"nofollow noopener\" target=\"_blank\">t\u00e4st\u00e4<\/a>.<\/p>\n<p>Suoratoistossa: SkyShowtime<\/p>\n<p>Lue my\u00f6s: <a href=\"https:\/\/www.episodi.fi\/uutiset\/monet-eivat-tieda-tata-hanesta-mission-impossible-tahti-kehuu-tom-cruisea-episodin-haastattelussa\/\" title=\"\u201dMonet eiv\u00e4t tied\u00e4 t\u00e4t\u00e4 h\u00e4nest\u00e4\u201d \u2013 Mission: Impossible -t\u00e4hti kehuu Tom Cruisea Episodin haastattelussa\" class=\"underline-custom !font-montserrat !font-bold !underline-offset-4 !decoration-4 !decoration-episodi-blue !text-md\" rel=\"nofollow noopener\" target=\"_blank\">\u201dMonet eiv\u00e4t tied\u00e4 t\u00e4t\u00e4 h\u00e4nest\u00e4\u201d \u2013 Mission: Impossible -t\u00e4hti kehuu Tom Cruisea Episodin haastattelussa<\/a><\/p>\n<p>5. Rakas<\/p>\n<p><img loading=\"lazy\" height=\"441\" width=\"648\" class=\"wp-image-251565 sp-no-webp perfmatters-lazy\" alt=\"\" decoding=\"async\" src=\"https:\/\/www.europesays.com\/fi\/wp-content\/uploads\/2026\/01\/rakas-648x441.jpg\"  data-\/> <\/p>\n<ul class=\"wp-block-list\">\n<li>Ensi-ilta 17.1.2025<\/li>\n<li>T\u00e4htien keskiarvo 4,0<\/li>\n<\/ul>\n<p>\u201d<strong>Helga Guren<\/strong> on huikean hyv\u00e4 Mariana, joka uskoo tiet\u00e4v\u00e4ns\u00e4 mit\u00e4 tahtoo \u2013 ja v\u00e4lill\u00e4 my\u00f6s tiet\u00e4\u00e4 sen muidenkin puolesta. Kun h\u00e4n huomaa, ett\u00e4 se mit\u00e4 h\u00e4n tahtoo, ei olekaan satavarmaa, h\u00e4n joutuu my\u00f6s kohtaamaan totuuden siit\u00e4 mit\u00e4 h\u00e4n oikeasti tahtoo ja miksi. Guren uskaltaa tehd\u00e4 Mariasta itsekk\u00e4\u00e4nkin olennon, mutta vaikka t\u00e4st\u00e4 ei aina pit\u00e4isik\u00e4\u00e4n, h\u00e4nt\u00e4 kohtaan on pakko tuntea empatiaa.\u201d<\/p>\n<p>Arvostelija: Jouni Vikman. Lue koko arvio <a href=\"https:\/\/www.episodi.fi\/elokuvat\/rakas\/\" rel=\"nofollow noopener\" target=\"_blank\">t\u00e4st\u00e4<\/a>.<\/p>\n<p>4. Sentimental Value<\/p>\n<p><img loading=\"lazy\" height=\"350\" width=\"648\" class=\"wp-image-246839 sp-no-webp perfmatters-lazy\" alt=\"\" decoding=\"async\" src=\"https:\/\/www.europesays.com\/fi\/wp-content\/uploads\/2026\/01\/sentimental-value-mer-film-stellan-skarsgard-elle-fanning-credit-kasper-tuxen-648x350.jpg\"  data-\/> <\/p>\n<ul class=\"wp-block-list\">\n<li>Ensi-ilta 17.10.2025<\/li>\n<li>T\u00e4htien keskiarvo 4,0<\/li>\n<\/ul>\n<p>\u201dK\u00e4sikirjoitus ja ohjaus ovat molemmat luontevassa tasapainossa, mik\u00e4 tekee lopputuloksesta todenn\u00e4k\u00f6isesti juuri sellaisen, mink\u00e4 tekij\u00e4t ovatkin halunneet: samaan aikaan kepe\u00e4n, herk\u00e4n ja koskettavan. Elokuva tuntuu el\u00e4m\u00e4lt\u00e4. Sen tapahtumat ovat ulkopuolisille mit\u00e4tt\u00f6mi\u00e4, mutta kohteilleen suuria, aivan kuten oikeassakin el\u00e4m\u00e4ss\u00e4.\u201d<\/p>\n<p>Arvostelija: Jesse Raatikainen. Lue koko arvio <a href=\"https:\/\/www.episodi.fi\/elokuvat\/sentimental-value\/\" rel=\"nofollow noopener\" target=\"_blank\">t\u00e4st\u00e4<\/a>.<\/p>\n<p>3. Flow<\/p>\n<p><img loading=\"lazy\" height=\"365\" width=\"648\" class=\"wp-image-240339 sp-no-webp perfmatters-lazy\" alt=\"\" decoding=\"async\" src=\"https:\/\/www.europesays.com\/fi\/wp-content\/uploads\/2026\/01\/flow-2024-00-648x365.jpg\"  data-\/> <\/p>\n<ul class=\"wp-block-list\">\n<li>Ensi-ilta 28.3.2025<\/li>\n<li>T\u00e4htien keskiarvo 4,1<\/li>\n<\/ul>\n<p>\u201dFlow on uskomatonta silm\u00e4karkkia. Sen maailma kylpee v\u00e4reissa ja valoissa ja tuo mieleen, milt\u00e4 <strong>Hayao Miyazakin<\/strong> fantasiaymp\u00e4rist\u00f6t n\u00e4ytt\u00e4isiv\u00e4t l\u00e4hes fotorealistisen tietokoneanimaation keinoin. El\u00e4inten animaatio yhdist\u00e4\u00e4 pelkistettyj\u00e4 v\u00e4ripintoja ja l\u00e4hes rotoskooppista liikkeiden tallentamista, mik\u00e4 vain lis\u00e4\u00e4 elokuvan sadunomaisuutta. Katsomisen ohella Flow on tehty tunnelmoitavaksi. Se ei itsetarkoituksellisesti vaivaa katsojan aivonystyr\u00f6it\u00e4, mutta se haastaa ajattelemaan \u2013 ja ehk\u00e4 my\u00f6s unelmoimaan.\u201d<\/p>\n<p>Arvostelija: Jouni Vikman. Lue koko arvio <a href=\"https:\/\/www.episodi.fi\/elokuvat\/flow\/\" rel=\"nofollow noopener\" target=\"_blank\">t\u00e4st\u00e4<\/a>.<\/p>\n<p>2. One Battle After Another<\/p>\n<p><img loading=\"lazy\" height=\"365\" width=\"648\" class=\"wp-image-240363 sp-no-webp perfmatters-lazy\" alt=\"\" decoding=\"async\" src=\"https:\/\/www.europesays.com\/fi\/wp-content\/uploads\/2026\/01\/one-battle-after-another-648x365.jpg\"  data-\/> <\/p>\n<ul class=\"wp-block-list\">\n<li>Ensi-ilta 26.9.2025<\/li>\n<li>T\u00e4htien keskiarvo 4,1<\/li>\n<\/ul>\n<p>\u201dOne Battle After Another -elokuvan maailma on yht\u00e4 aikaa kammottava ja kutkuttava. Siin\u00e4 kaikki ovat oikeassa ep\u00e4luuloissaan ja suoranaisissa salaliittoteorioissaan. Yhdysvalloissa muhii maan alla siirtolaisten sun muitten valkoista heteroel\u00e4m\u00e4\u00e4 uhkaavien v\u00e4est\u00f6nvaihtajien salainen verkosto. Maata puolestaan johtaa vaikutusvaltaisten valkoisten miesten py\u00f6ritt\u00e4m\u00e4 deep state -varjovaltio. N\u00e4m\u00e4 voimat ottavat yhteen tavoilla, joita julkisuudessa pyrit\u00e4\u00e4n pit\u00e4m\u00e4\u00e4n \u201dnormaaleina\u201d yhteiskunnallisena konflikteina. Samalla niiden varjossa k\u00e4yd\u00e4\u00e4n henkil\u00f6kohtaista sotaa ja eksistentialistista tuskailua. Taisteluita taisteluiden per\u00e4\u00e4n.\u201d<\/p>\n<p>Arvostelija: Jouni Vikman. Lue koko arvio <a href=\"https:\/\/www.episodi.fi\/elokuvat\/one-battle-after-another\/\" rel=\"nofollow noopener\" target=\"_blank\">t\u00e4st\u00e4<\/a>.<\/p>\n<p>Suoratoistossa: HBO Max<\/p>\n<p>1. The Brutalist<\/p>\n<p><img loading=\"lazy\" height=\"432\" width=\"648\" class=\"wp-image-227044 sp-no-webp perfmatters-lazy\" alt=\"\" decoding=\"async\" src=\"https:\/\/www.europesays.com\/fi\/wp-content\/uploads\/2026\/01\/the-brutalist-adrien-brody-guy-pearce-012325-6b011aef6cd04babb3a491a07882bb2b1-648x432.jpg\"  data-\/> <\/p>\n<ul class=\"wp-block-list\">\n<li>Ensi-ilta 28.2.2025<\/li>\n<li>T\u00e4htien keskiarvo 4,4<\/li>\n<\/ul>\n<p>\u201dErityisesti <strong>Adrien Brody <\/strong>tekee v\u00e4kev\u00e4n roolisuorituksen s\u00e4rkyneen\u00e4, hiljalleen toipuvana miehen\u00e4, jossa yhdistyy niin luovuutta kuin vakavia luonteenheikkouksia. H\u00e4n on ansaitusti ennakkosuosikki parhaan miesn\u00e4yttelij\u00e4n Oscar-pystin voittajaksi. The Brutalist on jykev\u00e4 mestariteos, joka henkisest\u00e4 ja fyysisest\u00e4 rankkuudestaan huolimatta j\u00e4tt\u00e4\u00e4 voimaantuneen tunteen, kuin hyv\u00e4n urheilusuorituksen j\u00e4lkeen.\u201d<\/p>\n<p>Arvostelija: Jouni Vikman. Lue koko arvio <a href=\"https:\/\/www.episodi.fi\/elokuvat\/the-brutalist\/\" rel=\"nofollow noopener\" target=\"_blank\">t\u00e4st\u00e4<\/a>.<\/p>\n<p>Suoratoistossa: SkyShowtime<\/p>\n<p>Lue my\u00f6s: <a href=\"https:\/\/www.episodi.fi\/uutiskirje\/?uutiskirjemainos=tekstilinkkimainos\" title=\"Tilaa Episodin uutiskirje ja voit voittaa leffalippuja! Nappaa tv-vinkit suoraan s\u00e4hk\u00f6postiin t\u00e4st\u00e4.\" class=\"underline-custom !font-montserrat !font-bold !underline-offset-4 !decoration-4 !decoration-episodi-blue !text-md\" rel=\"nofollow noopener\" target=\"_blank\">Tilaa Episodin uutiskirje ja voit voittaa leffalippuja! Nappaa katseluvinkit suoraan s\u00e4hk\u00f6postiin t\u00e4st\u00e4.<\/a><\/p>\n","protected":false},"excerpt":{"rendered":"Eritt\u00e4in hyv\u00e4n elokuvavuoden tapauksista l\u00f6ytyy viihdytt\u00e4v\u00e4\u00e4 toimintaa, n\u00e4ytt\u00e4vi\u00e4 animaatioita ja koskettavaa draamaa. Listaus on tehty Episodin toimittajien antamien&hellip;\n","protected":false},"author":2,"featured_media":113177,"comment_status":"","ping_status":"","sticky":false,"template":"","format":"standard","meta":{"footnotes":""},"categories":[131],"tags":[155,137,33,173,31,30,172,32,109,22216],"class_list":{"0":"post-134454","1":"post","2":"type-post","3":"status-publish","4":"format-standard","5":"has-post-thumbnail","7":"category-elokuvat","8":"tag-elokuvat","9":"tag-entertainment","10":"tag-fi","11":"tag-film","12":"tag-finland","13":"tag-finnish","14":"tag-movies","15":"tag-suomi","16":"tag-viihde","17":"tag-vuoden-parhaat"},"share_on_mastodon":{"url":"https:\/\/pubeurope.com\/@fi\/115845067364472350","error":""},"_links":{"self":[{"href":"https:\/\/www.europesays.com\/fi\/wp-json\/wp\/v2\/posts\/134454","targetHints":{"allow":["GET"]}}],"collection":[{"href":"https:\/\/www.europesays.com\/fi\/wp-json\/wp\/v2\/posts"}],"about":[{"href":"https:\/\/www.europesays.com\/fi\/wp-json\/wp\/v2\/types\/post"}],"author":[{"embeddable":true,"href":"https:\/\/www.europesays.com\/fi\/wp-json\/wp\/v2\/users\/2"}],"replies":[{"embeddable":true,"href":"https:\/\/www.europesays.com\/fi\/wp-json\/wp\/v2\/comments?post=134454"}],"version-history":[{"count":0,"href":"https:\/\/www.europesays.com\/fi\/wp-json\/wp\/v2\/posts\/134454\/revisions"}],"wp:featuredmedia":[{"embeddable":true,"href":"https:\/\/www.europesays.com\/fi\/wp-json\/wp\/v2\/media\/113177"}],"wp:attachment":[{"href":"https:\/\/www.europesays.com\/fi\/wp-json\/wp\/v2\/media?parent=134454"}],"wp:term":[{"taxonomy":"category","embeddable":true,"href":"https:\/\/www.europesays.com\/fi\/wp-json\/wp\/v2\/categories?post=134454"},{"taxonomy":"post_tag","embeddable":true,"href":"https:\/\/www.europesays.com\/fi\/wp-json\/wp\/v2\/tags?post=134454"}],"curies":[{"name":"wp","href":"https:\/\/api.w.org\/{rel}","templated":true}]}}