{"id":134456,"date":"2026-01-05T23:24:07","date_gmt":"2026-01-05T23:24:07","guid":{"rendered":"https:\/\/www.europesays.com\/fi\/134456\/"},"modified":"2026-01-05T23:24:07","modified_gmt":"2026-01-05T23:24:07","slug":"tps-hankki-hurjia-tehoja-takoneen-puolustajan-iltalehti","status":"publish","type":"post","link":"https:\/\/www.europesays.com\/fi\/134456\/","title":{"rendered":"TPS hankki hurjia tehoja takoneen puolustajan &#8211; Iltalehti"},"content":{"rendered":"<ol>\n<li><a href=\"https:\/\/news.google.com\/rss\/articles\/CBMie0FVX3lxTE53RGRXdTlQQmpmdGFnel9od1pDRDJqVkxYZi02R3dOZDZvYk01SFJVeGZURWRGQUxySWlqc0tEajRBNnIxS3hUeHNqTW1SV0t6YzBmSFplX0EyYWl4QTFRb1VyTTVtdjdWamhsYzhDd3BKNWRPd0VXUENMUQ?oc=5\" target=\"_blank\" rel=\"nofollow noopener\">TPS hankki hurjia tehoja takoneen puolustajan<\/a>&nbsp;&nbsp;Iltalehti<\/li>\n<li><a href=\"https:\/\/news.google.com\/rss\/articles\/CBMilwFBVV95cUxPNTE4MHZCbGVmN21yUmdJOW1ianVhMTMyYXFWZGNOd2h1am1KZGJkb2ZfX2FxWjVHNElXSGpHSURXNHpJNlhOdkhoUm9SV3RwT0tmZ19QOUlndEJKMWs4MWZQM211RjF2M3A0U3VfZE5WNFMyMzdyT1cyVWw4RU8xRVhlQWFTdVZ4TjdieHFKY0FLZTk5MDJn?oc=5\" target=\"_blank\" rel=\"nofollow noopener\">Alexis Binner TPS:n puolustukseen loppukaudeksi<\/a>&nbsp;&nbsp;Etusivu | TPS<\/li>\n<li><a href=\"https:\/\/news.google.com\/rss\/articles\/CBMifEFVX3lxTFBuaC1WMjNDekk4bTJydmlOemg5N0ZrVGpWUXhKZENjQ0ltUW9zTnJ2eE1udzhRU28xTmFaX005cGstQTFERG12d2VDZWRuWHUwYzgyZlVBTDd2eHhXelB0V2IyWExvZHpOMG8xbnJSZFZZcVI2ZDQwcFhGLTI?oc=5\" target=\"_blank\" rel=\"nofollow noopener\">Tehopakki siirtyy SM-liigaan<\/a>&nbsp;&nbsp;mtvuutiset.fi<\/li>\n<li><a href=\"https:\/\/news.google.com\/rss\/articles\/CBMiSEFVX3lxTE5KVHE5a3VqMFN0NG5iemQtZXhMS2o3M19nQmVBa3RRUW13cEswZ0tZVWlfMDdSSGxPc2hScHc3ekZRd3d3TEw0aA?oc=5\" target=\"_blank\" rel=\"nofollow noopener\">TPS hankki ruotsalaispuolustaja Alexis Binnerin Ranskasta<\/a>&nbsp;&nbsp;ts.fi<\/li>\n<li><a href=\"https:\/\/news.google.com\/rss\/articles\/CBMimAFBVV95cUxPX2tkN0pSV0lVR19USkVKOG9VVF85V2d3QmhDUFM0ZUFhZ0pUZXhBRWxFTjliUGtPeVVoSVNhS0xWYlQ1Tkg0OS13WXdubklRb29IWVZuVElTR2t6V1FlOUJUeEtNcGlFb3gzZ3JJdWFOdE5NdjRzME92aFZZUjloUmViMmVwOW5lU1pqcUVQWnJhYmIzUmg4Mg?oc=5\" target=\"_blank\" rel=\"nofollow noopener\">TPS kampittaa kriisi\u00e4\u00e4n \u2013 pelaaja h\u00e4tiin Ranskan p\u00e4\u00e4sarjasta<\/a>&nbsp;&nbsp;Sportti.com<\/li>\n<\/ol>\n","protected":false},"excerpt":{"rendered":"TPS hankki hurjia tehoja takoneen puolustajan&nbsp;&nbsp;Iltalehti Alexis Binner TPS:n puolustukseen loppukaudeksi&nbsp;&nbsp;Etusivu | TPS Tehopakki siirtyy SM-liigaan&nbsp;&nbsp;mtvuutiset.fi TPS hankki&hellip;\n","protected":false},"author":2,"featured_media":134457,"comment_status":"","ping_status":"","sticky":false,"template":"","format":"standard","meta":{"footnotes":""},"categories":[158],"tags":[35,33,31,30,1143,41,1146,159,4686,32,1145,160],"class_list":{"0":"post-134456","1":"post","2":"type-post","3":"status-publish","4":"format-standard","5":"has-post-thumbnail","7":"category-urheilu","8":"tag-24h","9":"tag-fi","10":"tag-finland","11":"tag-finnish","12":"tag-jaakiekko","13":"tag-liikunta-ja-urheilu","14":"tag-miesten-jaakiekko","15":"tag-sports","16":"tag-suomen-jaakiekko","17":"tag-suomi","18":"tag-talviurheilu","19":"tag-urheilu"},"share_on_mastodon":{"url":"https:\/\/pubeurope.com\/@fi\/115845075079153020","error":""},"_links":{"self":[{"href":"https:\/\/www.europesays.com\/fi\/wp-json\/wp\/v2\/posts\/134456","targetHints":{"allow":["GET"]}}],"collection":[{"href":"https:\/\/www.europesays.com\/fi\/wp-json\/wp\/v2\/posts"}],"about":[{"href":"https:\/\/www.europesays.com\/fi\/wp-json\/wp\/v2\/types\/post"}],"author":[{"embeddable":true,"href":"https:\/\/www.europesays.com\/fi\/wp-json\/wp\/v2\/users\/2"}],"replies":[{"embeddable":true,"href":"https:\/\/www.europesays.com\/fi\/wp-json\/wp\/v2\/comments?post=134456"}],"version-history":[{"count":0,"href":"https:\/\/www.europesays.com\/fi\/wp-json\/wp\/v2\/posts\/134456\/revisions"}],"wp:featuredmedia":[{"embeddable":true,"href":"https:\/\/www.europesays.com\/fi\/wp-json\/wp\/v2\/media\/134457"}],"wp:attachment":[{"href":"https:\/\/www.europesays.com\/fi\/wp-json\/wp\/v2\/media?parent=134456"}],"wp:term":[{"taxonomy":"category","embeddable":true,"href":"https:\/\/www.europesays.com\/fi\/wp-json\/wp\/v2\/categories?post=134456"},{"taxonomy":"post_tag","embeddable":true,"href":"https:\/\/www.europesays.com\/fi\/wp-json\/wp\/v2\/tags?post=134456"}],"curies":[{"name":"wp","href":"https:\/\/api.w.org\/{rel}","templated":true}]}}