{"id":134484,"date":"2026-01-06T00:09:06","date_gmt":"2026-01-06T00:09:06","guid":{"rendered":"https:\/\/www.europesays.com\/fi\/134484\/"},"modified":"2026-01-06T00:09:06","modified_gmt":"2026-01-06T00:09:06","slug":"beata-leppilammen-ulkonaossa-tapahtui-muutos-katso-kuvat","status":"publish","type":"post","link":"https:\/\/www.europesays.com\/fi\/134484\/","title":{"rendered":"Beata Leppilammen ulkon\u00e4\u00f6ss\u00e4 tapahtui muutos \u2013 katso kuvat"},"content":{"rendered":"<p><strong>Mikko Leppilammen<\/strong> vaimo <strong>Beata Leppilampi<\/strong> on paljon miest\u00e4\u00e4n ahkerampi p\u00e4ivitt\u00e4m\u00e4\u00e4n sometilej\u00e4\u00e4n. H\u00e4n kertoo niiss\u00e4 usein perheens\u00e4 el\u00e4m\u00e4st\u00e4. T\u00e4ll\u00e4 kerralla h\u00e4n n\u00e4ytt\u00e4\u00e4 niiss\u00e4 muuttunutta ulkon\u00e4k\u00f6\u00e4\u00e4n.<\/p>\n<p>\u2013 Chop chop, on Beata kirjoittanut julkaisuunsa saksien ja syd\u00e4mien kera.<\/p>\n<p>Lue my\u00f6s: <a href=\"https:\/\/www.voice.fi\/muoti-ja-kauneus\/il-sanotko-sinakin-nain-kampaajan-tuolissa-kaikkein-yleisin-pyynto-arsyttaa-ammattilaisia\" title=\"IL: Sanotko sin\u00e4kin n\u00e4in kampaajan tuolissa? \u2013 Kaikkein yleisin pyynt\u00f6 \u00e4rsytt\u00e4\u00e4 ammattilaisia\" class=\"underline-custom !font-montserrat !font-bold !underline-offset-4 !decoration-4 !decoration-tilt-light !text-md\" rel=\"nofollow noopener\" target=\"_blank\">IL: Sanotko sin\u00e4kin n\u00e4in kampaajan tuolissa? \u2013 Kaikkein yleisin pyynt\u00f6 \u00e4rsytt\u00e4\u00e4 ammattilaisia<\/a><\/p>\n<p>Julkaisun kuvista selvi\u00e4\u00e4, kuinka Beatan hiukset ovat paljon aiempaa lyhyemm\u00e4t. Sakset ovat toden teolla saksineet h\u00e4nen hiuksiaan.<\/p>\n<p>\u2013 In love, kirjoittaa vuoden 2021 Miss Suomi <strong>Essi Unkuri<\/strong>.<\/p>\n<p>\u2013 Wow, on vuoden 2024 Miss Suomi <strong>Matilda Wirtavuori<\/strong> kommentoinut.<\/p>\n<p>Somevaikuttaja<strong> Sara Sieppi<\/strong> on laittanut kommentiksi pelk\u00e4st\u00e4\u00e4n syd\u00e4mi\u00e4. Moni muukin on kommentoinut Beatan uutta tyyli\u00e4, jota kehutaan muun muassa upeaksi ja ihanaksi.<\/p>\n<p>Beatan sometarinoista l\u00f6ytyy useampi video hiusten muutoksesta. Niist\u00e4 selvi\u00e4\u00e4 my\u00f6s, miss\u00e4 Beata on k\u00e4ynyt kampaajalla. <\/p>\n<p>N\u00e4et Beatan uuden hiustyylin t\u00e4st\u00e4 alta tai <a href=\"https:\/\/www.instagram.com\/p\/DTIheuKjA4s\/?utm_source=ig_web_copy_link&amp;igsh=MzRlODBiNWFlZA==\" target=\"_blank\" rel=\"noreferrer noopener nofollow\">t\u00e4\u00e4lt\u00e4<\/a>.<\/p>\n<p>\t\t\t\t\t<script async src=\"\/\/www.instagram.com\/embed.js\"><\/script><\/p>\n","protected":false},"excerpt":{"rendered":"Mikko Leppilammen vaimo Beata Leppilampi on paljon miest\u00e4\u00e4n ahkerampi p\u00e4ivitt\u00e4m\u00e4\u00e4n sometilej\u00e4\u00e4n. H\u00e4n kertoo niiss\u00e4 usein perheens\u00e4 el\u00e4m\u00e4st\u00e4. T\u00e4ll\u00e4&hellip;\n","protected":false},"author":2,"featured_media":134485,"comment_status":"","ping_status":"","sticky":false,"template":"","format":"standard","meta":{"footnotes":""},"categories":[136],"tags":[3369,407,137,33,31,30,408,32,109],"class_list":{"0":"post-134484","1":"post","2":"type-post","3":"status-publish","4":"format-standard","5":"has-post-thumbnail","7":"category-julkkikset","8":"tag-beata-leppilampi","9":"tag-celebrities","10":"tag-entertainment","11":"tag-fi","12":"tag-finland","13":"tag-finnish","14":"tag-julkkikset","15":"tag-suomi","16":"tag-viihde"},"share_on_mastodon":{"url":"https:\/\/pubeurope.com\/@fi\/115845251927957112","error":""},"_links":{"self":[{"href":"https:\/\/www.europesays.com\/fi\/wp-json\/wp\/v2\/posts\/134484","targetHints":{"allow":["GET"]}}],"collection":[{"href":"https:\/\/www.europesays.com\/fi\/wp-json\/wp\/v2\/posts"}],"about":[{"href":"https:\/\/www.europesays.com\/fi\/wp-json\/wp\/v2\/types\/post"}],"author":[{"embeddable":true,"href":"https:\/\/www.europesays.com\/fi\/wp-json\/wp\/v2\/users\/2"}],"replies":[{"embeddable":true,"href":"https:\/\/www.europesays.com\/fi\/wp-json\/wp\/v2\/comments?post=134484"}],"version-history":[{"count":0,"href":"https:\/\/www.europesays.com\/fi\/wp-json\/wp\/v2\/posts\/134484\/revisions"}],"wp:featuredmedia":[{"embeddable":true,"href":"https:\/\/www.europesays.com\/fi\/wp-json\/wp\/v2\/media\/134485"}],"wp:attachment":[{"href":"https:\/\/www.europesays.com\/fi\/wp-json\/wp\/v2\/media?parent=134484"}],"wp:term":[{"taxonomy":"category","embeddable":true,"href":"https:\/\/www.europesays.com\/fi\/wp-json\/wp\/v2\/categories?post=134484"},{"taxonomy":"post_tag","embeddable":true,"href":"https:\/\/www.europesays.com\/fi\/wp-json\/wp\/v2\/tags?post=134484"}],"curies":[{"name":"wp","href":"https:\/\/api.w.org\/{rel}","templated":true}]}}