{"id":134488,"date":"2026-01-06T00:17:13","date_gmt":"2026-01-06T00:17:13","guid":{"rendered":"https:\/\/www.europesays.com\/fi\/134488\/"},"modified":"2026-01-06T00:17:13","modified_gmt":"2026-01-06T00:17:13","slug":"mika-salon-vaimon-annican-poika-on-loytynyt","status":"publish","type":"post","link":"https:\/\/www.europesays.com\/fi\/134488\/","title":{"rendered":"Mika Salon vaimon Annican poika on l\u00f6ytynyt"},"content":{"rendered":"<p>Mika Salo kertoi aiemmin maanantaina Annica-vaimonsa pojan kadonneen.<\/p>\n<p><img decoding=\"async\" class=\"image image-show image-preview\" src=\"https:\/\/www.europesays.com\/fi\/wp-content\/uploads\/2026\/01\/439e248c1ddc1676db9e98ce8d28fda1cf6c2724ef5a314ffa47b84aa7e34adf.jpg\" alt=\"\"\/><img decoding=\"async\" class=\"image image-show\" src=\"https:\/\/www.europesays.com\/fi\/wp-content\/uploads\/2026\/01\/1767658633_275_439e248c1ddc1676db9e98ce8d28fda1cf6c2724ef5a314ffa47b84aa7e34adf.jpg\" alt=\"\"\/><\/p>\n<p>Annica Salon Alec-poika ilmoitettiin aiemmin t\u00e4n\u00e4\u00e4n kadonneeksi. MATTI MATIKAINEN<\/p>\n<p class=\"paragraph\">Formulalegenda <a href=\"https:\/\/www.iltalehti.fi\/henkilot\/Mika Salo\" class=\"article-link-person-page\" rel=\"nofollow noopener\" target=\"_blank\">Mika Salo<\/a> kertoi aiemmin t\u00e4n\u00e4\u00e4n vaimonsa <strong>Annica Salon<\/strong> (ent. Lindblom) <strong>Alec<\/strong>-pojan kadonneen.<\/p>\n<p class=\"paragraph\">Nyt Mika kertoo sek\u00e4 Instagram-tarinoissaan ett\u00e4 katoamisesta tiedottavassa julkaisussaan, ett\u00e4 poika on l\u00f6ytynyt.<\/p>\n<p class=\"paragraph\">\u2013 Alec on l\u00f6ytynyt. Kiitos siit\u00e4 kaikille jotka auttoivat etsinn\u00f6iss\u00e4 jakamalla julkaisua. Emme tule kommentoimaan tilannetta enemp\u00e4\u00e4, h\u00e4n kirjoittaa.<\/p>\n<p class=\"paragraph\">Jos julkaisu ei n\u00e4y, voit katsoa sen <a href=\"https:\/\/www.instagram.com\/p\/DTIt-2mjKDz\/\" target=\"_blank\" rel=\"noopener nofollow\">t\u00e4st\u00e4<\/a>.<\/p>\n<p class=\"paragraph\">Mika Salo julkaisi aiemmin t\u00e4n\u00e4\u00e4n Instagramissa ilmoituksen h\u00e4nen vaimonsa Annican pojan katoamisesta.<\/p>\n<p class=\"paragraph\">P\u00e4ivityksess\u00e4 kerrottiin, ett\u00e4 poika oli n\u00e4hty viimeksi 3.1. lauantai-iltana. Alec on 16-vuotias ja 176 cm pitk\u00e4. Muina tuntomerkkein\u00e4 kuvailtiin: urheilullisen n\u00e4k\u00f6inen, vaaleat hiukset ja ruskeat silm\u00e4t.<\/p>\n<p class=\"paragraph\">Pojalla kerrottiin olleen p\u00e4\u00e4ll\u00e4\u00e4n musta polviin ylt\u00e4v\u00e4 untuvatakki. H\u00e4nen kuvailtiin mahdollisesti liikkuneen miss\u00e4 p\u00e4in Suomea tahansa, erityisesti p\u00e4\u00e4kaupunkiseudulla.<\/p>\n<p class=\"paragraph\">\u2013 Huoli meill\u00e4 l\u00e4heisill\u00e4 on nyt niin suuri, julkaisussa luki.<\/p>\n<p class=\"paragraph\">Mahdollisesti pojan n\u00e4hneit\u00e4 pyydettiin ilmoittamaan asiasta h\u00e4t\u00e4keskukseen.<\/p>\n<p class=\"paragraph\">Mika ja Annica Salo j\u00e4ttiv\u00e4t avioerohakemuksen L\u00e4nsi-Uudenmaan k\u00e4r\u00e4j\u00e4oikeuteen 17. joulukuuta 2025. Kaksikko tuli kuitenkin katumap\u00e4\u00e4lle ja he j\u00e4ttiv\u00e4t k\u00e4r\u00e4j\u00e4oikeuteen kirjalliset peruutukset avioerohakemukseensa 22. joulukuuta.<\/p>\n<p class=\"paragraph\">Aviokriisin j\u00e4lkeen Mika on tehnyt selv\u00e4ksi, ett\u00e4 pariskunnalla menee taas hyvin.<\/p>\n<p class=\"paragraph\">\u2013 Olemme vahvempia kuin koskaan. Rakastan vaimoani, h\u00e4n on paras yst\u00e4v\u00e4ni ja tukijani, maailman kaunein ihminen, <a href=\"https:\/\/www.iltalehti.fi\/viihdeuutiset\/90ad26a6-d31f-4a5a-880e-fc3d0eb85e79\" rel=\"nofollow noopener\" target=\"_blank\">Salo kirjoitti<\/a> Instagramissa joulukuun lopulla.<\/p>\n<p class=\"paragraph\">\u2013 Vuosi on ollut vaikea perheellemme, mutta yhteinen tulevaisuus on ainoa asia, joka merkitsee. Ja se n\u00e4ytt\u00e4\u00e4 hyv\u00e4lt\u00e4. Muille ihmisille ei ole tilaa. Onneksi t\u00e4m\u00e4 vuosi on nyt ohi, h\u00e4n lis\u00e4si lopuksi.<\/p>\n<p class=\"paragraph\">Mika Salo ja Annica Salo avioituivat syyskuussa 2023 Las Vegasissa. H\u00e4it\u00e4 juhlittiin viel\u00e4 my\u00f6hemmin my\u00f6s Suomessa, H\u00e4meenlinnassa. Pari seurusteli l\u00e4hes kolme vuotta ennen avioitumistaan.<\/p>\n<p class=\"paragraph\">Mikalla on aiemmasta suhteestaan kaksi lasta, <strong>Max<\/strong> ja <strong>Mai<\/strong>. Annicalla on puolestaan kolme lasta.<\/p>\n<p><script async src=\"\/\/www.instagram.com\/embed.js\"><\/script><\/p>\n","protected":false},"excerpt":{"rendered":"Mika Salo kertoi aiemmin maanantaina Annica-vaimonsa pojan kadonneen. Annica Salon Alec-poika ilmoitettiin aiemmin t\u00e4n\u00e4\u00e4n kadonneeksi. MATTI MATIKAINEN Formulalegenda&hellip;\n","protected":false},"author":2,"featured_media":134489,"comment_status":"","ping_status":"","sticky":false,"template":"","format":"standard","meta":{"footnotes":""},"categories":[130],"tags":[35,1074,137,33,31,30,101,99,98,103,32,109],"class_list":{"0":"post-134488","1":"post","2":"type-post","3":"status-publish","4":"format-standard","5":"has-post-thumbnail","7":"category-viihde","8":"tag-24h","9":"tag-avioliitto-ja-parisuhde","10":"tag-entertainment","11":"tag-fi","12":"tag-finland","13":"tag-finnish","14":"tag-ihmissuhteet","15":"tag-lapset","16":"tag-perhe","17":"tag-sosiaalikysymykset","18":"tag-suomi","19":"tag-viihde"},"share_on_mastodon":{"url":"https:\/\/pubeurope.com\/@fi\/115845283373714222","error":""},"_links":{"self":[{"href":"https:\/\/www.europesays.com\/fi\/wp-json\/wp\/v2\/posts\/134488","targetHints":{"allow":["GET"]}}],"collection":[{"href":"https:\/\/www.europesays.com\/fi\/wp-json\/wp\/v2\/posts"}],"about":[{"href":"https:\/\/www.europesays.com\/fi\/wp-json\/wp\/v2\/types\/post"}],"author":[{"embeddable":true,"href":"https:\/\/www.europesays.com\/fi\/wp-json\/wp\/v2\/users\/2"}],"replies":[{"embeddable":true,"href":"https:\/\/www.europesays.com\/fi\/wp-json\/wp\/v2\/comments?post=134488"}],"version-history":[{"count":0,"href":"https:\/\/www.europesays.com\/fi\/wp-json\/wp\/v2\/posts\/134488\/revisions"}],"wp:featuredmedia":[{"embeddable":true,"href":"https:\/\/www.europesays.com\/fi\/wp-json\/wp\/v2\/media\/134489"}],"wp:attachment":[{"href":"https:\/\/www.europesays.com\/fi\/wp-json\/wp\/v2\/media?parent=134488"}],"wp:term":[{"taxonomy":"category","embeddable":true,"href":"https:\/\/www.europesays.com\/fi\/wp-json\/wp\/v2\/categories?post=134488"},{"taxonomy":"post_tag","embeddable":true,"href":"https:\/\/www.europesays.com\/fi\/wp-json\/wp\/v2\/tags?post=134488"}],"curies":[{"name":"wp","href":"https:\/\/api.w.org\/{rel}","templated":true}]}}