{"id":134492,"date":"2026-01-06T00:21:09","date_gmt":"2026-01-06T00:21:09","guid":{"rendered":"https:\/\/www.europesays.com\/fi\/134492\/"},"modified":"2026-01-06T00:21:09","modified_gmt":"2026-01-06T00:21:09","slug":"t24-iso-muutos-liikennekuolemissa-kaksi-ryhmaa-aiheuttaa-viron-poliisille-huolta-teemat","status":"publish","type":"post","link":"https:\/\/www.europesays.com\/fi\/134492\/","title":{"rendered":"T24 | Iso muutos liikennekuolemissa \u2013 kaksi ryhm\u00e4\u00e4 aiheuttaa Viron poliisille huolta | Teemat"},"content":{"rendered":"<p>Edellisen kerran liikennekuolemien m\u00e4\u00e4r\u00e4 oli n\u00e4in alhainen vuonna 2017, jolloin onnettomuuksissa kuoli 48 ihmist\u00e4.<\/p>\n<p>Viel\u00e4 vuonna 2011 liikenneonnettomuuksissa kuoli Virossa yli 100 ihmist\u00e4 vuodessa ja vuonna 1991 m\u00e4\u00e4r\u00e4 oli jopa 491 ihmist\u00e4.<\/p>\n<p><strong class=\"diks-storyline__impact\">Viron poliisi- ja rajavartiolaitoksen<\/strong> liikennevalvonnan johtajan <strong>Taavi Kirssin<\/strong> mukaan hyvist\u00e4 tuloksista pit\u00e4\u00e4 kiitt\u00e4\u00e4 kaikkia tienk\u00e4ytt\u00e4ji\u00e4.<\/p>\n<p>\u2013 Tilanne on parantunut merkitt\u00e4v\u00e4sti ja onnettomuudet ovat v\u00e4hentyneet kaikissa ajoluokissa. Suurin huolenaiheemme ovat moottoripy\u00f6r\u00e4onnettomuudet, jotka lis\u00e4\u00e4ntyv\u00e4t erityisesti kes\u00e4n aikana, Kirss kommentoi <a href=\"https:\/\/news.err.ee\/1609898299\/estonia-to-see-lowest-number-of-traffic-deaths-in-decades-in-2025\" rel=\"nofollow noopener\" target=\"_blank\">Viron yleisradiolle<\/a>.<\/p>\n<p><strong class=\"diks-storyline__impact\">My\u00f6s jalankulkijoihin<\/strong> liittyv\u00e4t onnettomuudet ovat huolenaihe poliisille. Vaikka niiden m\u00e4\u00e4r\u00e4 v\u00e4heni, ne olivat traagisempia kuin edellisvuonna.<\/p>\n<p><strong class=\"diks-storyline__impact\">Viron hallituksen<\/strong> joulukuussa 2025 hyv\u00e4ksym\u00e4n liikenneturvallisuusohjelman tavoite on saada liikennekuolemien m\u00e4\u00e4r\u00e4 enint\u00e4\u00e4n 22 tapaukseen vuoteen 2035 menness\u00e4.<\/p>\n<p>Viro aikoo edist\u00e4\u00e4 liikenneturvallisuuden parantamista ensisijaisesti investoimalla turvallisempaan infrastruktuuriin, johon liittyv\u00e4t esimerkiksi teiden parannukset ja vaarallisten kohtien poistaminen tieverkostosta.<\/p>\n","protected":false},"excerpt":{"rendered":"Edellisen kerran liikennekuolemien m\u00e4\u00e4r\u00e4 oli n\u00e4in alhainen vuonna 2017, jolloin onnettomuuksissa kuoli 48 ihmist\u00e4. Viel\u00e4 vuonna 2011 liikenneonnettomuuksissa&hellip;\n","protected":false},"author":2,"featured_media":134493,"comment_status":"","ping_status":"","sticky":false,"template":"","format":"standard","meta":{"footnotes":""},"categories":[14],"tags":[22,23,26,27,33,31,30,17,24,25,990,28,29,15,18,21,54,52,32,3593,128,19,20,546,56,16,4029,59,60,61],"class_list":{"0":"post-134492","1":"post","2":"type-post","3":"status-publish","4":"format-standard","5":"has-post-thumbnail","7":"category-ulkomaat","8":"tag-breaking-news","9":"tag-breakingnews","10":"tag-featured-news","11":"tag-featurednews","12":"tag-fi","13":"tag-finland","14":"tag-finnish","15":"tag-headlines","16":"tag-latest-news","17":"tag-latestnews","18":"tag-liikenneonnettomuudet","19":"tag-main-news","20":"tag-mainnews","21":"tag-news","22":"tag-otsikot","23":"tag-paauutiset","24":"tag-pelastuspalvelut","25":"tag-poliisi","26":"tag-suomi","27":"tag-tallinna24","28":"tag-tieliikenne","29":"tag-top-stories","30":"tag-topstories","31":"tag-turvallisuus","32":"tag-ulkomaat","33":"tag-uutiset","34":"tag-viro","35":"tag-world","36":"tag-world-news","37":"tag-worldnews"},"share_on_mastodon":{"url":"https:\/\/pubeurope.com\/@fi\/115845299240208468","error":""},"_links":{"self":[{"href":"https:\/\/www.europesays.com\/fi\/wp-json\/wp\/v2\/posts\/134492","targetHints":{"allow":["GET"]}}],"collection":[{"href":"https:\/\/www.europesays.com\/fi\/wp-json\/wp\/v2\/posts"}],"about":[{"href":"https:\/\/www.europesays.com\/fi\/wp-json\/wp\/v2\/types\/post"}],"author":[{"embeddable":true,"href":"https:\/\/www.europesays.com\/fi\/wp-json\/wp\/v2\/users\/2"}],"replies":[{"embeddable":true,"href":"https:\/\/www.europesays.com\/fi\/wp-json\/wp\/v2\/comments?post=134492"}],"version-history":[{"count":0,"href":"https:\/\/www.europesays.com\/fi\/wp-json\/wp\/v2\/posts\/134492\/revisions"}],"wp:featuredmedia":[{"embeddable":true,"href":"https:\/\/www.europesays.com\/fi\/wp-json\/wp\/v2\/media\/134493"}],"wp:attachment":[{"href":"https:\/\/www.europesays.com\/fi\/wp-json\/wp\/v2\/media?parent=134492"}],"wp:term":[{"taxonomy":"category","embeddable":true,"href":"https:\/\/www.europesays.com\/fi\/wp-json\/wp\/v2\/categories?post=134492"},{"taxonomy":"post_tag","embeddable":true,"href":"https:\/\/www.europesays.com\/fi\/wp-json\/wp\/v2\/tags?post=134492"}],"curies":[{"name":"wp","href":"https:\/\/api.w.org\/{rel}","templated":true}]}}