{"id":134514,"date":"2026-01-06T01:09:11","date_gmt":"2026-01-06T01:09:11","guid":{"rendered":"https:\/\/www.europesays.com\/fi\/134514\/"},"modified":"2026-01-06T01:09:11","modified_gmt":"2026-01-06T01:09:11","slug":"mtv-salkkareissa-puhaltavat-jalleen-muutoksen-tuulet-perati-kolme-hahmoa-poistuu","status":"publish","type":"post","link":"https:\/\/www.europesays.com\/fi\/134514\/","title":{"rendered":"MTV: Salkkareissa puhaltavat j\u00e4lleen muutoksen tuulet \u2013 per\u00e4ti kolme hahmoa poistuu"},"content":{"rendered":"<p>Suosikkisaippuasarja Salattujen el\u00e4mien roolihahmojen keskuudessa on k\u00e4ynyt viime aikoina vilske.<\/p>\n<p>Sarjasta ovat l\u00e4hteneet ainakin <a href=\"https:\/\/www.voice.fi\/viihde\/il-kaksi-rakastettua-hahmoa-poistuu-salatuista-elamista\" target=\"_blank\" rel=\"noreferrer noopener nofollow\"><strong>Tiia Elgin<\/strong> n\u00e4yttelem\u00e4 Eva, <strong>Markku Pullin<\/strong> esitt\u00e4m\u00e4 Joonatan<\/a> sek\u00e4 <a href=\"https:\/\/www.voice.fi\/viihde\/mikko-parikan-nayttelema-jiri-poistuu-salatuista-elamista\" target=\"_blank\" rel=\"noreferrer noopener nofollow\"><strong>Mikko Parikan<\/strong> hahmo Jiri<\/a>, ja hiljattain <a href=\"https:\/\/www.voice.fi\/viihde\/alissa-palaa-salattuihin-elamiin-ravakasti\" target=\"_blank\" rel=\"noreferrer noopener nofollow\">uutisoimme <strong>Johanna Puhakan<\/strong> rakastetun Alissa-hahmon<\/a> paluusta.<\/p>\n<p>Lue my\u00f6s: <a href=\"https:\/\/www.voice.fi\/viihde\/il-kaksi-rakastettua-hahmoa-poistuu-salatuista-elamista\" title=\"Kaksi rakastettua hahmoa poistuu Salatuista el\u00e4mist\u00e4\" class=\"underline-custom !font-montserrat !font-bold !underline-offset-4 !decoration-4 !decoration-tilt-light !text-md\" rel=\"nofollow noopener\" target=\"_blank\">Kaksi rakastettua hahmoa poistuu Salatuista el\u00e4mist\u00e4<\/a><\/p>\n<p>Lue my\u00f6s: <a href=\"https:\/\/www.voice.fi\/viihde\/mikko-parikan-nayttelema-jiri-poistuu-salatuista-elamista\" title=\"Mikko Parikan n\u00e4yttelem\u00e4 Jiri poistuu Salatuista el\u00e4mist\u00e4\" class=\"underline-custom !font-montserrat !font-bold !underline-offset-4 !decoration-4 !decoration-tilt-light !text-md\" rel=\"nofollow noopener\" target=\"_blank\">Mikko Parikan n\u00e4yttelem\u00e4 Jiri poistuu Salatuista el\u00e4mist\u00e4<\/a><\/p>\n<p>Nyt <a href=\"https:\/\/www.mtvuutiset.fi\/artikkeli\/armeija-kutsuu-kolme-salkkarit-tahtea-jattaa-sarjan-suuntana-sama-varuskunta\/9277064\" target=\"_blank\" rel=\"noreferrer noopener nofollow\">MTV<\/a> kertoo muutoksen tuulten puhaltavan j\u00e4lleen, kun sarjasta l\u00e4htee per\u00e4ti kolme hahmoa. T\u00e4ll\u00e4 kertaa poistuvat <strong>Elmeri Yl\u00e4-Raution<\/strong> esitt\u00e4m\u00e4 Matias, <strong>Akseli Sarvilinnan<\/strong> hahmo Vertti ja <strong>Leevi Rapelin<\/strong> n\u00e4yttelem\u00e4 Magnus.<\/p>\n<p>Nuorilla miehill\u00e4 on l\u00e4ht\u00f6\u00f6ns\u00e4 yhteinen syy: varusmiespalvelus. Toisiaan he eiv\u00e4t kuitenkaan joudu hyv\u00e4stelem\u00e4\u00e4n, sill\u00e4 kolmikkoa kutsuu sama Upinniemen varuskunta.<\/p>\n<p>Rapeli kertoo MTV:n haastattelussa odottavansa armeijaa positiivisin mielin:<\/p>\n<p>Lue my\u00f6s: <a href=\"https:\/\/www.voice.fi\/viihde\/alissa-palaa-salattuihin-elamiin-ravakasti\" title=\"Alissa palaa Salattuihin el\u00e4miin r\u00e4v\u00e4k\u00e4sti\" class=\"underline-custom !font-montserrat !font-bold !underline-offset-4 !decoration-4 !decoration-tilt-light !text-md\" rel=\"nofollow noopener\" target=\"_blank\">Alissa palaa Salattuihin el\u00e4miin r\u00e4v\u00e4k\u00e4sti<\/a><\/p>\n<p>Lue my\u00f6s: <a href=\"https:\/\/www.voice.fi\/ilmiot\/a-177883\" title=\"Salatut el\u00e4m\u00e4t -t\u00e4hti julkaisi liikuttavan kuvan viimeisen kohtauksensa j\u00e4lkeen: &quot;Vahva lopun tuntu&quot;\" class=\"underline-custom !font-montserrat !font-bold !underline-offset-4 !decoration-4 !decoration-tilt-light !text-md\" rel=\"nofollow noopener\" target=\"_blank\">Salatut el\u00e4m\u00e4t -t\u00e4hti julkaisi liikuttavan kuvan viimeisen kohtauksensa j\u00e4lkeen: &#8221;Vahva lopun tuntu&#8221;<\/a><\/p>\n<p>\u2013 Minua ei harmita l\u00e4hte\u00e4 armeijaan. Uskon, ett\u00e4 se on varmasti ihan hauska kokemus. P\u00e4\u00e4see tapaamaan uusia ihmisi\u00e4, ja harvemmin sit\u00e4 p\u00e4\u00e4see viett\u00e4m\u00e4\u00e4n viikkoja mets\u00e4ss\u00e4.<\/p>\n<p>Yl\u00e4-Rautio uskoo niin ik\u00e4\u00e4n hy\u00f6tyv\u00e4ns\u00e4 varusmiesajastaan.<\/p>\n<p>\u2013 Helppoa armeijassa ei tule varmasti olemaan, mutta uskon, ett\u00e4 siit\u00e4 saa el\u00e4m\u00e4\u00e4n paljon uusia taitoja ja kokemuksia.<\/p>\n","protected":false},"excerpt":{"rendered":"Suosikkisaippuasarja Salattujen el\u00e4mien roolihahmojen keskuudessa on k\u00e4ynyt viime aikoina vilske. Sarjasta ovat l\u00e4hteneet ainakin Tiia Elgin n\u00e4yttelem\u00e4 Eva,&hellip;\n","protected":false},"author":2,"featured_media":134515,"comment_status":"","ping_status":"","sticky":false,"template":"","format":"standard","meta":{"footnotes":""},"categories":[130],"tags":[137,33,31,30,23608,12326,4463,32,109],"class_list":{"0":"post-134514","1":"post","2":"type-post","3":"status-publish","4":"format-standard","5":"has-post-thumbnail","7":"category-viihde","8":"tag-entertainment","9":"tag-fi","10":"tag-finland","11":"tag-finnish","12":"tag-hahmo-poistuu","13":"tag-salatut-elu00e4mu00e4t","14":"tag-salkkarit","15":"tag-suomi","16":"tag-viihde"},"share_on_mastodon":{"url":"https:\/\/pubeurope.com\/@fi\/115845487853791170","error":""},"_links":{"self":[{"href":"https:\/\/www.europesays.com\/fi\/wp-json\/wp\/v2\/posts\/134514","targetHints":{"allow":["GET"]}}],"collection":[{"href":"https:\/\/www.europesays.com\/fi\/wp-json\/wp\/v2\/posts"}],"about":[{"href":"https:\/\/www.europesays.com\/fi\/wp-json\/wp\/v2\/types\/post"}],"author":[{"embeddable":true,"href":"https:\/\/www.europesays.com\/fi\/wp-json\/wp\/v2\/users\/2"}],"replies":[{"embeddable":true,"href":"https:\/\/www.europesays.com\/fi\/wp-json\/wp\/v2\/comments?post=134514"}],"version-history":[{"count":0,"href":"https:\/\/www.europesays.com\/fi\/wp-json\/wp\/v2\/posts\/134514\/revisions"}],"wp:featuredmedia":[{"embeddable":true,"href":"https:\/\/www.europesays.com\/fi\/wp-json\/wp\/v2\/media\/134515"}],"wp:attachment":[{"href":"https:\/\/www.europesays.com\/fi\/wp-json\/wp\/v2\/media?parent=134514"}],"wp:term":[{"taxonomy":"category","embeddable":true,"href":"https:\/\/www.europesays.com\/fi\/wp-json\/wp\/v2\/categories?post=134514"},{"taxonomy":"post_tag","embeddable":true,"href":"https:\/\/www.europesays.com\/fi\/wp-json\/wp\/v2\/tags?post=134514"}],"curies":[{"name":"wp","href":"https:\/\/api.w.org\/{rel}","templated":true}]}}