{"id":134534,"date":"2026-01-06T01:41:08","date_gmt":"2026-01-06T01:41:08","guid":{"rendered":"https:\/\/www.europesays.com\/fi\/134534\/"},"modified":"2026-01-06T01:41:08","modified_gmt":"2026-01-06T01:41:08","slug":"washingtonissa-aiotaan-marssia-kongressimellakan-vuosipaivana-uutisia-lyhyesti","status":"publish","type":"post","link":"https:\/\/www.europesays.com\/fi\/134534\/","title":{"rendered":"Washingtonissa aiotaan marssia kongressimellakan vuosip\u00e4iv\u00e4n\u00e4 | Uutisia lyhyesti"},"content":{"rendered":"<p class=\"aw-1gybjub aw-5vja16 kEtdKx kmuxyA yle__article__paragraph\">Trump armahti kongressin valtausta viisi vuotta sitten yritt\u00e4neit\u00e4 toisen presidenttikautensa ensimm\u00e4isen\u00e4 p\u00e4iv\u00e4n\u00e4.<\/p>\n<p><img decoding=\"async\" alt=\"Trumpin tukijoita kongressitalossa 6. tammikuuta 2021. \" src=\"https:\/\/www.europesays.com\/fi\/wp-content\/uploads\/2026\/01\/39-83580360ffd86d6e01f.jpeg\" class=\"aw-1l9m598 hKVVvP\"\/><\/p>\n<p>Avaa kuvien katselu<\/p>\n<p>Trumpin tukijat valtasivat kongressitalon 6. tammikuuta 2021. Kuva: Jim Lo Scalzo \/ EPA<\/p>\n<p class=\"aw-1gybjub aw-1p7kakr kEtdKx cEmitX yle__article__paragraph\">Yhdysvalloissa muistetaan t\u00e4n\u00e4\u00e4n viiden vuoden takaista kongressin valtausyrityst\u00e4 Washingtonissa.<\/p>\n<p class=\"aw-1gybjub aw-1p7kakr kEtdKx cEmitX yle__article__paragraph\">Presidentti <strong class=\"aw-ak79eh KyCXm yle__article__strong\">Donald Trumpin<\/strong> sittemmin armahtamat mellakoinnista tuomitut aikovat marssia Capitol-kukkulalla poliisin luoteihin valtausyrityksess\u00e4 kuolleen <strong class=\"aw-ak79eh KyCXm yle__article__strong\">Ashli Babbittin<\/strong> muistoksi. Mellakan yhteydess\u00e4 kuoli lis\u00e4ksi ainakin nelj\u00e4 muuta henkil\u00f6\u00e4, mutta Babbitt oli ainoa, joka ammuttiin.<\/p>\n<p class=\"aw-1gybjub aw-1p7kakr kEtdKx cEmitX yle__article__paragraph\">\u00c4\u00e4rioikeistolaisen Proud Boys -j\u00e4rjest\u00f6n entisen johtajan <strong class=\"aw-ak79eh KyCXm yle__article__strong\">Enrique Tarrion<\/strong> mukaan marssi on tarkoitettu is\u00e4nmaalliseksi ja rauhanomaiseksi. H\u00e4n kehotti kutsussaan levottomuuksia haluavia pysym\u00e4\u00e4n kotonaan.<\/p>\n<p class=\"aw-1gybjub aw-1p7kakr kEtdKx cEmitX yle__article__paragraph\">Edustajainhuoneen demokraattinen v\u00e4hemmist\u00f6johtaja <strong class=\"aw-ak79eh KyCXm yle__article__strong\">Hakeem Jeffries<\/strong> on puolestaan kutsunut vuosip\u00e4iv\u00e4ksi koolle mellakan tutkimista varten perustetun ja Trumpin hallinnon silm\u00e4tikuksi joutuneen erityisvaliokunnan. Kokouksessa on Jeffriesin mukaan tarkoitus k\u00e4sitell\u00e4 muun muassa sit\u00e4, ett\u00e4 Trumpin armahtamista v\u00e4kivaltaisista henkil\u00f6ist\u00e4 monet ovat jo syyllistyneet uusiin rikoksiin.<\/p>\n<p class=\"aw-1gybjub aw-1p7kakr kEtdKx cEmitX yle__article__paragraph\">Trumpin kannattajat hy\u00f6kk\u00e4siv\u00e4t kongressitaloon loppiaisena 2021, kun kongressi oli vahvistamassa <strong class=\"aw-ak79eh KyCXm yle__article__strong\">Joe Bidenin<\/strong> presidentinvaalivoittoa. Trump armahti l\u00e4hes 1 600 valtausyritykseen osallistunutta heti toisen presidenttikautensa ensimm\u00e4isen\u00e4 p\u00e4iv\u00e4n\u00e4.<\/p>\n","protected":false},"excerpt":{"rendered":"Trump armahti kongressin valtausta viisi vuotta sitten yritt\u00e4neit\u00e4 toisen presidenttikautensa ensimm\u00e4isen\u00e4 p\u00e4iv\u00e4n\u00e4. Avaa kuvien katselu Trumpin tukijat valtasivat&hellip;\n","protected":false},"author":2,"featured_media":134535,"comment_status":"","ping_status":"","sticky":false,"template":"","format":"standard","meta":{"footnotes":""},"categories":[5],"tags":[22,23,26,27,33,31,30,17,7039,24,25,28,29,15,18,21,32,19,20,56,16,619],"class_list":{"0":"post-134534","1":"post","2":"type-post","3":"status-publish","4":"format-standard","5":"has-post-thumbnail","7":"category-otsikot","8":"tag-breaking-news","9":"tag-breakingnews","10":"tag-featured-news","11":"tag-featurednews","12":"tag-fi","13":"tag-finland","14":"tag-finnish","15":"tag-headlines","16":"tag-hyokkays-usan-kongressiin","17":"tag-latest-news","18":"tag-latestnews","19":"tag-main-news","20":"tag-mainnews","21":"tag-news","22":"tag-otsikot","23":"tag-paauutiset","24":"tag-suomi","25":"tag-top-stories","26":"tag-topstories","27":"tag-ulkomaat","28":"tag-uutiset","29":"tag-yhdysvallat"},"share_on_mastodon":{"url":"https:\/\/pubeurope.com\/@fi\/115845613641144526","error":""},"_links":{"self":[{"href":"https:\/\/www.europesays.com\/fi\/wp-json\/wp\/v2\/posts\/134534","targetHints":{"allow":["GET"]}}],"collection":[{"href":"https:\/\/www.europesays.com\/fi\/wp-json\/wp\/v2\/posts"}],"about":[{"href":"https:\/\/www.europesays.com\/fi\/wp-json\/wp\/v2\/types\/post"}],"author":[{"embeddable":true,"href":"https:\/\/www.europesays.com\/fi\/wp-json\/wp\/v2\/users\/2"}],"replies":[{"embeddable":true,"href":"https:\/\/www.europesays.com\/fi\/wp-json\/wp\/v2\/comments?post=134534"}],"version-history":[{"count":0,"href":"https:\/\/www.europesays.com\/fi\/wp-json\/wp\/v2\/posts\/134534\/revisions"}],"wp:featuredmedia":[{"embeddable":true,"href":"https:\/\/www.europesays.com\/fi\/wp-json\/wp\/v2\/media\/134535"}],"wp:attachment":[{"href":"https:\/\/www.europesays.com\/fi\/wp-json\/wp\/v2\/media?parent=134534"}],"wp:term":[{"taxonomy":"category","embeddable":true,"href":"https:\/\/www.europesays.com\/fi\/wp-json\/wp\/v2\/categories?post=134534"},{"taxonomy":"post_tag","embeddable":true,"href":"https:\/\/www.europesays.com\/fi\/wp-json\/wp\/v2\/tags?post=134534"}],"curies":[{"name":"wp","href":"https:\/\/api.w.org\/{rel}","templated":true}]}}