{"id":134540,"date":"2026-01-06T02:01:11","date_gmt":"2026-01-06T02:01:11","guid":{"rendered":"https:\/\/www.europesays.com\/fi\/134540\/"},"modified":"2026-01-06T02:01:11","modified_gmt":"2026-01-06T02:01:11","slug":"mika-salon-poikapuoli-on-loytynyt","status":"publish","type":"post","link":"https:\/\/www.europesays.com\/fi\/134540\/","title":{"rendered":"Mika Salon poikapuoli on l\u00f6ytynyt"},"content":{"rendered":"<p>Aiemmin t\u00e4n\u00e4\u00e4n maanantaina saatiin tiet\u00e4\u00e4 ex-formulakuski <strong>Mika Salon<\/strong> poikapuolen kadonneen. Kadoksissa ollut <strong>Alec<\/strong> on Mikan <strong>Annica<\/strong>-vaimon poika. Mika ja Annica ilmoittivat pojan katoamisesta yhteisell\u00e4 somejulkaisulla.<\/p>\n<p>Lue my\u00f6s: <a href=\"https:\/\/www.como.fi\/uutiset\/mika-salon-poikapuoli-on-kadonnut-talta-han-nayttaa\/\" title=\"Mika Salon poikapuoli on kadonnut \u2013 t\u00e4lt\u00e4 h\u00e4n n\u00e4ytt\u00e4\u00e4\" class=\"underline-custom !font-montserrat !font-bold !underline-offset-4 !decoration-4 !decoration-red-600 !text-md\" rel=\"nofollow noopener\" target=\"_blank\">Mika Salon poikapuoli on kadonnut \u2013 t\u00e4lt\u00e4 h\u00e4n n\u00e4ytt\u00e4\u00e4<\/a><\/p>\n<p>Somejulkaisua on nyt p\u00e4ivitetty ja sen mukaan poika on l\u00f6ytynyt.<\/p>\n<p>\u2013 L\u00d6YDETTY Edit * Alec on l\u00f6ytynyt. Kiitos siit\u00e4 kaikille, jotka auttoivat etsinn\u00f6iss\u00e4 jakamalla julkaisua. Emme tule kommentoimaan tilannetta enemp\u00e4\u00e4, lukee julkaisussa nyt.<\/p>\n<p>Julkaisussa on esill\u00e4 viel\u00e4 pojan tiedot, joiden perusteella h\u00e4nt\u00e4 saattoi etsi\u00e4. Sen mukaan poika oli kadoksissa lauantaista 3. tammikuuta t\u00e4h\u00e4n hetkeen asti.<\/p>\n<p>N\u00e4et Salojen julkaisun t\u00e4st\u00e4 alta tai <a href=\"https:\/\/www.instagram.com\/p\/DTIt-2mjKDz\/?utm_source=ig_web_copy_link&amp;igsh=MzRlODBiNWFlZA==\" target=\"_blank\" rel=\"noreferrer noopener nofollow\">t\u00e4\u00e4lt\u00e4<\/a>.<\/p>\n<p>Lue my\u00f6s: <a href=\"https:\/\/www.como.fi\/tilaa-comon-uutiskirje\/\" title=\"Tilaa Comon uutiskirje ja tied\u00e4t mist\u00e4 kahvitauolla puhutaan! Nappaa kotimaan tv-vinkit ja puheenaiheet suoraan s\u00e4hk\u00f6postiin t\u00e4st\u00e4.\" class=\"underline-custom !font-montserrat !font-bold !underline-offset-4 !decoration-4 !decoration-red-600 !text-md\" rel=\"nofollow noopener\" target=\"_blank\">Tilaa Comon uutiskirje ja tied\u00e4t mist\u00e4 kahvitauolla puhutaan! Nappaa kotimaan tv-vinkit ja puheenaiheet suoraan s\u00e4hk\u00f6postiin t\u00e4st\u00e4.<\/a><\/p>\n<p>\t\t\t<script async src=\"\/\/www.instagram.com\/embed.js\"><\/script><\/p>\n","protected":false},"excerpt":{"rendered":"Aiemmin t\u00e4n\u00e4\u00e4n maanantaina saatiin tiet\u00e4\u00e4 ex-formulakuski Mika Salon poikapuolen kadonneen. Kadoksissa ollut Alec on Mikan Annica-vaimon poika. Mika&hellip;\n","protected":false},"author":2,"featured_media":134541,"comment_status":"","ping_status":"","sticky":false,"template":"","format":"standard","meta":{"footnotes":""},"categories":[130],"tags":[137,33,31,30,7319,32,109],"class_list":{"0":"post-134540","1":"post","2":"type-post","3":"status-publish","4":"format-standard","5":"has-post-thumbnail","7":"category-viihde","8":"tag-entertainment","9":"tag-fi","10":"tag-finland","11":"tag-finnish","12":"tag-mika-salo","13":"tag-suomi","14":"tag-viihde"},"share_on_mastodon":{"url":"https:\/\/pubeurope.com\/@fi\/115845692282111413","error":""},"_links":{"self":[{"href":"https:\/\/www.europesays.com\/fi\/wp-json\/wp\/v2\/posts\/134540","targetHints":{"allow":["GET"]}}],"collection":[{"href":"https:\/\/www.europesays.com\/fi\/wp-json\/wp\/v2\/posts"}],"about":[{"href":"https:\/\/www.europesays.com\/fi\/wp-json\/wp\/v2\/types\/post"}],"author":[{"embeddable":true,"href":"https:\/\/www.europesays.com\/fi\/wp-json\/wp\/v2\/users\/2"}],"replies":[{"embeddable":true,"href":"https:\/\/www.europesays.com\/fi\/wp-json\/wp\/v2\/comments?post=134540"}],"version-history":[{"count":0,"href":"https:\/\/www.europesays.com\/fi\/wp-json\/wp\/v2\/posts\/134540\/revisions"}],"wp:featuredmedia":[{"embeddable":true,"href":"https:\/\/www.europesays.com\/fi\/wp-json\/wp\/v2\/media\/134541"}],"wp:attachment":[{"href":"https:\/\/www.europesays.com\/fi\/wp-json\/wp\/v2\/media?parent=134540"}],"wp:term":[{"taxonomy":"category","embeddable":true,"href":"https:\/\/www.europesays.com\/fi\/wp-json\/wp\/v2\/categories?post=134540"},{"taxonomy":"post_tag","embeddable":true,"href":"https:\/\/www.europesays.com\/fi\/wp-json\/wp\/v2\/tags?post=134540"}],"curies":[{"name":"wp","href":"https:\/\/api.w.org\/{rel}","templated":true}]}}