{"id":134610,"date":"2026-01-06T04:14:07","date_gmt":"2026-01-06T04:14:07","guid":{"rendered":"https:\/\/www.europesays.com\/fi\/134610\/"},"modified":"2026-01-06T04:14:07","modified_gmt":"2026-01-06T04:14:07","slug":"mielipide-sakset-eivat-enaa-tehoa-hyvinvointivaltion-yllapitoon-on-tartuttava-moottorisahaan","status":"publish","type":"post","link":"https:\/\/www.europesays.com\/fi\/134610\/","title":{"rendered":"Mielipide: Sakset eiv\u00e4t en\u00e4\u00e4 tehoa hyvinvointivaltion yll\u00e4pitoon \u2013 on tartuttava moottorisahaan"},"content":{"rendered":"<p>Suomen talous on syv\u00e4ll\u00e4 suossa ja toimia pit\u00e4\u00e4 tehd\u00e4, jotta meille nuorille ei j\u00e4\u00e4 valtavaa velkataakkaa maksettavaksi. Hyvinvointiyhteiskunnassa eiv\u00e4t pian sakset tehoa, vaan pit\u00e4\u00e4 tarttua moottorisahaan.<\/p>\n<p>Hyvinvointivaltiossamme on syvi\u00e4 rakenteellisia ongelmia. Ik\u00e4\u00e4ntyneiden m\u00e4\u00e4r\u00e4 kasvaa ja syntyvyys laskee. Hyvinvointialueiden budjetti on vuodessa noin 26,2 miljardia euroa ja pelk\u00e4st\u00e4\u00e4n 200 miljoonan euron leikkaukset nostavat vastarinnan. Palveluiden turvaaminen vaatii leikkauksia.<\/p>\n<p>Suomi on maa, jossa kotona makoilusta maksetaan ja ty\u00f6nteosta sek\u00e4 yritt\u00e4misest\u00e4 rangaistaan verottamalla. Kannustinloukut on purettava ja ty\u00f6tt\u00f6mi\u00e4 on kannustettava yritt\u00e4jyyteen. Yritt\u00e4j\u00e4t pit\u00e4v\u00e4t t\u00e4m\u00e4n maan pystyss\u00e4.<\/p>\n<p>Suomi on tulonsiirtoyhteiskunta, jossa heikommassa asemassa olevia tuetaan merkitt\u00e4v\u00e4sti.<\/p>\n<p>Veroja ei pid\u00e4 nostaa, niit\u00e4 pit\u00e4isi laskea. Lahja- ja perint\u00f6veron poistaminen saisi kotimaisia p\u00e4\u00e4omia liikkeelle, helpottaisi sukupolvenvaihdoksia ja yritykset eiv\u00e4t karkaisi ulkomaille. Ruotsissa on poistettu lahja- ja perint\u00f6vero ja Suomessa t\u00e4h\u00e4n ei olla viel\u00e4 pystytty.<\/p>\n<p>Opiskelijoilla on Suomessa todella hyv\u00e4 tilanne muihin maihin verrattuna. Silti osa valittaa tukien leikkaamisesta ja v\u00e4hyydest\u00e4. Ty\u00f6nteko tai opintolaina pit\u00e4isi olla ensisijainen tapa rahoittaa omat opintonsa.<\/p>\n<p>Rakenteet eiv\u00e4t kest\u00e4, vaan on teht\u00e4v\u00e4 toimia ennen kuin talo sortuu. Vaikka talous l\u00e4htisi nousuun, ei se poista sit\u00e4 tosiasiaa, ett\u00e4 valtion menot kasvavat. Poliittisia p\u00e4\u00e4t\u00f6ksi\u00e4 ei pit\u00e4isi tehd\u00e4 vaalien takia, vaan tulevien sukupolvien. Radikaaleja p\u00e4\u00e4t\u00f6ksi\u00e4 ja rakenteellisia muutoksia on teht\u00e4v\u00e4. Hyvinvointiyhteiskunta ei ole itsest\u00e4\u00e4nselvyys ja sen tulevaisuus on turvattava.<\/p>\n<p><strong>Miko Kakko<\/strong><br \/>kaupunginvaltuutettu (kok.)<br \/>Salo<\/p>\n","protected":false},"excerpt":{"rendered":"Suomen talous on syv\u00e4ll\u00e4 suossa ja toimia pit\u00e4\u00e4 tehd\u00e4, jotta meille nuorille ei j\u00e4\u00e4 valtavaa velkataakkaa maksettavaksi. Hyvinvointiyhteiskunnassa&hellip;\n","protected":false},"author":2,"featured_media":134611,"comment_status":"","ping_status":"","sticky":false,"template":"","format":"standard","meta":{"footnotes":""},"categories":[76],"tags":[79,77,33,31,30,2346,4114,32,78,18553],"class_list":{"0":"post-134610","1":"post","2":"type-post","3":"status-publish","4":"format-standard","5":"has-post-thumbnail","7":"category-talous","8":"tag-business","9":"tag-economy","10":"tag-fi","11":"tag-finland","12":"tag-finnish","13":"tag-hallituksen-talouspolitiikka","14":"tag-julkinen-talous","15":"tag-suomi","16":"tag-talous","17":"tag-talouspolitiikka"},"share_on_mastodon":{"url":"https:\/\/pubeurope.com\/@fi\/115846215347502965","error":""},"_links":{"self":[{"href":"https:\/\/www.europesays.com\/fi\/wp-json\/wp\/v2\/posts\/134610","targetHints":{"allow":["GET"]}}],"collection":[{"href":"https:\/\/www.europesays.com\/fi\/wp-json\/wp\/v2\/posts"}],"about":[{"href":"https:\/\/www.europesays.com\/fi\/wp-json\/wp\/v2\/types\/post"}],"author":[{"embeddable":true,"href":"https:\/\/www.europesays.com\/fi\/wp-json\/wp\/v2\/users\/2"}],"replies":[{"embeddable":true,"href":"https:\/\/www.europesays.com\/fi\/wp-json\/wp\/v2\/comments?post=134610"}],"version-history":[{"count":0,"href":"https:\/\/www.europesays.com\/fi\/wp-json\/wp\/v2\/posts\/134610\/revisions"}],"wp:featuredmedia":[{"embeddable":true,"href":"https:\/\/www.europesays.com\/fi\/wp-json\/wp\/v2\/media\/134611"}],"wp:attachment":[{"href":"https:\/\/www.europesays.com\/fi\/wp-json\/wp\/v2\/media?parent=134610"}],"wp:term":[{"taxonomy":"category","embeddable":true,"href":"https:\/\/www.europesays.com\/fi\/wp-json\/wp\/v2\/categories?post=134610"},{"taxonomy":"post_tag","embeddable":true,"href":"https:\/\/www.europesays.com\/fi\/wp-json\/wp\/v2\/tags?post=134610"}],"curies":[{"name":"wp","href":"https:\/\/api.w.org\/{rel}","templated":true}]}}