{"id":134612,"date":"2026-01-06T04:15:12","date_gmt":"2026-01-06T04:15:12","guid":{"rendered":"https:\/\/www.europesays.com\/fi\/134612\/"},"modified":"2026-01-06T04:15:12","modified_gmt":"2026-01-06T04:15:12","slug":"venajan-oisissa-iskuissa-ukrainaan-kuoli-kaksi-ihmista-uutissuomalainen","status":"publish","type":"post","link":"https:\/\/www.europesays.com\/fi\/134612\/","title":{"rendered":"Ven\u00e4j\u00e4n \u00f6isiss\u00e4 iskuissa Ukrainaan kuoli kaksi ihmist\u00e4 | Uutissuomalainen"},"content":{"rendered":"<p>Ukrainassa kaksi ihmist\u00e4 on kuollut Ven\u00e4j\u00e4n iskuissa viime y\u00f6n\u00e4, kertovat Ukrainan viranomaiset.<\/p>\n<p>Viranomaisten mukaan yksi ihminen kuoli maan p\u00e4\u00e4kaupungissa Kiovassa ja toinen Fastivin kaupungissa noin 70 kilometrin p\u00e4\u00e4ss\u00e4 Kiovasta.<\/p>\n<p>Ukrainassa oli y\u00f6ll\u00e4 maanlaajuinen ilmah\u00e4lytys. Ukrainalaismedia <a href=\"https:\/\/kyivindependent.com\/russia-targets-capital-and-kyiv-oblast-killing-at-least-2-damaging-medical-center\/\" rel=\"nofollow noopener\" target=\"_blank\">Kyiv Independentin<\/a> mukaan y\u00f6n iskuissa vahingoittui my\u00f6s yksityinen terveyskeskus, jonka sis\u00e4ll\u00e4 oli iskun aikaan noin 70 ihmist\u00e4. Kaksi heist\u00e4 haavoittui.<\/p>\n<p>Ven\u00e4j\u00e4 on vahvistanut hy\u00f6kk\u00e4yksi\u00e4\u00e4n samaan aikaan, kun Ukraina ja sen liittolaiset ovat yritt\u00e4neet viimeistell\u00e4 Yhdysvaltain v\u00e4lityksell\u00e4 suunnitelmaa sodan p\u00e4\u00e4tt\u00e4miseksi.<\/p>\n<p>\t\t\t\tMy\u00f6s Trump kiisti huvilaiskun<\/p>\n<p>Yhdysvaltain presidentti Donald Trump sanoi paikallista aikaa sunnuntaina, ettei h\u00e4n usko Ukrainan yritt\u00e4neen iske\u00e4 drooneilla Ven\u00e4j\u00e4n presidentti Vladimir Putinin huvilaan.<\/p>\n<p>\u2013\u2009En usko iskun tapahtuneen, Trump kommentoi asiaa toimittajille.<\/p>\n<p>Ven\u00e4j\u00e4 v\u00e4itti noin viikko sitten, ett\u00e4 Ukraina olisi yritt\u00e4nyt iske\u00e4 Novgorodin alueella sijaitsevaan Putinin huvilaan l\u00e4hes sadalla droonilla. Ukraina kiisti syyt\u00f6ksen.<\/p>\n<p>My\u00f6hemmin Yhdysvaltain keskustiedustelupalvelu CIA arvioi, ettei Ukraina ollut yritt\u00e4nyt iske\u00e4 Putinia tai h\u00e4nen kiinteist\u00f6j\u00e4\u00e4n vastaan. My\u00f6s esimerkiksi Institute for the Study of War -ajatushautomo (ISW) <a href=\"https:\/\/understandingwar.org\/research\/russia-ukraine\/russian-offensive-campaign-assessment-december-29-2025\/\" rel=\"nofollow noopener\" target=\"_blank\">katsoo<\/a> Ukrainan puhuvan totta.<\/p>\n","protected":false},"excerpt":{"rendered":"Ukrainassa kaksi ihmist\u00e4 on kuollut Ven\u00e4j\u00e4n iskuissa viime y\u00f6n\u00e4, kertovat Ukrainan viranomaiset. Viranomaisten mukaan yksi ihminen kuoli maan&hellip;\n","protected":false},"author":2,"featured_media":134613,"comment_status":"","ping_status":"","sticky":false,"template":"","format":"standard","meta":{"footnotes":""},"categories":[14],"tags":[22,23,585,26,27,33,31,30,17,3488,24,25,28,29,15,18,21,637,144,402,32,19,20,21377,56,16,2257,59,60,61],"class_list":{"0":"post-134612","1":"post","2":"type-post","3":"status-publish","4":"format-standard","5":"has-post-thumbnail","7":"category-ulkomaat","8":"tag-breaking-news","9":"tag-breakingnews","10":"tag-donald-trump","11":"tag-featured-news","12":"tag-featurednews","13":"tag-fi","14":"tag-finland","15":"tag-finnish","16":"tag-headlines","17":"tag-kiova","18":"tag-latest-news","19":"tag-latestnews","20":"tag-main-news","21":"tag-mainnews","22":"tag-news","23":"tag-otsikot","24":"tag-paauutiset","25":"tag-politiikka","26":"tag-presidentti","27":"tag-rakentaminen-kiinteistot","28":"tag-suomi","29":"tag-top-stories","30":"tag-topstories","31":"tag-ukrainan-kriisi","32":"tag-ulkomaat","33":"tag-uutiset","34":"tag-vladimir-putin","35":"tag-world","36":"tag-world-news","37":"tag-worldnews"},"share_on_mastodon":{"url":"https:\/\/pubeurope.com\/@fi\/115846219250032629","error":""},"_links":{"self":[{"href":"https:\/\/www.europesays.com\/fi\/wp-json\/wp\/v2\/posts\/134612","targetHints":{"allow":["GET"]}}],"collection":[{"href":"https:\/\/www.europesays.com\/fi\/wp-json\/wp\/v2\/posts"}],"about":[{"href":"https:\/\/www.europesays.com\/fi\/wp-json\/wp\/v2\/types\/post"}],"author":[{"embeddable":true,"href":"https:\/\/www.europesays.com\/fi\/wp-json\/wp\/v2\/users\/2"}],"replies":[{"embeddable":true,"href":"https:\/\/www.europesays.com\/fi\/wp-json\/wp\/v2\/comments?post=134612"}],"version-history":[{"count":0,"href":"https:\/\/www.europesays.com\/fi\/wp-json\/wp\/v2\/posts\/134612\/revisions"}],"wp:featuredmedia":[{"embeddable":true,"href":"https:\/\/www.europesays.com\/fi\/wp-json\/wp\/v2\/media\/134613"}],"wp:attachment":[{"href":"https:\/\/www.europesays.com\/fi\/wp-json\/wp\/v2\/media?parent=134612"}],"wp:term":[{"taxonomy":"category","embeddable":true,"href":"https:\/\/www.europesays.com\/fi\/wp-json\/wp\/v2\/categories?post=134612"},{"taxonomy":"post_tag","embeddable":true,"href":"https:\/\/www.europesays.com\/fi\/wp-json\/wp\/v2\/tags?post=134612"}],"curies":[{"name":"wp","href":"https:\/\/api.w.org\/{rel}","templated":true}]}}