{"id":134614,"date":"2026-01-06T04:16:17","date_gmt":"2026-01-06T04:16:17","guid":{"rendered":"https:\/\/www.europesays.com\/fi\/134614\/"},"modified":"2026-01-06T04:16:17","modified_gmt":"2026-01-06T04:16:17","slug":"vahinko-kauppakeskus-lahteessa-rajamaella-vedet-lattialle-paikalliset","status":"publish","type":"post","link":"https:\/\/www.europesays.com\/fi\/134614\/","title":{"rendered":"Vahinko kauppakeskus L\u00e4hteess\u00e4 Rajam\u00e4ell\u00e4 \u2013\u2009vedet lattialle | Paikalliset"},"content":{"rendered":"<p>Rajam\u00e4ell\u00e4 tapahtui maanantaina puolen p\u00e4iv\u00e4n j\u00e4lkeen vahinko kauppakeskus L\u00e4hteess\u00e4.<\/p>\n<p>Eteisaulan l\u00e4mp\u00f6puhallin hajosi.<\/p>\n<p>Keski-Uudenmaan pelastuslaitoksen p\u00e4ivyst\u00e4v\u00e4n paloesimiehen mukaan kyse oli tarkemmin eritellen kauppakeskuksen eteisen tuulikaapin koneesta.<\/p>\n<p>\u2013 Kuumaa vett\u00e4 tuli lattialle, kun jokin kenno tai putki hajosi laitteesta.<\/p>\n<p><strong class=\"diks-storyline__impact\">Pelastajat sulkivat<\/strong> hanat, paikansivat vuodon ja imuroivat lattiat vedest\u00e4. Eniten vett\u00e4 valui eteisaluan lattioille.<\/p>\n<p>Lis\u00e4ksi paikalle saapui huoltoyhti\u00f6.<\/p>\n<p>Tapauksessa ei sattunut henkil\u00f6vahinkoja.<\/p>\n","protected":false},"excerpt":{"rendered":"Rajam\u00e4ell\u00e4 tapahtui maanantaina puolen p\u00e4iv\u00e4n j\u00e4lkeen vahinko kauppakeskus L\u00e4hteess\u00e4. Eteisaulan l\u00e4mp\u00f6puhallin hajosi. Keski-Uudenmaan pelastuslaitoksen p\u00e4ivyst\u00e4v\u00e4n paloesimiehen mukaan kyse&hellip;\n","protected":false},"author":2,"featured_media":134615,"comment_status":"","ping_status":"","sticky":false,"template":"","format":"standard","meta":{"footnotes":""},"categories":[12],"tags":[22,23,26,27,33,31,30,17,5201,7085,24,25,720,28,29,15,120,18,21,122,32,78,19,20,1265,546,16],"class_list":{"0":"post-134614","1":"post","2":"type-post","3":"status-publish","4":"format-standard","5":"has-post-thumbnail","7":"category-suomi","8":"tag-breaking-news","9":"tag-breakingnews","10":"tag-featured-news","11":"tag-featurednews","12":"tag-fi","13":"tag-finland","14":"tag-finnish","15":"tag-headlines","16":"tag-hyvinkaa","17":"tag-keski-uusimaa","18":"tag-latest-news","19":"tag-latestnews","20":"tag-liiketoiminta-ja-rahoitus","21":"tag-main-news","22":"tag-mainnews","23":"tag-news","24":"tag-onnettomuustapaus","25":"tag-otsikot","26":"tag-paauutiset","27":"tag-pelastaminen","28":"tag-suomi","29":"tag-talous","30":"tag-top-stories","31":"tag-topstories","32":"tag-tulipalot","33":"tag-turvallisuus","34":"tag-uutiset"},"share_on_mastodon":{"url":"https:\/\/pubeurope.com\/@fi\/115846223170642814","error":""},"_links":{"self":[{"href":"https:\/\/www.europesays.com\/fi\/wp-json\/wp\/v2\/posts\/134614","targetHints":{"allow":["GET"]}}],"collection":[{"href":"https:\/\/www.europesays.com\/fi\/wp-json\/wp\/v2\/posts"}],"about":[{"href":"https:\/\/www.europesays.com\/fi\/wp-json\/wp\/v2\/types\/post"}],"author":[{"embeddable":true,"href":"https:\/\/www.europesays.com\/fi\/wp-json\/wp\/v2\/users\/2"}],"replies":[{"embeddable":true,"href":"https:\/\/www.europesays.com\/fi\/wp-json\/wp\/v2\/comments?post=134614"}],"version-history":[{"count":0,"href":"https:\/\/www.europesays.com\/fi\/wp-json\/wp\/v2\/posts\/134614\/revisions"}],"wp:featuredmedia":[{"embeddable":true,"href":"https:\/\/www.europesays.com\/fi\/wp-json\/wp\/v2\/media\/134615"}],"wp:attachment":[{"href":"https:\/\/www.europesays.com\/fi\/wp-json\/wp\/v2\/media?parent=134614"}],"wp:term":[{"taxonomy":"category","embeddable":true,"href":"https:\/\/www.europesays.com\/fi\/wp-json\/wp\/v2\/categories?post=134614"},{"taxonomy":"post_tag","embeddable":true,"href":"https:\/\/www.europesays.com\/fi\/wp-json\/wp\/v2\/tags?post=134614"}],"curies":[{"name":"wp","href":"https:\/\/api.w.org\/{rel}","templated":true}]}}