{"id":134626,"date":"2026-01-06T04:40:07","date_gmt":"2026-01-06T04:40:07","guid":{"rendered":"https:\/\/www.europesays.com\/fi\/134626\/"},"modified":"2026-01-06T04:40:07","modified_gmt":"2026-01-06T04:40:07","slug":"kuopion-uudesta-citymarketista-tulee-noin-150-ihmisen-tyopaikka-savo","status":"publish","type":"post","link":"https:\/\/www.europesays.com\/fi\/134626\/","title":{"rendered":"Kuopion uudesta Citymarketista tulee noin 150 ihmisen ty\u00f6paikka | Savo"},"content":{"rendered":"<p>Kauppias Harri Mattisen mukaan Haapaniemeen valmistuvan hypermarketin avajaisia vietet\u00e4\u00e4n vapun ja juhannuksen v\u00e4lill\u00e4.<\/p>\n<p>Kuopion Haapaniemelle rakentuva uusi Citymarket aloittaa t\u00e4ll\u00e4 viikolla uusien ty\u00f6ntekij\u00f6iden rekrytoinnit. Citymarketista tulee kaiken kaikkiaan noin 150 henkil\u00f6n ty\u00f6paikka, kun mukaan lasketaan my\u00f6s hypermarketin vuokralaisten eli seitsem\u00e4n yrityksen ty\u00f6ntekij\u00e4t, Keskon It\u00e4- ja Keski-Suomen aluejohtaja <strong>Jesse Kohonen<\/strong> kertoo.<\/p>\n","protected":false},"excerpt":{"rendered":"Kauppias Harri Mattisen mukaan Haapaniemeen valmistuvan hypermarketin avajaisia vietet\u00e4\u00e4n vapun ja juhannuksen v\u00e4lill\u00e4. Kuopion Haapaniemelle rakentuva uusi Citymarket&hellip;\n","protected":false},"author":2,"featured_media":134627,"comment_status":"","ping_status":"","sticky":false,"template":"","format":"standard","meta":{"footnotes":""},"categories":[76],"tags":[79,77,2199,33,31,30,3777,898,1132,402,32,78,2371,3038],"class_list":{"0":"post-134626","1":"post","2":"type-post","3":"status-publish","4":"format-standard","5":"has-post-thumbnail","7":"category-talous","8":"tag-business","9":"tag-economy","10":"tag-elintarvikekauppa-ja-supermarketit","11":"tag-fi","12":"tag-finland","13":"tag-finnish","14":"tag-kesko","15":"tag-kulutustavarat","16":"tag-kuopio","17":"tag-rakentaminen-kiinteistot","18":"tag-suomi","19":"tag-talous","20":"tag-tyo-ja-raha","21":"tag-vahittaiskauppa-erikoistumattomissa-myymaloissa"},"share_on_mastodon":{"url":"https:\/\/pubeurope.com\/@fi\/115846317558238815","error":""},"_links":{"self":[{"href":"https:\/\/www.europesays.com\/fi\/wp-json\/wp\/v2\/posts\/134626","targetHints":{"allow":["GET"]}}],"collection":[{"href":"https:\/\/www.europesays.com\/fi\/wp-json\/wp\/v2\/posts"}],"about":[{"href":"https:\/\/www.europesays.com\/fi\/wp-json\/wp\/v2\/types\/post"}],"author":[{"embeddable":true,"href":"https:\/\/www.europesays.com\/fi\/wp-json\/wp\/v2\/users\/2"}],"replies":[{"embeddable":true,"href":"https:\/\/www.europesays.com\/fi\/wp-json\/wp\/v2\/comments?post=134626"}],"version-history":[{"count":0,"href":"https:\/\/www.europesays.com\/fi\/wp-json\/wp\/v2\/posts\/134626\/revisions"}],"wp:featuredmedia":[{"embeddable":true,"href":"https:\/\/www.europesays.com\/fi\/wp-json\/wp\/v2\/media\/134627"}],"wp:attachment":[{"href":"https:\/\/www.europesays.com\/fi\/wp-json\/wp\/v2\/media?parent=134626"}],"wp:term":[{"taxonomy":"category","embeddable":true,"href":"https:\/\/www.europesays.com\/fi\/wp-json\/wp\/v2\/categories?post=134626"},{"taxonomy":"post_tag","embeddable":true,"href":"https:\/\/www.europesays.com\/fi\/wp-json\/wp\/v2\/tags?post=134626"}],"curies":[{"name":"wp","href":"https:\/\/api.w.org\/{rel}","templated":true}]}}