{"id":134642,"date":"2026-01-06T05:03:09","date_gmt":"2026-01-06T05:03:09","guid":{"rendered":"https:\/\/www.europesays.com\/fi\/134642\/"},"modified":"2026-01-06T05:03:09","modified_gmt":"2026-01-06T05:03:09","slug":"odotettu-simo-hayha-elokuva-kuvataan-ensi-vuonna-kuvauspaikoille-on-kolme-vaatimusta","status":"publish","type":"post","link":"https:\/\/www.europesays.com\/fi\/134642\/","title":{"rendered":"Odotettu Simo H\u00e4yh\u00e4 -elokuva kuvataan ensi vuonna \u2013 Kuvauspaikoille on kolme vaatimusta"},"content":{"rendered":"<p>\n      Lapua 1976 -elokuvan tekij\u00e4tiimin uusi H\u00e4yh\u00e4-elokuva on tarkoitus kuvata ensi vuonna pohjoisessa It\u00e4-Suomessa. Asiasta kertoo Ilkka-Pohjalaiselle ohjaaja Toni Kurkim\u00e4ki.\n    <\/p>\n<p>\n      \u2013\u202fKuvaukset on tarkoitus aloittaa tammikuun alussa ja ne kest\u00e4v\u00e4t maaliskuun loppuun tai huhtikuun alkuun.\n    <\/p>\n<p class=\"article__paragraph\">\n      Tekij\u00e4t ovat k\u00e4yneet l\u00e4pi mahdollisia kuvauspaikkoja, mutta lopullisia p\u00e4\u00e4t\u00f6ksi\u00e4 ei ole viel\u00e4 tehty.\n    <\/p>\n<p class=\"article__paragraph\">\n      It\u00e4-Suomi valikoitui elokuvan tekopaikaksi ennen kaikkea siksi, ett\u00e4 siell\u00e4 on lunta todenn\u00e4k\u00f6isemmin kuin esimerkiksi Simo H\u00e4yh\u00e4n kotimaakunnassa Etel\u00e4-Karjalassa. H\u00e4yh\u00e4 asettui sotien j\u00e4lkeen Ruokolahdelle.\n    <\/p>\n<p class=\"article__paragraph\">\n      \u2013\u202fIt\u00e4-Suomessa on lis\u00e4ksi paljon hienoja paikkoja, jotka ovat my\u00f6s logistisesti toimivia, Kurkim\u00e4ki toteaa.\n    <\/p>\n<p class=\"article__paragraph\">\n      Tuottaja Mikko Jokipii sanoo, ett\u00e4 kuvauspaikkojen valintaan vaikuttavat my\u00f6s alueelliset tuotantokannustimet, joita id\u00e4ss\u00e4 on tarjolla.\n    <\/p>\n<p class=\"article__paragraph\">\n      \u2013\u202fKotimaiset ja kansainv\u00e4lisetkin elokuvatuotannot liikkuvat pitk\u00e4lti kannustimien per\u00e4ss\u00e4.\n    <\/p>\n<p class=\"article__paragraph\">\n      Etel\u00e4-Pohjanmaalla kannustinj\u00e4rjestelm\u00e4\u00e4 ei ole. Jokipiin mukaan Vaasan seudulle sellaista on kaavailtu. Kyse on Merenkurkun alueen Kvarken Film Network -hankkeesta.\n    <\/p>\n<p>      Lis\u00e4\u00e4 julkistuksia<\/p>\n<p class=\"article__paragraph\">\n      Talvisota aiheena asettaa kuvauspaikoille muitakin vaatimuksia kuin lumen ja logistisesti toimivan sijainnin. Maastossa on voitava esimerkiksi r\u00e4j\u00e4ytell\u00e4. Kurkim\u00e4ki kertoo Puolustusvoimien olleen tekij\u00e4tiimille korvaamaton apu kuvauspaikkojen kartoittamisessa. Keskusteluja k\u00e4yd\u00e4\u00e4n yh\u00e4.\n    <\/p>\n<p class=\"article__paragraph\">\n      \u2013 Tuntuu, ett\u00e4 siell\u00e4kin on tahtotila saada t\u00e4m\u00e4 elokuva maaliin.\n    <\/p>\n<p class=\"article__paragraph\">\n      Tekij\u00e4tiimi aikoo p\u00e4\u00e4st\u00e4 jo t\u00e4n\u00e4 talvena testaamaan kalustoa ja kuvausolosuhteita p\u00e4\u00e4n\u00e4yttelij\u00f6iden kanssa.\n    <\/p>\n<p class=\"article__paragraph\">\n      Tarkka-ampuja Simo H\u00e4yh\u00e4st\u00e4 kertovan H\u00e4yh\u00e4-elokuvan ensi-iltaa on kaavailtu ensi vuoden lopulle tai vuoden 2028 alkuun. H\u00e4yh\u00e4\u00e4 n\u00e4yttelee Jarkko Lahti. H\u00e4net tunnetaan rooleistaan muun muassa elokuvissa Hymyilev\u00e4 mies, Metsurin tarina ja Tuntematon sotilas.\n    <\/p>\n<p class=\"article__paragraph\">\n      My\u00f6s Aarne Juutilaisen eli Marokon kauhun ja H\u00e4yh\u00e4n toverin ja aseveljen Toivo Variksen esitt\u00e4j\u00e4t on valittu.\n    <\/p>\n<p class=\"article__paragraph\">\n      \u2013\u202fNimet julkistetaan muutaman kuukauden sis\u00e4ll\u00e4.\n    <\/p>\n<p class=\"article__paragraph\">\n      Parhaillaan tekij\u00e4tiimi\u00e4 ty\u00f6llist\u00e4v\u00e4t ennen kaikkea elokuvan rahoituskuviot. Mikko Jokipii kertoo, ett\u00e4 ne varmistuvat kev\u00e4\u00e4n aikana.\n    <\/p>\n<p class=\"article__paragraph\">\n      \u2013 Haemme ensimm\u00e4ist\u00e4 kertaa Suomen elokuvas\u00e4\u00e4ti\u00f6n rahoitusta. T\u00e4m\u00e4 on j\u00e4nn\u00e4\u00e4 aikaa, vaikka l\u00e4hdemmekin siit\u00e4, ett\u00e4 elokuva menee rahoitukseen.\n    <\/p>\n<p class=\"article__paragraph\">\n      H\u00e4yh\u00e4n yhdeksi p\u00e4\u00e4yhteisty\u00f6kumppaniksi on varmistunut Euroopan suurin kiv\u00e4\u00e4rinvalmistaja Sako.\n    <\/p>\n<p class=\"article__paragraph\">\n      \u2013 Meill\u00e4 on my\u00f6s pienempi\u00e4 yhteisty\u00f6kumppaneita, mutta niit\u00e4 on tarkoitus saada lis\u00e4\u00e4. Sponsorit ja yhteisty\u00f6kumppanit ovat isolle elokuvalle todella t\u00e4rkeit\u00e4.\n    <\/p>\n<p>    <img decoding=\"async\" class=\"responsive-image article__image-image lozad\"   src=\"https:\/\/www.europesays.com\/fi\/wp-content\/uploads\/2026\/01\/x6_jd4vQjHLbKX2K4CrE6aK3X2ZsDgH-VfbIDjlWHxTjZwCg8y1yXw9OlSYn9IPjay-3Z9RBLJAjDp1FJ9U21aAC4jGWbBMzrQo7.jpeg\" alt=\"Jarkko Lahti esitt\u00e4\u00e4 Simo H\u00e4yh\u00e4\u00e4.\"\/><\/p>\n<p>\n                Jarkko Lahti esitt\u00e4\u00e4 Simo H\u00e4yh\u00e4\u00e4.\n              <\/p>\n<p>\n                Kuva: Aarni Visuals \/ Blankface Oy\n              <\/p>\n<p>      Tarina ja teemat<\/p>\n<p class=\"article__paragraph\">\n      H\u00e4yh\u00e4n k\u00e4sikirjoitus on Kurkim\u00e4en k\u00e4sialaa. H\u00e4n luonnehtii elokuvaa sotadraamaksi.\n    <\/p>\n<p class=\"article__paragraph\">\n      \u2013\u202fMinua kiinnostaa se, millaista mielenlujuutta ja psykologista kest\u00e4vyytt\u00e4 vaatii olla maailman paras tarkka-ampuja. Uskon, ett\u00e4 se mit\u00e4 H\u00e4yh\u00e4 teki, vaikutti h\u00e4neen jollain tavalla ihmisen\u00e4.\n    <\/p>\n<p class=\"article__paragraph\">\n      \u2013 N\u00e4yt\u00e4mme elokuvassa my\u00f6s sen, kuinka H\u00e4yh\u00e4 suhtautui siihen, ett\u00e4 h\u00e4nest\u00e4 rakennettiin \u00a0er\u00e4\u00e4nlainen talvisodan hengen ja suomalaisen sotilaan symboli, ja millainen vastuu siit\u00e4 h\u00e4nelle tuli. Simo ei itse koskaan pyrkinyt t\u00e4llaiseen, Kurkim\u00e4ki sanoo.\n    <\/p>\n<p class=\"article__paragraph\">\n      Keskeinen aihe on my\u00f6s H\u00e4yh\u00e4n suhde komentaja Aarne Juutilaiseen. Kurkim\u00e4en mukaan elokuvantekij\u00f6iden haaste on ollut siin\u00e4, ettei H\u00e4yh\u00e4 ollut kova puhumaan asioistaan.\n    <\/p>\n<p class=\"article__paragraph\">\n      Sodan n\u00e4ytt\u00e4minen on elokuvassa keskeist\u00e4.\n    <\/p>\n<p class=\"article__paragraph\">\n      \u2013 Haluamme n\u00e4ytt\u00e4\u00e4 millaista Kollaalla oli ja mik\u00e4 oli sen merkitys, ett\u00e4 Kollaa kesti, Kurkim\u00e4ki sanoo.\n    <\/p>\n<p>      Kulttihahmo ja paineet<\/p>\n<p class=\"article__paragraph\">\n      Simo H\u00e4yh\u00e4 on nauttinut jo vuosia kansainv\u00e4lisen kulttihahmon mainetta. H\u00e4nt\u00e4 fanitetaan ymp\u00e4ri maailmaa. H\u00e4yh\u00e4st\u00e4 on tehty muun muassa lukuisia Youtube-videoita, joista katsotuin on ker\u00e4nnyt l\u00e4hes kahdeksan miljoonaa katselukertaa.\n    <\/p>\n<p class=\"article__paragraph\">\n      \u2013 H\u00e4yh\u00e4 on tuntunut olevan viime aikoina entist\u00e4 enemm\u00e4n otsikoissa. Ehk\u00e4 meid\u00e4n elokuvakin on vaikuttanut siihen, Kurkim\u00e4ki sanoo.\n    <\/p>\n<p class=\"article__paragraph\">\n      Lis\u00e4\u00e4 vett\u00e4 H\u00e4yh\u00e4-myllyyn on lis\u00e4nnyt ranskalaiskirjailija Oliver Norek, jonka romaani Talven soturit ilmestyi suomeksi viime syksyn\u00e4. Talvisodasta, Kollaan rintaman taisteluista ja Simo H\u00e4yh\u00e4st\u00e4 kertova teos on ollut hitti. Kirjasta kaavaillaan my\u00f6s elokuvaa.\n    <\/p>\n<p class=\"article__paragraph\">\n      Kurkim\u00e4ki ja Jokipii eiv\u00e4t ole lukeneet teosta. He suhtautuvat uteliaasti mahdolliseen elokuvaan.\n    <\/p>\n<p class=\"article__paragraph\">\n      \u2013 Kenell\u00e4k\u00e4\u00e4n suomalaisella toimijalla ei tiet\u00e4\u00e4kseni ole leffasta tarkempaa tietoa. Olisimme varmasti ensimm\u00e4iset, jotka olisivat siit\u00e4 kuulleet. Menen innolla katsomaan, jos elokuva joskus tulee elokuvateattereihin, Kurkim\u00e4ki sanoo.\n    <\/p>\n<p class=\"article__paragraph\">\n      <strong>Tuoko H\u00e4yh\u00e4n kaltaiseen ikoniin tarttuminen paineita?<\/strong>\n    <\/p>\n<p class=\"article__paragraph\">\n      \u2013 Kyll\u00e4, \u00a0mutta paineet realisoituvat todella vasta l\u00e4hell\u00e4 ensi-iltaa. Nyt p\u00e4\u00e4llimm\u00e4isen\u00e4 on innostus siit\u00e4, ett\u00e4 p\u00e4\u00e4semme kertomaan hienon tarinan, jota ei ole elokuvan keinoin viel\u00e4 k\u00e4sitelty. Katsotaan sitten, miten se vastaa odotuksiin. Niit\u00e4 on varmasti kaikilla, jotka v\u00e4h\u00e4nkin tuntevat aihetta, Kurkim\u00e4ki sanoo.\n    <\/p>\n<p>FAKTA<\/p>\n<p>      Kollaa-kirjat ohjaaja Toni Kurkim\u00e4en suosittelemina<\/p>\n<p class=\"article__fact-paragraph\">\n      1. Hannu Narsakka: Tulimyrsky Kollaalla\n    <\/p>\n<p class=\"article__fact-paragraph\">\n      2. Tapio Saarelainen: Simo H\u00e4yh\u00e4\n    <\/p>\n<p class=\"article__fact-paragraph\">\n      3. Erkki Palolampi: Kollaa kest\u00e4\u00e4.\n    <\/p>\n<p class=\"article__fact-paragraph\">\n      4. Petri Nevalainen, Kollaanjoen taistelut\n    <\/p>\n<p class=\"article__fact-paragraph\">\n      5. Seppo Porvali: Marokon kauhu\n    <\/p>\n","protected":false},"excerpt":{"rendered":"Lapua 1976 -elokuvan tekij\u00e4tiimin uusi H\u00e4yh\u00e4-elokuva on tarkoitus kuvata ensi vuonna pohjoisessa It\u00e4-Suomessa. Asiasta kertoo Ilkka-Pohjalaiselle ohjaaja Toni&hellip;\n","protected":false},"author":2,"featured_media":134643,"comment_status":"","ping_status":"","sticky":false,"template":"","format":"standard","meta":{"footnotes":""},"categories":[130],"tags":[137,33,31,30,32,109],"class_list":{"0":"post-134642","1":"post","2":"type-post","3":"status-publish","4":"format-standard","5":"has-post-thumbnail","7":"category-viihde","8":"tag-entertainment","9":"tag-fi","10":"tag-finland","11":"tag-finnish","12":"tag-suomi","13":"tag-viihde"},"share_on_mastodon":{"url":"https:\/\/pubeurope.com\/@fi\/115846407947656097","error":""},"_links":{"self":[{"href":"https:\/\/www.europesays.com\/fi\/wp-json\/wp\/v2\/posts\/134642","targetHints":{"allow":["GET"]}}],"collection":[{"href":"https:\/\/www.europesays.com\/fi\/wp-json\/wp\/v2\/posts"}],"about":[{"href":"https:\/\/www.europesays.com\/fi\/wp-json\/wp\/v2\/types\/post"}],"author":[{"embeddable":true,"href":"https:\/\/www.europesays.com\/fi\/wp-json\/wp\/v2\/users\/2"}],"replies":[{"embeddable":true,"href":"https:\/\/www.europesays.com\/fi\/wp-json\/wp\/v2\/comments?post=134642"}],"version-history":[{"count":0,"href":"https:\/\/www.europesays.com\/fi\/wp-json\/wp\/v2\/posts\/134642\/revisions"}],"wp:featuredmedia":[{"embeddable":true,"href":"https:\/\/www.europesays.com\/fi\/wp-json\/wp\/v2\/media\/134643"}],"wp:attachment":[{"href":"https:\/\/www.europesays.com\/fi\/wp-json\/wp\/v2\/media?parent=134642"}],"wp:term":[{"taxonomy":"category","embeddable":true,"href":"https:\/\/www.europesays.com\/fi\/wp-json\/wp\/v2\/categories?post=134642"},{"taxonomy":"post_tag","embeddable":true,"href":"https:\/\/www.europesays.com\/fi\/wp-json\/wp\/v2\/tags?post=134642"}],"curies":[{"name":"wp","href":"https:\/\/api.w.org\/{rel}","templated":true}]}}