{"id":134651,"date":"2026-01-06T05:10:09","date_gmt":"2026-01-06T05:10:09","guid":{"rendered":"https:\/\/www.europesays.com\/fi\/134651\/"},"modified":"2026-01-06T05:10:09","modified_gmt":"2026-01-06T05:10:09","slug":"4h-jatkaa-aulangon-hoitoa-joutsenlammen-ymparilla-nyt-esteeton-reitti-paikalliset","status":"publish","type":"post","link":"https:\/\/www.europesays.com\/fi\/134651\/","title":{"rendered":"4H jatkaa Aulangon hoitoa \u2013 Joutsenlammen ymp\u00e4rill\u00e4 nyt esteet\u00f6n reitti | Paikalliset"},"content":{"rendered":"<p>Mets\u00e4hallituksen ja H\u00e4meenlinnan Seudun 4H-yhdistyksen sopimus Aulangon luonnonsuojelualueen hoidosta saa jatkoa. Mets\u00e4hallitus jatkoi huoltosopimusta 4H:n kanssa kahdella vuodella.<\/p>\n<p>Viime vuonna 4H:n Ty\u00f6paja Tikin nuoret ahkeroivat luonnonsuojelualueella muun muassa ker\u00e4\u00e4m\u00e4ll\u00e4 roskia, poistamalla haitallisia vieraslajeja ja tekem\u00e4ll\u00e4 raivauksia ja ruohonleikkuuta. Joutsenlammen kiert\u00e4v\u00e4 polku on kunnostettu esteett\u00f6m\u00e4ksi reitiksi.<\/p>\n<p>\u2013\u2009Yhteisty\u00f6 4H:n kanssa on sujunut hienosti. My\u00f6s asiakkaat ovat olleet tyytyv\u00e4isi\u00e4 alueen hoitoon. On hienoa, ett\u00e4 yhteiskuntavastuullinen ty\u00f6 Aulangolla on jatkunut, vaikka vankity\u00f6 loppuikin. Olen iloinen, ett\u00e4 saamme t\u00e4lle yhteisty\u00f6lle jatkoa, Mets\u00e4hallituksen virkistysk\u00e4yt\u00f6n asiantuntija <strong>Anne Halla-aho<\/strong> kertoo tiedotteessa.<\/p>\n<p><strong class=\"diks-storyline__impact\">Aulangolla<\/strong> nuorten ty\u00f6nohjaajana ollut 4H:n tekninen asiantuntija <strong>Petri Takala<\/strong> kertoo, ett\u00e4 nuorten ty\u00f6t ovat vaihdelleet monipuolisesti roskien keruusta reittien tarkastuksiin ja kaatuneiden puiden raivaamiseen poluilta.<\/p>\n<p>\u2013\u2009N\u00e4k\u00f6torniakin on siivottu muutamaan otteeseen. S\u00e4\u00e4nn\u00f6llisin\u00e4 t\u00f6in\u00e4 on eniten tehty ruohonleikkuuta eri alueilla sek\u00e4 viikoittaista roskien keruuta ja alueen roskap\u00f6ntt\u00f6jen tyhjennyst\u00e4, Takala luettelee.<\/p>\n<p>\t\t<a class=\"diks-gallery__link\" href=\"https:\/\/i.media.fi\/incoming\/37d3o4\/9373993.jpg\/alternates\/FREE_1440\/9373993.jpg\" data-thumbnail=\"\" data-sub-html=\"Nuoret huolehtivat kes\u00e4n mittaan my\u00f6s n\u00e4k\u00f6tornin siisteydest\u00e4. Riku Hasari\" aria-label=\"Katso isompi kuva\" rel=\"nofollow noopener\" target=\"_blank\"><br \/>\n\t\t\t\t<img class=\"diks-figure__image\" src=\"https:\/\/www.europesays.com\/fi\/wp-content\/uploads\/2026\/01\/9373993.jpg\" loading=\"lazy\" decoding=\"sync\" alt=\"\"\/><\/p>\n<p>\t\t\t<\/a><br \/>\n\t\t\t\t\tNuoret huolehtivat kes\u00e4n mittaan my\u00f6s n\u00e4k\u00f6tornin siisteydest\u00e4. Riku Hasari<\/p>\n<p>Lis\u00e4ksi nuoret poistivat Aulangon luonnosta kymmeni\u00e4 isoja s\u00e4killisi\u00e4 vieraslajeja.<\/p>\n<p>\u2013\u2009Olipa kes\u00e4ll\u00e4 ohjelmassa lampeen heitetyn p\u00f6yt\u00e4ryhm\u00e4n kalastamisoperaatiokin. Ei toivottavaa, mutta olipahan erilaista tekemist\u00e4.<\/p>\n<p>Moni nuorista ei ollut k\u00e4ynyt Aulangolla aiemmin.<\/p>\n<p>\u2013\u2009Nuorille tuntui olevan mieluista tehd\u00e4 asioita luonnon keskell\u00e4. Ty\u00f6nteon lomaan sattui kivoja pieni\u00e4 luontoel\u00e4myksi\u00e4kin, esimerkiksi kauriita, j\u00e4niksi\u00e4 ja kettujakin n\u00e4htiin pariin otteeseen.<\/p>\n<p><strong class=\"diks-storyline__impact\">Ensi kes\u00e4n\u00e4<\/strong> nuoret p\u00e4\u00e4sev\u00e4t muun muassa uudistamaan vaakuna-opaskylttej\u00e4 ja p\u00f6yt\u00e4penkkej\u00e4, joita vangit ovat valmistaneet.<\/p>\n<p>Nuoret kunnostivat Joutsenlammen rannan polun esteett\u00f6m\u00e4ksi reitiksi viime syksyn\u00e4. Polku on nyt tasoitettu ja p\u00e4\u00e4llystetty kivituhkalla.<\/p>\n<p>\u2013\u2009Polku on ohjattu kulkemaan turvallisesti Joutsenlammen pikkukanavan ylitt\u00e4v\u00e4\u00e4 siltaa pitkin. Vangit rakensivat sillan aiemmin ja 4H-nuoret maalasivat t\u00e4n\u00e4 kes\u00e4n\u00e4 sillan kaiteet. Silta on hyv\u00e4 esimerkki Aulangon luonnonsuojelualueen hoidon jatkumosta. Vaikka tekij\u00e4t vaihtuvat, ty\u00f6t jatkuvat saumattomasti, Anne Halla-aho tuumaa.<\/p>\n","protected":false},"excerpt":{"rendered":"Mets\u00e4hallituksen ja H\u00e4meenlinnan Seudun 4H-yhdistyksen sopimus Aulangon luonnonsuojelualueen hoidosta saa jatkoa. Mets\u00e4hallitus jatkoi huoltosopimusta 4H:n kanssa kahdella vuodella.&hellip;\n","protected":false},"author":2,"featured_media":134652,"comment_status":"","ping_status":"","sticky":false,"template":"","format":"standard","meta":{"footnotes":""},"categories":[117],"tags":[821,33,31,30,72,823,9084,476,118,32,119,477,534,709],"class_list":{"0":"post-134651","1":"post","2":"type-post","3":"status-publish","4":"format-standard","5":"has-post-thumbnail","7":"category-luonto","8":"tag-eramaat","9":"tag-fi","10":"tag-finland","11":"tag-finnish","12":"tag-luonto","13":"tag-metsat","14":"tag-metsateollisuus-metsatalous-ja-siihen-liittyvat-palvelut","15":"tag-nature","16":"tag-science","17":"tag-suomi","18":"tag-tiede","19":"tag-wildlife","20":"tag-ymparisto-ja-luonto","21":"tag-ymparistoasiat"},"share_on_mastodon":{"url":"https:\/\/pubeurope.com\/@fi\/115846435465777674","error":""},"_links":{"self":[{"href":"https:\/\/www.europesays.com\/fi\/wp-json\/wp\/v2\/posts\/134651","targetHints":{"allow":["GET"]}}],"collection":[{"href":"https:\/\/www.europesays.com\/fi\/wp-json\/wp\/v2\/posts"}],"about":[{"href":"https:\/\/www.europesays.com\/fi\/wp-json\/wp\/v2\/types\/post"}],"author":[{"embeddable":true,"href":"https:\/\/www.europesays.com\/fi\/wp-json\/wp\/v2\/users\/2"}],"replies":[{"embeddable":true,"href":"https:\/\/www.europesays.com\/fi\/wp-json\/wp\/v2\/comments?post=134651"}],"version-history":[{"count":0,"href":"https:\/\/www.europesays.com\/fi\/wp-json\/wp\/v2\/posts\/134651\/revisions"}],"wp:featuredmedia":[{"embeddable":true,"href":"https:\/\/www.europesays.com\/fi\/wp-json\/wp\/v2\/media\/134652"}],"wp:attachment":[{"href":"https:\/\/www.europesays.com\/fi\/wp-json\/wp\/v2\/media?parent=134651"}],"wp:term":[{"taxonomy":"category","embeddable":true,"href":"https:\/\/www.europesays.com\/fi\/wp-json\/wp\/v2\/categories?post=134651"},{"taxonomy":"post_tag","embeddable":true,"href":"https:\/\/www.europesays.com\/fi\/wp-json\/wp\/v2\/tags?post=134651"}],"curies":[{"name":"wp","href":"https:\/\/api.w.org\/{rel}","templated":true}]}}