{"id":134691,"date":"2026-01-06T06:13:11","date_gmt":"2026-01-06T06:13:11","guid":{"rendered":"https:\/\/www.europesays.com\/fi\/134691\/"},"modified":"2026-01-06T06:13:11","modified_gmt":"2026-01-06T06:13:11","slug":"uudenvuoden-onni-mervi-kovero-meni-kihloihin","status":"publish","type":"post","link":"https:\/\/www.europesays.com\/fi\/134691\/","title":{"rendered":"Uudenvuoden onni: Mervi Kovero meni kihloihin"},"content":{"rendered":"<p class=\"has-drop-cap\"><strong>Mervi Kovero<\/strong>, 45, on tanssikansalle tuttu laulaja ja kolminkertainen tangofinalisti.<\/p>\n<p>Mervi kisasi viime kes\u00e4n\u00e4 2025 Kiuruveden\u00a0<a href=\"https:\/\/www.tanssiin.fi\/tag\/kiuruveden-iskelmaviikko\/\" target=\"_blank\" rel=\"noreferrer noopener nofollow\">Iskelm\u00e4viikon<\/a>\u00a0Iskelm\u00e4Mestarit-finaalissa, mutta putosi yll\u00e4tt\u00e4en finaalin karsinnassa.<\/p>\n<p>Kisapettymyst\u00e4 h\u00e4lvensi kuitenkin romanttinen onni.<\/p>\n<p>\u201dMinua kosittiin ja vastasin kyll\u00e4\u201d, Mervi kertoi 27. hein\u00e4kuuta ja julkaisi lemmekk\u00e4\u00e4n yhteiskuvan\u00a0<strong>Osmo<\/strong>-miehens\u00e4 kanssa.<\/p>\n<p>Kihlasormuksia ei kuitenkaan vaihdettu viel\u00e4 keskikes\u00e4ll\u00e4, vaan rakastavaiset odottivat uudenvuodenaattoon.<\/p>\n<p><strong>Lue my\u00f6s: <\/strong><a href=\"https:\/\/www.tanssiin.fi\/mervi-koveron-rakkausyllatys-minua-kosittiin\/\" title=\"Mervi Koveron rakkausyll\u00e4tys: \u201dMinua kosittiin\u201d\" rel=\"nofollow noopener\" target=\"_blank\">Mervi Koveron rakkausyll\u00e4tys: \u201dMinua kosittiin\u201d<\/a><\/p>\n<p>Mervi on asunut Sein\u00e4joella, mutta on sanonut kokevansa itsens\u00e4 savolaiseksi. H\u00e4nen perhem\u00f6kkins\u00e4 sijaitsee Kiuruvedell\u00e4, mutta viimeksi kuluneet vuodet Mervi on asunut lastensa kanssa p\u00e4\u00e4kaupunkiseudulla. Marraskuussa 2025 Osmo ja Mervi muuttivat yhteen Hyvink\u00e4\u00e4lle.<\/p>\n<p><img loading=\"lazy\" title=\"Mervi Kovero ja Osmo Savela\" decoding=\"async\" width=\"615\" height=\"1024\" data-attachment-id=\"70240\" data-permalink=\"https:\/\/www.tanssiin.fi\/uudenvuoden-onni-mervi-kovero-meni-kihloihin\/mervi-kovero-ja-osmo-savela\/\" data-orig-file=\"https:\/\/www.tanssiin.fi\/wp-content\/uploads\/2026\/01\/Mervi-Kovero-ja-Osmo-Savela.jpg\" data-orig-size=\"1229,2048\" data-comments-opened=\"1\" data-image-meta=\"{&quot;aperture&quot;:&quot;0&quot;,&quot;credit&quot;:&quot;&quot;,&quot;camera&quot;:&quot;&quot;,&quot;caption&quot;:&quot;&quot;,&quot;created_timestamp&quot;:&quot;0&quot;,&quot;copyright&quot;:&quot;&quot;,&quot;focal_length&quot;:&quot;0&quot;,&quot;iso&quot;:&quot;0&quot;,&quot;shutter_speed&quot;:&quot;0&quot;,&quot;title&quot;:&quot;&quot;,&quot;orientation&quot;:&quot;0&quot;}\" data-image-title=\"Mervi Kovero ja Osmo Savela\" data-image-description=\"\" data-image-caption=\"\" data-medium-file=\"https:\/\/www.tanssiin.fi\/wp-content\/uploads\/2026\/01\/Mervi-Kovero-ja-Osmo-Savela-180x300.jpg\" data-large-file=\"https:\/\/www.europesays.com\/fi\/wp-content\/uploads\/2026\/01\/Mervi-Kovero-ja-Osmo-Savela-615x1024.jpg\"  src=\"https:\/\/www.europesays.com\/fi\/wp-content\/uploads\/2026\/01\/Mervi-Kovero-ja-Osmo-Savela-615x1024.jpg\" alt=\"Uudenvuoden onni mervi kovero meni kihloihin | tanssiin Fi\" class=\"wp-image-70240\" \/>Tuore kihlapari: Mervi Kovero ja Ossi Savela. Kuva: Facebook.<\/p>\n<p>Tangoprinsessa ty\u00f6skentelee \u00a0K-Citymarketissa osastop\u00e4\u00e4llikk\u00f6n\u00e4. Mervi on kolminkertainen\u00a0<a href=\"https:\/\/www.tanssiin.fi\/tag\/tangofinalisti\/\" target=\"_blank\" rel=\"noreferrer noopener nofollow\">tangofinalisti<\/a>\u00a0vuosilta 2013, 2014\u00a0ja 2019.<\/p>\n<p>Tanssilavakeikkoja h\u00e4n on tehnyt 15 vuoden ajan ymp\u00e4ri Suomen.<\/p>\n<p>Mervi avioitui vuonna 2019, mutta liitto ei kest\u00e4nyt. Mervill\u00e4 on kaksi lasta aiemmasta suhteestaan.<\/p>\n<p><strong>Lue my\u00f6s:\u00a0<\/strong><a href=\"https:\/\/www.tanssiin.fi\/tangoprinsessa-mervi-kovero-meni-salaa-naimisiin-katso-kuva-sormustuksesta\/\" target=\"_blank\" rel=\"noreferrer noopener nofollow\">Tangoprinsessa Mervi Kovero meni salaa naimisiin \u2013 katso kuva sormustuksesta<\/a><\/p>\n<p>Syysh\u00e4\u00e4t tulossa<\/p>\n<p>Kihloja Mervi ja Osmo vaihtoivat uudenvuodenaattona.<\/p>\n<p>Fanit odottavatkin jo malttamattomina, milloin h\u00e4\u00e4kellot kumajavat&#8230; asteleeko tangoprinsessa alttarille jo kes\u00e4ll\u00e4 2026?<\/p>\n<p>\u201dH\u00e4it\u00e4 tanssitaan ensi syksyn\u00e4\u201d, Mervi vahvistaa Tanssiin.fi:lle.<\/p>\n<p>Mervi jatkaa my\u00f6s musiikin tekemist\u00e4, ja h\u00e4nelt\u00e4 ilmestyy tammikuussa sinkku En usko ihmeisiin.<\/p>\n<p>Kirjoittanut:<br \/>\n<img decoding=\"async\" class=\"aioseo-author-image\" src=\"https:\/\/www.europesays.com\/fi\/wp-content\/uploads\/2025\/10\/cropped-tanssiin-logo.jpg\" alt=\"author avatar\"\/><\/p>\n<p>Tanssiin.fi<\/p>\n<p>\nTanssi- ja iskelm\u00e4musiikin uutiset asiantuntevasti.<\/p>\n<p><img decoding=\"async\" class=\"aioseo-author-bio-compact-image\" src=\"https:\/\/www.europesays.com\/fi\/wp-content\/uploads\/2025\/10\/cropped-tanssiin-logo.jpg\" alt=\"author avatar\"\/><br \/>\nTanssi- ja iskelm\u00e4musiikin uutiset asiantuntevasti.<\/p>\n<p>0%<br \/>\nIhana<\/p>\n<p>0%<br \/>\nHauska<\/p>\n<p>0%<br \/>\nVau<\/p>\n<p>0%<br \/>\nSurullinen<\/p>\n<p>100%<br \/>\nVihainen\n<\/p>\n<p>Post navigation<\/p>\n","protected":false},"excerpt":{"rendered":"Mervi Kovero, 45, on tanssikansalle tuttu laulaja ja kolminkertainen tangofinalisti. Mervi kisasi viime kes\u00e4n\u00e4 2025 Kiuruveden\u00a0Iskelm\u00e4viikon\u00a0Iskelm\u00e4Mestarit-finaalissa, mutta putosi&hellip;\n","protected":false},"author":2,"featured_media":134692,"comment_status":"","ping_status":"","sticky":false,"template":"","format":"standard","meta":{"footnotes":""},"categories":[136],"tags":[407,137,33,31,30,1208,408,5412,2423,23626,1311,32,23627,4049,16,109],"class_list":{"0":"post-134691","1":"post","2":"type-post","3":"status-publish","4":"format-standard","5":"has-post-thumbnail","7":"category-julkkikset","8":"tag-celebrities","9":"tag-entertainment","10":"tag-fi","11":"tag-finland","12":"tag-finnish","13":"tag-haat","14":"tag-julkkikset","15":"tag-kihlat","16":"tag-kihlaus","17":"tag-mervi-kovero","18":"tag-rakkaus","19":"tag-suomi","20":"tag-tangoprinsessa","21":"tag-tanssitahdet","22":"tag-uutiset","23":"tag-viihde"},"share_on_mastodon":{"url":"https:\/\/pubeurope.com\/@fi\/115846683513354885","error":""},"_links":{"self":[{"href":"https:\/\/www.europesays.com\/fi\/wp-json\/wp\/v2\/posts\/134691","targetHints":{"allow":["GET"]}}],"collection":[{"href":"https:\/\/www.europesays.com\/fi\/wp-json\/wp\/v2\/posts"}],"about":[{"href":"https:\/\/www.europesays.com\/fi\/wp-json\/wp\/v2\/types\/post"}],"author":[{"embeddable":true,"href":"https:\/\/www.europesays.com\/fi\/wp-json\/wp\/v2\/users\/2"}],"replies":[{"embeddable":true,"href":"https:\/\/www.europesays.com\/fi\/wp-json\/wp\/v2\/comments?post=134691"}],"version-history":[{"count":0,"href":"https:\/\/www.europesays.com\/fi\/wp-json\/wp\/v2\/posts\/134691\/revisions"}],"wp:featuredmedia":[{"embeddable":true,"href":"https:\/\/www.europesays.com\/fi\/wp-json\/wp\/v2\/media\/134692"}],"wp:attachment":[{"href":"https:\/\/www.europesays.com\/fi\/wp-json\/wp\/v2\/media?parent=134691"}],"wp:term":[{"taxonomy":"category","embeddable":true,"href":"https:\/\/www.europesays.com\/fi\/wp-json\/wp\/v2\/categories?post=134691"},{"taxonomy":"post_tag","embeddable":true,"href":"https:\/\/www.europesays.com\/fi\/wp-json\/wp\/v2\/tags?post=134691"}],"curies":[{"name":"wp","href":"https:\/\/api.w.org\/{rel}","templated":true}]}}