{"id":134695,"date":"2026-01-06T06:16:08","date_gmt":"2026-01-06T06:16:08","guid":{"rendered":"https:\/\/www.europesays.com\/fi\/134695\/"},"modified":"2026-01-06T06:16:08","modified_gmt":"2026-01-06T06:16:08","slug":"annimari-korte-ja-tis-carlos-salasutina-paljastui","status":"publish","type":"post","link":"https:\/\/www.europesays.com\/fi\/134695\/","title":{"rendered":"Annimari Korte ja TIS-Carlos: salasutina paljastui"},"content":{"rendered":"<p>\n            Annimari Korte ja TIS-Carlos.<br \/>\n            Atte Kajova, Teemu Laitinen\/Sanoma\n        <\/p>\n<p class=\"subtitle \">Kev\u00e4\u00e4ll\u00e4 tutustunut kaksikko tapaili, kun Carlos l\u00e4hti Temppareiden kuvauksiin.<\/p>\n<p class=\"article-content article-content-width !bg-background\">Seiskan tietojen mukaan entinen pika-aitajuoksija  , 37, ja Temptation Island Suomi -ohjelman tuoreimmalta tuotantokaudelta tuttu kohusinkku , 25, viihtyiv\u00e4t kes\u00e4n aikana l\u00e4heisiss\u00e4 tunnelmissa.<\/p>\n<p class=\"font-weight-bold m-font-weight-bold article-content article-content-width !bg-background\">Video: Annimarin ja Carloksen salasutinat<\/p>\n<p class=\"article-content article-content-width !bg-background\">L\u00e4hipiirist\u00e4 kerrotaan Seiskalle, ett\u00e4 Annimari ja Carlos ovat tutustuneet viime kev\u00e4\u00e4n\u00e4. He tapailivat, kun Carlos l\u00e4hti Temppareiden kuvauksiin kes\u00e4n alussa.<\/p>\n<p class=\"article-content article-content-width !bg-background\">Suhde jatkui, kun Carlos palasi Suomeen. Carlos kertoi syksyll\u00e4 julkaistun Tempparit-tiedotteen yhteydess\u00e4 asuvansa Tampereella.<\/p>\n<p class=\"article-content article-content-width !bg-background\">L\u00e4hipiirin mukaan Carlos on kuitenkin kes\u00e4n aikana viett\u00e4nyt enemm\u00e4n aikaa Helsingiss\u00e4.<\/p>\n<p class=\"article-content article-content-width !bg-background\">\u2013 Carlos oleskeli Annimarin luona pidemm\u00e4n aikaa, Seiskalle mainitaan.<\/p>\n<p>        <a itemprop=\"url\" href=\"https:\/\/www.seiska.fi\/vain-seiskassa\/tis-carloksen-tausta-puhuttaa-nain-kohusinkku-kommentoi\/1993690\" rel=\"nofollow noopener\" target=\"_blank\"><\/p>\n<p>\nTIS-Carloksen tausta puhuttaa\n<\/p>\n<p class=\"section-date\">\n        <strong class=\"article-section\" data-section=\"vain seiskassa\"><br \/>\n            vain seiskassa<br \/>\n        <\/strong><br \/>\n        19.11.2025 05:30\n    <\/p>\n<p>TIS-Carloksen tausta puhuttaa \u2013 n\u00e4in kohusinkku kommentoi\n    <\/p>\n<p itemprop=\"description\" class=\"subtitle \">\n    Temppareista tuttu sinkkumies Carlos on her\u00e4tt\u00e4nyt runsaasti keskustelua katsojien keskuudessa.\n<\/p>\n<p>        <\/a><\/p>\n<p class=\"article-content article-content-width !bg-background\">Kaksikko piti matalaa profiilia, eiv\u00e4tk\u00e4 he koskaan julkistaneet suhdettaan.<\/p>\n<p class=\"article-content article-content-width !bg-background\">Carlos on kuitenkin Tiktok-tilill\u00e4\u00e4n julkaissut videoita, joissa n\u00e4hd\u00e4\u00e4n esimerkiksi yksi Annimarin koirista.<\/p>\n<p>                <img decoding=\"async\" src=\"https:\/\/www.europesays.com\/fi\/wp-content\/uploads\/2026\/01\/1909985.webp.jpeg\" width=\"576\" height=\"720\" alt=\"Arkistokuva. Annimari Korte osallistui Petolliset-ohjelman lehdist\u00f6tilaisuuteen syksyll\u00e4 2025.\" loading=\"lazy\" \/>            <\/p>\n<p>\n            Arkistokuva. Annimari Korte osallistui Petolliset-ohjelman lehdist\u00f6tilaisuuteen syksyll\u00e4 2025.<br \/>\n            ATTE KAJOVA\n        <\/p>\n<p>V\u00e4lit poikki<\/p>\n<p class=\"article-content article-content-width !bg-background\">Syksyn aikana Annimarin ja Carloksen v\u00e4lit kiristyiv\u00e4t.\u00a0<\/p>\n<p class=\"article-content article-content-width !bg-background\">Seiskan tietojen mukaan kaksikon tiet erkanivat lokakuussa.<\/p>\n<p class=\"article-content article-content-width !bg-background\">\u2013 Harmittaa, ett\u00e4 Annimari on joutunut mukaan n\u00e4ihin Carloksen sekaviin kuvioihin, l\u00e4hipiirist\u00e4 sanotaan.<\/p>\n<p>        <a itemprop=\"url\" href=\"https:\/\/www.seiska.fi\/urheilu\/huh-mita-kuvia-annimari-korte-tinderissa\/1980794\" rel=\"nofollow noopener\" target=\"_blank\"><\/p>\n<p>\nHuh, mit\u00e4 kuvia\n<\/p>\n<p class=\"section-date\">\n        <strong class=\"article-section\" data-section=\"urheilu\"><br \/>\n            urheilu<br \/>\n        <\/strong><br \/>\n        3.11.2025 14:25\n    <\/p>\n<p>Huh, mit\u00e4 kuvia \u2013 Annimari Korte Tinderiss\u00e4!\n    <\/p>\n<p itemprop=\"description\" class=\"subtitle \">\n    Annimari Korte on viihtynyt vuosien varrella useiden kansainv\u00e4listen atleettien kanssa.\n<\/p>\n<p>        <\/a><\/p>\n<p>                <img decoding=\"async\" src=\"https:\/\/www.europesays.com\/fi\/wp-content\/uploads\/2026\/01\/1995129.webp.jpeg\" width=\"576\" height=\"720\" title=\"Arkistokuva. Carlos kuvattiin Temptation Island Suomi -ohjelman yhteydess\u00e4 kes\u00e4ll\u00e4 2025.\" alt=\"Temptation Island Suomi -ohjelmasta tuttu sinkkumies Carlos Romero kuvattuna sarjan yhteydess\u00e4.\" loading=\"lazy\" \/>            <\/p>\n<p>\n            Arkistokuva. Carlos kuvattiin Temptation Island Suomi -ohjelman yhteydess\u00e4 kes\u00e4ll\u00e4 2025.<br \/>\n            Sanoma\/Teemu Laitinen\n        <\/p>\n<p>N\u00e4in kaksikko kommentoi<\/p>\n<p class=\"article-content article-content-width !bg-background\">Seiska tavoitti Annimarin. H\u00e4n ei halunnut kommentoida jutussa mainittuja asioita mill\u00e4\u00e4n tavalla.<\/p>\n<p class=\"article-content article-content-width !bg-background\">Carlos puolestaan vastasi toimittajan kysymyksiin tekstiviestill\u00e4.<\/p>\n<p class=\"article-content article-content-width !bg-background\">\u2013 En l\u00e4hde kommentoimaan asiaa mitenk\u00e4\u00e4n, ollaan jossain PR-tapahtumassa saatettu t\u00f6rm\u00e4t\u00e4 ja vaihdettu muutama sana. Itsell\u00e4 ei ole hirve\u00e4sti aikaa n\u00e4ihin, on omia yritysasioita hoidettavana ja muutenkin kiire, Carlos totesi viestiss\u00e4\u00e4n.<\/p>\n<p>Entinen huippu-urheilija<\/p>\n<p class=\"article-content article-content-width !bg-background\">Annimari Korte tunnetaan uransa lopettaneena pika-aiturina sek\u00e4 esimerkiksi vuoden 2020 Positiivisena suomalaisena.\u00a0<\/p>\n<p class=\"article-content article-content-width !bg-background\">Annimari on uransa j\u00e4lkeen n\u00e4hty tv-sarjoissa, kuten\u00a0Tanssii t\u00e4htien kanssa -ohjelmassa sek\u00e4 tuoreimmalla Petolliset-ohjelman kaudella.<\/p>\n<p class=\"article-content article-content-width !bg-background\">Seiskan lukijat muistavat Annimarin kenties futist\u00e4hti   tytt\u00f6yst\u00e4v\u00e4n\u00e4. Vuonna 2008 uutisoitiin, ett\u00e4 suhde kaatui  .<\/p>\n<p>        <a itemprop=\"url\" href=\"https:\/\/www.seiska.fi\/kotimaa\/annimari-korte-raju-tilitys\/2020414\" rel=\"nofollow noopener\" target=\"_blank\"><\/p>\n<p>\nAnnimari Korte\n<\/p>\n<p class=\"section-date\">\n        <strong class=\"article-section\" data-section=\"kotimaa\"><br \/>\n            kotimaa<br \/>\n        <\/strong><br \/>\n        12.12.2025 15:25\n    <\/p>\n<p>Annimari Korte: raju tilitys\n    <\/p>\n<p itemprop=\"description\" class=\"subtitle \">\n    Entinen aitajuoksija purkaa tunnelmiaan.\n<\/p>\n<p>        <\/a><\/p>\n<p class=\"article-content article-content-width !bg-background\">Suhdeasioistaan muuten vaiennut Annimari avasi rakkausel\u00e4m\u00e4\u00e4ns\u00e4 vuonna 2021 julkaistussa el\u00e4m\u00e4kerrassaan.<\/p>\n<p class=\"article-content article-content-width !bg-background\">Siin\u00e4 h\u00e4n kertoi esimerkiksi seurustelleensa useamman maailmanluokan pika-aiturin kanssa.<\/p>\n<p class=\"article-content article-content-width !bg-background\">Seiska kertoi marraskuun alusta, ett\u00e4 Annimari on bongattu Tinder-deittisovelluksesta.<\/p>\n<p>                <img decoding=\"async\" src=\"https:\/\/www.europesays.com\/fi\/wp-content\/uploads\/2026\/01\/1865597.webp.jpeg\" width=\"576\" height=\"322\" alt=\"Arkistokuva. Annimari Korte osallistui Tanssii t\u00e4htien kanssa -ohjelmaan vuonna 2024.\" loading=\"lazy\" \/>            <\/p>\n<p>\n            Arkistokuva. Annimari Korte osallistui Tanssii t\u00e4htien kanssa -ohjelmaan vuonna 2024.<br \/>\n            Timo Korhonen\n        <\/p>\n<p>TIS-Carlokselle haettiin l\u00e4hestymiskieltoa<\/p>\n<p class=\"article-content article-content-width !bg-background\">Carlos on syksyn aikana py\u00f6rinyt otsikoissa.<\/p>\n<p class=\"article-content article-content-width !bg-background\">Carlos oli mukana Temptation Island Suomen 14. tuotantokaudella. H\u00e4n osallistui sarjaan sinkkuna.<\/p>\n<p class=\"article-content article-content-width !bg-background\">Seiska kertoi marraskuussa, ett\u00e4 Carlokselle haettiin l\u00e4hestymiskieltoa.<\/p>\n<p class=\"article-content article-content-width !bg-background\">Seiska tavoitti uutisoinnin aikaan Carloksen, joka ei ollut omien sanojensa mukaan tietoinen asiasta. H\u00e4n ei halunnut kommentoida asiaa sen enemp\u00e4\u00e4.<\/p>\n<p class=\"article-content article-content-width !bg-background\">Asiaa k\u00e4siteltiin Pirkanmaan k\u00e4r\u00e4j\u00e4oikeudessa. L\u00e4hestymiskieltohakemus hyl\u00e4ttiin.<\/p>\n<p>        <a itemprop=\"url\" href=\"https:\/\/www.seiska.fi\/vain-seiskassa\/tis-carloksen-oikeusjutussa-merkittava-ratkaisu\/2016806\" rel=\"nofollow noopener\" target=\"_blank\"><\/p>\n<p>\nTIS-Carloksen oikeusjuttu\n<\/p>\n<p class=\"section-date\">\n        <strong class=\"article-section\" data-section=\"vain seiskassa\"><br \/>\n            vain seiskassa<br \/>\n        <\/strong><br \/>\n        9.12.2025 16:30\n    <\/p>\n<p>TIS-Carloksen oikeusjutussa merkitt\u00e4v\u00e4 ratkaisu\n    <\/p>\n<p itemprop=\"description\" class=\"subtitle \">\n    Nainen haki Carlokselle l\u00e4hestymiskieltoa. Nyt oikeus on antanut tuomionsa.\n<\/p>\n<p>        <\/a><\/p>\n<p class=\"article-content article-content-width !bg-background\">K\u00e4r\u00e4j\u00e4oikeus katsoi tuomiossaan, ett\u00e4 nainen sek\u00e4 kaksi todistajaa olivat &#8221;sin\u00e4ns\u00e4 uskottavantuntuisesti&#8221; kertoneet siit\u00e4, ett\u00e4 Carlos oli kohdellut naista ep\u00e4asiallisesti. N\u00e4ist\u00e4 tapahtumista oli kuitenkin kulunut jo muutama vuosi.<\/p>\n<p class=\"article-content article-content-width !bg-background\">Oikeuden mukaan asiassa esitetyst\u00e4 todistelusta ei ilmennyt, ett\u00e4 Carlos olisi kohdistanut naisen henkeen, terveyteen, vapauteen tai rauhaan kohdistuvia rikoksia tuoreeltaan.<\/p>\n<p class=\"article-content article-content-width !bg-background\">\u2013 Todistelusta ei ole my\u00f6sk\u00e4\u00e4n tullut ilmi sellaista vakavaa uhkaa tai h\u00e4irint\u00e4\u00e4, mik\u00e4 puoltaisi kiellon m\u00e4\u00e4r\u00e4\u00e4mist\u00e4, ratkaisussa mainittiin.<\/p>\n<p>        <a itemprop=\"url\" href=\"https:\/\/www.seiska.fi\/katso\/hammentava-episodi-tvssa-ensihoitaja-kaivaa-tis-julian-sisalta-ylimaaraisen-esineen\/1984096\" rel=\"nofollow noopener\" target=\"_blank\"><\/p>\n<p>\nTemptation Island Suomi\n<\/p>\n<p class=\"section-date\">\n        <strong class=\"article-section\" data-section=\"katso\"><br \/>\n            katso<br \/>\n        <\/strong><br \/>\n        5.11.2025 12:15\n    <\/p>\n<p>H\u00e4mment\u00e4v\u00e4 episodi tv:ss\u00e4: Ensihoitaja kaivaa TIS-Julian sis\u00e4lt\u00e4 ylim\u00e4\u00e4r\u00e4isen esineen\n    <\/p>\n<p itemprop=\"description\" class=\"subtitle \">\n    Temptation Islandissa ei j\u00e4\u00e4d\u00e4 neuvottomiksi intiimileikkien eskaloituessa yll\u00e4tt\u00e4v\u00e4ll\u00e4 tavalla.\n<\/p>\n<p>        <\/a><\/p>\n<p class=\"article-content article-content-width !bg-background\">Carlos on sosiaalisessa mediassa kertonut oleskelevansa t\u00e4ll\u00e4 hetkell\u00e4 ulkomailla.<\/p>\n<p>                <img decoding=\"async\" src=\"https:\/\/www.europesays.com\/fi\/wp-content\/uploads\/2026\/01\/1969910.webp.jpeg\" width=\"576\" height=\"322\" title=\"TIS-Carlos py\u00f6ri syksyn aikana otsikoissa.\" alt=\"Temptation Island Suomi: Carlos vedess\u00e4.\" loading=\"lazy\" \/>            <\/p>\n<p>\n            TIS-Carlos py\u00f6ri syksyn aikana otsikoissa.<br \/>\n            Teemu Laitinen \/ Sanoma\n        <\/p>\n","protected":false},"excerpt":{"rendered":"Annimari Korte ja TIS-Carlos. Atte Kajova, Teemu Laitinen\/Sanoma Kev\u00e4\u00e4ll\u00e4 tutustunut kaksikko tapaili, kun Carlos l\u00e4hti Temppareiden kuvauksiin. Seiskan&hellip;\n","protected":false},"author":2,"featured_media":134696,"comment_status":"","ping_status":"","sticky":false,"template":"","format":"standard","meta":{"footnotes":""},"categories":[133],"tags":[6334,137,33,31,30,8059,1417,651,32,6705,206,6859,2929,15424,17031,156,109],"class_list":{"0":"post-134695","1":"post","2":"type-post","3":"status-publish","4":"format-standard","5":"has-post-thumbnail","7":"category-televisiot","8":"tag-annimari-korte","9":"tag-entertainment","10":"tag-fi","11":"tag-finland","12":"tag-finnish","13":"tag-salasuhde","14":"tag-suhde","15":"tag-suhteet","16":"tag-suomi","17":"tag-sutinaa","18":"tag-televisiot","19":"tag-temptation-island","20":"tag-temptation-island-suomi","21":"tag-tis-carlos","22":"tag-tis14","23":"tag-tv","24":"tag-viihde"},"share_on_mastodon":{"url":"https:\/\/pubeurope.com\/@fi\/115846695087264836","error":""},"_links":{"self":[{"href":"https:\/\/www.europesays.com\/fi\/wp-json\/wp\/v2\/posts\/134695","targetHints":{"allow":["GET"]}}],"collection":[{"href":"https:\/\/www.europesays.com\/fi\/wp-json\/wp\/v2\/posts"}],"about":[{"href":"https:\/\/www.europesays.com\/fi\/wp-json\/wp\/v2\/types\/post"}],"author":[{"embeddable":true,"href":"https:\/\/www.europesays.com\/fi\/wp-json\/wp\/v2\/users\/2"}],"replies":[{"embeddable":true,"href":"https:\/\/www.europesays.com\/fi\/wp-json\/wp\/v2\/comments?post=134695"}],"version-history":[{"count":0,"href":"https:\/\/www.europesays.com\/fi\/wp-json\/wp\/v2\/posts\/134695\/revisions"}],"wp:featuredmedia":[{"embeddable":true,"href":"https:\/\/www.europesays.com\/fi\/wp-json\/wp\/v2\/media\/134696"}],"wp:attachment":[{"href":"https:\/\/www.europesays.com\/fi\/wp-json\/wp\/v2\/media?parent=134695"}],"wp:term":[{"taxonomy":"category","embeddable":true,"href":"https:\/\/www.europesays.com\/fi\/wp-json\/wp\/v2\/categories?post=134695"},{"taxonomy":"post_tag","embeddable":true,"href":"https:\/\/www.europesays.com\/fi\/wp-json\/wp\/v2\/tags?post=134695"}],"curies":[{"name":"wp","href":"https:\/\/api.w.org\/{rel}","templated":true}]}}