{"id":134711,"date":"2026-01-06T06:42:07","date_gmt":"2026-01-06T06:42:07","guid":{"rendered":"https:\/\/www.europesays.com\/fi\/134711\/"},"modified":"2026-01-06T06:42:07","modified_gmt":"2026-01-06T06:42:07","slug":"illalla-tvssa-jussi-palkittu-rikosleffa-kai-lehtisella-varustettuna-sai-lahes-100-000-katsojaa-teattereissa","status":"publish","type":"post","link":"https:\/\/www.europesays.com\/fi\/134711\/","title":{"rendered":"Illalla tv:ss\u00e4: Jussi-palkittu rikosleffa Kai Lehtisell\u00e4 varustettuna &#8211; sai l\u00e4hes 100 000 katsojaa teattereissa"},"content":{"rendered":"<p>Illalla esitet\u00e4\u00e4n televisiosta rikoselokuva Raid (2003). Se on my\u00f6s suoratoistopalvelu Yle Areenassa.<\/p>\n<p>Leffan tarinassa Raid joutuu keskelle kansainv\u00e4list\u00e4 rikollisuutta etsiess\u00e4\u00e4n kadonnutta naisyst\u00e4v\u00e4\u00e4ns\u00e4.<\/p>\n<p>N\u00e4yttelij\u00f6in\u00e4 <strong>Kai Lehtinen<\/strong>, <strong>Mari Rantasila<\/strong>, <strong>Juha Muje<\/strong> ja <strong>Oiva Lohtander<\/strong>. Ohjauksesta vastaa <strong>Tapio Piirainen<\/strong>.<\/p>\n<p>Lue my\u00f6s: <a href=\"https:\/\/www.episodi.fi\/uutiset\/nyt-ensi-illassa-kotimainen-draama-paluusta-kotiin-siella-odottaa-musiikillinen-yllatys\/\" title=\"Nyt ensi-illassa: Kotimainen draamakomedia paluusta kotiin Raumalle \u2013 siell\u00e4 odottaa musiikillinen yll\u00e4tys\" class=\"underline-custom !font-montserrat !font-bold !underline-offset-4 !decoration-4 !decoration-episodi-blue !text-md\" rel=\"nofollow noopener\" target=\"_blank\">Nyt ensi-illassa: Kotimainen draamakomedia paluusta kotiin Raumalle \u2013 siell\u00e4 odottaa musiikillinen yll\u00e4tys<\/a><\/p>\n<p>Raid on Piiraisen ensimm\u00e4inen kokoillan elokuva ja jatkoa h\u00e4nen aiemmin ohjaamalleen samannimiselle 12-osaiselle televisiosarjalle Raid. Sek\u00e4 elokuva ett\u00e4 sarja perustuvat kirjailija <strong>Harri Nyk\u00e4sen<\/strong> luomaan Raid-dekkarihahmoon, vaikka elokuvan tarina ei suoraan seuraa mit\u00e4\u00e4n yksitt\u00e4ist\u00e4 romaania.<\/p>\n<p>Elokuva palkittiin useilla Jussi-pysteill\u00e4 vuonna 2004. Juha Muje voitti parhaan miessivuosan Jussin, ja palkinnot my\u00f6nnettiin my\u00f6s <strong>Jukka Uusitalolle<\/strong> lavastuksesta sek\u00e4 <strong>Pentti Tillderille<\/strong> puvustuksesta.<\/p>\n<p>Elokuva sai teatterikierroksellaan 98 820 katsojaa. Alla traileri.<\/p>\n<p>Tulevat l\u00e4hetykset:<\/p>\n<ul class=\"wp-block-list\">\n<li>Ti 6.1.2026 klo 21.55, Yle Teema &amp; Fem<\/li>\n<li>La 10.1.2026 klo 17.10 \u00b7 Nelonen<\/li>\n<\/ul>\n<p>Lue my\u00f6s: <a href=\"https:\/\/www.episodi.fi\/uutiset\/jossain-on-valo-joka-ei-sammu-elokuvassa-perustetaan-aivan-uudenlainen-bandi-katso-traileri\/\" title=\"Jossain on valo joka ei sammu\u00a0-elokuvassa perustetaan aivan uudenlainen b\u00e4ndi \u2013 katso traileri\" class=\"underline-custom !font-montserrat !font-bold !underline-offset-4 !decoration-4 !decoration-episodi-blue !text-md\" rel=\"nofollow noopener\" target=\"_blank\">Jossain on valo joka ei sammu\u00a0-elokuvassa perustetaan aivan uudenlainen b\u00e4ndi \u2013 katso traileri<\/a><\/p>\n<p>Lue my\u00f6s: <a href=\"https:\/\/www.episodi.fi\/uutiset\/dingomania-on-valloittanut-suomen-elokuvateatterit-voin-vain-aidosti-ihmetella-sanoo-neumann\/\" title=\"Dingomania on valloittanut Suomen elokuvateatterit \u2013\u00a0\u201dVoin vain aidosti ihmetell\u00e4\u201d, sanoo Neumann\" class=\"underline-custom !font-montserrat !font-bold !underline-offset-4 !decoration-4 !decoration-episodi-blue !text-md\" rel=\"nofollow noopener\" target=\"_blank\">Dingomania on valloittanut Suomen elokuvateatterit \u2013\u00a0\u201dVoin vain aidosti ihmetell\u00e4\u201d, sanoo Neumann<\/a><\/p>\n<p>Lue my\u00f6s: <a href=\"https:\/\/www.episodi.fi\/uutiset\/dingo-yhtyeesta-kertova-levoton-tuhkimo-keraa-hurjia-katsojalukuja-ylivoimaisesti-katsotuin-elokuva-joulun-valipaivina\/\" title=\"Dingo-yhtyeest\u00e4 kertova Levoton tuhkimo ker\u00e4\u00e4 hurjia katsojalukuja \u2013 Ylivoimaisesti suosituin elokuva joulun v\u00e4lip\u00e4ivin\u00e4\" class=\"underline-custom !font-montserrat !font-bold !underline-offset-4 !decoration-4 !decoration-episodi-blue !text-md\" rel=\"nofollow noopener\" target=\"_blank\">Dingo-yhtyeest\u00e4 kertova Levoton tuhkimo ker\u00e4\u00e4 hurjia katsojalukuja \u2013 Ylivoimaisesti suosituin elokuva joulun v\u00e4lip\u00e4ivin\u00e4<\/a><\/p>\n<p><img loading=\"lazy\" decoding=\"async\" alt=\"YouTube video\" width=\"480\" height=\"360\" data-pin-nopin=\"true\" nopin=\"nopin\" class=\"perfmatters-lazy\" src=\"https:\/\/www.europesays.com\/fi\/wp-content\/uploads\/2026\/01\/1767681727_598_hqdefault.jpg\"\/><\/p>\n<p>L\u00e4hde: <a href=\"https:\/\/fi.wikipedia.org\/wiki\/Raid_(elokuva)\" target=\"_blank\" rel=\"noreferrer noopener nofollow\">Wikipedia<\/a><\/p>\n<p>Lue my\u00f6s: <a href=\"https:\/\/www.episodi.fi\/uutiskirje\/?uutiskirjemainos=tekstilinkkimainos\" title=\"Tilaa Episodin uutiskirje ja voit voittaa leffalippuja! Nappaa tv-vinkit suoraan s\u00e4hk\u00f6postiin t\u00e4st\u00e4.\" class=\"underline-custom !font-montserrat !font-bold !underline-offset-4 !decoration-4 !decoration-episodi-blue !text-md\" rel=\"nofollow noopener\" target=\"_blank\">Tilaa Episodin uutiskirje ja voit voittaa leffalippuja! Nappaa katseluvinkit suoraan s\u00e4hk\u00f6postiin t\u00e4st\u00e4.<\/a><\/p>\n","protected":false},"excerpt":{"rendered":"Illalla esitet\u00e4\u00e4n televisiosta rikoselokuva Raid (2003). Se on my\u00f6s suoratoistopalvelu Yle Areenassa. Leffan tarinassa Raid joutuu keskelle kansainv\u00e4list\u00e4&hellip;\n","protected":false},"author":2,"featured_media":134712,"comment_status":"","ping_status":"","sticky":false,"template":"","format":"standard","meta":{"footnotes":""},"categories":[133],"tags":[137,33,31,30,32,206,139,156,109],"class_list":{"0":"post-134711","1":"post","2":"type-post","3":"status-publish","4":"format-standard","5":"has-post-thumbnail","7":"category-televisiot","8":"tag-entertainment","9":"tag-fi","10":"tag-finland","11":"tag-finnish","12":"tag-suomi","13":"tag-televisiot","14":"tag-tv-ohjelmat","15":"tag-tv","16":"tag-viihde"},"share_on_mastodon":{"url":"https:\/\/pubeurope.com\/@fi\/115846797265881237","error":""},"_links":{"self":[{"href":"https:\/\/www.europesays.com\/fi\/wp-json\/wp\/v2\/posts\/134711","targetHints":{"allow":["GET"]}}],"collection":[{"href":"https:\/\/www.europesays.com\/fi\/wp-json\/wp\/v2\/posts"}],"about":[{"href":"https:\/\/www.europesays.com\/fi\/wp-json\/wp\/v2\/types\/post"}],"author":[{"embeddable":true,"href":"https:\/\/www.europesays.com\/fi\/wp-json\/wp\/v2\/users\/2"}],"replies":[{"embeddable":true,"href":"https:\/\/www.europesays.com\/fi\/wp-json\/wp\/v2\/comments?post=134711"}],"version-history":[{"count":0,"href":"https:\/\/www.europesays.com\/fi\/wp-json\/wp\/v2\/posts\/134711\/revisions"}],"wp:featuredmedia":[{"embeddable":true,"href":"https:\/\/www.europesays.com\/fi\/wp-json\/wp\/v2\/media\/134712"}],"wp:attachment":[{"href":"https:\/\/www.europesays.com\/fi\/wp-json\/wp\/v2\/media?parent=134711"}],"wp:term":[{"taxonomy":"category","embeddable":true,"href":"https:\/\/www.europesays.com\/fi\/wp-json\/wp\/v2\/categories?post=134711"},{"taxonomy":"post_tag","embeddable":true,"href":"https:\/\/www.europesays.com\/fi\/wp-json\/wp\/v2\/tags?post=134711"}],"curies":[{"name":"wp","href":"https:\/\/api.w.org\/{rel}","templated":true}]}}