{"id":134713,"date":"2026-01-06T06:44:08","date_gmt":"2026-01-06T06:44:08","guid":{"rendered":"https:\/\/www.europesays.com\/fi\/134713\/"},"modified":"2026-01-06T06:44:08","modified_gmt":"2026-01-06T06:44:08","slug":"brad-pittin-avaruusseikkailu-sai-uuden-nosteen-suoratoistossa","status":"publish","type":"post","link":"https:\/\/www.europesays.com\/fi\/134713\/","title":{"rendered":"Brad Pittin avaruusseikkailu sai uuden nosteen suoratoistossa"},"content":{"rendered":"<p><strong>Brad Pittin<\/strong> avaruusdraama Ad Astra (2019) niitt\u00e4\u00e4 suoratoistosuosiota noin seitsem\u00e4n vuotta julkaisunsa j\u00e4lkeen.<\/p>\n<p>Leffa on noussut VOD-palvelujen top 10 -listalle useissa maissa, kuten Perussa ja Puolassa.<\/p>\n<p>Ad Astra kertoo astronautista, joka matkustaa aurinkokunnan halki selvitt\u00e4m\u00e4\u00e4n 30 vuotta sitten kadonneen is\u00e4ns\u00e4 kohtaloa. Elokuvaa on verrattu muun muassa <strong>Christopher Nolanin<\/strong> Interstellariin (2014), sek\u00e4 <strong>Ridley Scottin <\/strong>Yksin Marsissa (2015) -elokuviin<\/p>\n<p>Lue my\u00f6s: <a href=\"https:\/\/www.episodi.fi\/uutiset\/illalla-tvssa-jotkut-arvostavat-vuoden-2019-scifileffaa-osa-taitaa-kylla-nukahtaa\/\" title=\"Illalla tv:ss\u00e4: Jotkut arvostavat vuoden 2019 scifileffaa \u2013 osa taitaa kyll\u00e4 nukahtaa!\" class=\"underline-custom !font-montserrat !font-bold !underline-offset-4 !decoration-4 !decoration-episodi-blue !text-md\" rel=\"nofollow noopener\" target=\"_blank\">Illalla tv:ss\u00e4: Jotkut arvostavat vuoden 2019 scifileffaa \u2013 osa taitaa kyll\u00e4 nukahtaa!<\/a><\/p>\n<p>Lue my\u00f6s: <a href=\"https:\/\/www.episodi.fi\/uutiset\/fanit-aiman-kakena-onko-spielbergin-mystinen-ufo-leffa-salaa-jatkoa-talle-klassikolle\/\" title=\"Fanit \u00e4im\u00e4n k\u00e4ken\u00e4 \u2013 onko Spielbergin mystinen UFO-leffa salaa jatkoa t\u00e4lle klassikolle?\" class=\"underline-custom !font-montserrat !font-bold !underline-offset-4 !decoration-4 !decoration-episodi-blue !text-md\" rel=\"nofollow noopener\" target=\"_blank\">Fanit \u00e4im\u00e4n k\u00e4ken\u00e4 \u2013 onko Spielbergin mystinen UFO-leffa salaa jatkoa t\u00e4lle klassikolle?<\/a><\/p>\n<p>Rotten Tomatoes -kriitikot ottivat <strong>James Grayn<\/strong> ohjaaman ja k\u00e4sikirjoittaman elokuvan hyvin vastaan (82%), mutta yleis\u00f6 antoi sille vain 40%. Moni pit\u00e4\u00e4 elokuvaa liian hitaana ja tyls\u00e4n\u00e4.<\/p>\n<p>Teattereissa elokuva ei ollut menestys. Hulppealla 90 miljoonan dollarin budjetilla tehty Ad Astra tuotti globaalisti vain 127 miljoonaa dollaria.<\/p>\n<p>Suomessa Ad Astra n\u00e4kyy Disney Plussassa.<\/p>\n<p><img loading=\"lazy\" decoding=\"async\" alt=\"YouTube video\" width=\"480\" height=\"360\" data-pin-nopin=\"true\" nopin=\"nopin\" class=\"perfmatters-lazy\" src=\"https:\/\/www.europesays.com\/fi\/wp-content\/uploads\/2026\/01\/1767681848_661_hqdefault.jpg\"\/><\/p>\n<p>L\u00e4hde: <a href=\"https:\/\/collider.com\/brad-pitt-interstellar-replacement-ad-astra-global-streaming-success-january-2026\/\" rel=\"nofollow noopener\" target=\"_blank\">Collider<\/a><\/p>\n","protected":false},"excerpt":{"rendered":"Brad Pittin avaruusdraama Ad Astra (2019) niitt\u00e4\u00e4 suoratoistosuosiota noin seitsem\u00e4n vuotta julkaisunsa j\u00e4lkeen. Leffa on noussut VOD-palvelujen top&hellip;\n","protected":false},"author":2,"featured_media":134714,"comment_status":"","ping_status":"","sticky":false,"template":"","format":"standard","meta":{"footnotes":""},"categories":[131],"tags":[23628,155,137,33,173,31,30,172,32,109],"class_list":{"0":"post-134713","1":"post","2":"type-post","3":"status-publish","4":"format-standard","5":"has-post-thumbnail","7":"category-elokuvat","8":"tag-ad-astra","9":"tag-elokuvat","10":"tag-entertainment","11":"tag-fi","12":"tag-film","13":"tag-finland","14":"tag-finnish","15":"tag-movies","16":"tag-suomi","17":"tag-viihde"},"share_on_mastodon":{"url":"https:\/\/pubeurope.com\/@fi\/115846805126142447","error":""},"_links":{"self":[{"href":"https:\/\/www.europesays.com\/fi\/wp-json\/wp\/v2\/posts\/134713","targetHints":{"allow":["GET"]}}],"collection":[{"href":"https:\/\/www.europesays.com\/fi\/wp-json\/wp\/v2\/posts"}],"about":[{"href":"https:\/\/www.europesays.com\/fi\/wp-json\/wp\/v2\/types\/post"}],"author":[{"embeddable":true,"href":"https:\/\/www.europesays.com\/fi\/wp-json\/wp\/v2\/users\/2"}],"replies":[{"embeddable":true,"href":"https:\/\/www.europesays.com\/fi\/wp-json\/wp\/v2\/comments?post=134713"}],"version-history":[{"count":0,"href":"https:\/\/www.europesays.com\/fi\/wp-json\/wp\/v2\/posts\/134713\/revisions"}],"wp:featuredmedia":[{"embeddable":true,"href":"https:\/\/www.europesays.com\/fi\/wp-json\/wp\/v2\/media\/134714"}],"wp:attachment":[{"href":"https:\/\/www.europesays.com\/fi\/wp-json\/wp\/v2\/media?parent=134713"}],"wp:term":[{"taxonomy":"category","embeddable":true,"href":"https:\/\/www.europesays.com\/fi\/wp-json\/wp\/v2\/categories?post=134713"},{"taxonomy":"post_tag","embeddable":true,"href":"https:\/\/www.europesays.com\/fi\/wp-json\/wp\/v2\/tags?post=134713"}],"curies":[{"name":"wp","href":"https:\/\/api.w.org\/{rel}","templated":true}]}}