{"id":134715,"date":"2026-01-06T06:46:12","date_gmt":"2026-01-06T06:46:12","guid":{"rendered":"https:\/\/www.europesays.com\/fi\/134715\/"},"modified":"2026-01-06T06:46:12","modified_gmt":"2026-01-06T06:46:12","slug":"lauri-mikkolan-hommat-ohi-tunteet-pinnassa-olen-ylpea","status":"publish","type":"post","link":"https:\/\/www.europesays.com\/fi\/134715\/","title":{"rendered":"Lauri Mikkolan hommat ohi \u2013 Tunteet pinnassa: \u201dOlen ylpe\u00e4\u201d"},"content":{"rendered":"<p>Lauri Mikkolan pesti alle 20-vuotiaiden j\u00e4\u00e4kiekkomaajoukkueen p\u00e4\u00e4valmentajana p\u00e4\u00e4ttyi MM-pronssipeliin St. Paulissa.<\/p>\n<p><img decoding=\"async\" class=\"image image-show image-preview\" src=\"https:\/\/www.europesays.com\/fi\/wp-content\/uploads\/2026\/01\/2ea5ad08cd1440dcf47bd7e8551e5c676e35be944f8d2f6da97519740b921259.jpg\" alt=\"\"\/><img decoding=\"async\" class=\"image image-show\" src=\"https:\/\/www.europesays.com\/fi\/wp-content\/uploads\/2026\/01\/1767681971_908_2ea5ad08cd1440dcf47bd7e8551e5c676e35be944f8d2f6da97519740b921259.jpg\" alt=\"\"\/><\/p>\n<p>Lauri MIkkolan pesti alle 20-vuotiaiden maajoukkueen p\u00e4\u00e4valmentajana p\u00e4\u00e4ttyy. AOP<\/p>\n<p class=\"paragraph\">Suomi j\u00e4i t\u00e4m\u00e4n vuoden MM-kisoissa nelj\u00e4nneksi. Suomen osalta kisat p\u00e4\u00e4ttyiv\u00e4t 6\u20133 tappioon pronssipeliss\u00e4 Kanadalle.<\/p>\n<p class=\"paragraph\">\u2013 Tunnetaso meni siin\u00e4 yl\u00f6s ja alas. Kolmas er\u00e4 n\u00e4ytti, ett\u00e4 pystyttiin viel\u00e4 pumppaamaan itsemme takaisin peliin. T\u00e4llaisia n\u00e4m\u00e4 pelit ovat. Lopullinen sijoitus oli nelj\u00e4s, ynn\u00e4si p\u00e4\u00e4valmentaja <strong>Lauri Mikkola<\/strong> MM-turnauksen.<\/p>\n<p class=\"paragraph\">Mikkola kiitteli 2006 syntyneiden pelaajien ik\u00e4luokkaa. Se ik\u00e4luokka p\u00e4\u00e4tti juniorimaajoukkuepolkunsa t\u00e4h\u00e4n turnaukseen.<\/p>\n<p class=\"paragraph\">\u2013 Huikeita tyyppej\u00e4 he ovat. <a href=\"https:\/\/www.iltalehti.fi\/henkilot\/Aron Kiviharju\" class=\"article-link-person-page\" rel=\"nofollow noopener\" target=\"_blank\">Aron Kiviharjua<\/a> ei voi tarpeeksi nostaa kapteenina, millainen moottori ja syd\u00e4n h\u00e4n joukkueelle on ollut.<\/p>\n<p class=\"paragraph\">\u2013 <a href=\"https:\/\/www.iltalehti.fi\/henkilot\/Petteri Rimpinen\" class=\"article-link-person-page\" rel=\"nofollow noopener\" target=\"_blank\">Petteri Rimpinen<\/a> on my\u00f6s erinomainen tyyppi ja pelaaja. T\u00e4ss\u00e4 j\u00e4\u00e4 nyt monta nime\u00e4 valitettavasti mainitsematta, mutta ik\u00e4luokassa on paljon pelaajia joiden ura on menossa oikeaan suuntaan, hyv\u00e4\u00e4n suuntaan, Mikkola totesi.<\/p>\n<p class=\"paragraph\">Suomen valmennusjohto antoi pronssipeliss\u00e4\u00e4 peliaikaa l\u00e4hes kaikille 2006 syntyneille pelaajille. Se oli tyylik\u00e4s teko.<\/p>\n<p>Mestaruus j\u00e4i puuttumaan<\/p>\n<p>Aron Kiviharju oli Suomen kapteeni MM-kisoissa. TIIA MAHKONEN \/ AOP<\/p>\n<p class=\"paragraph\">Mikkolan kolmen vuoden periodi p\u00e4\u00e4valmentajana oli arvokisamenestyksen valossa kohtuullinen.<\/p>\n<p class=\"paragraph\">Jokaisella kaudella Suomi pelasi ik\u00e4luokan MM-kisoissa nelj\u00e4n parhaan joukossa, viime vuonna jopa MM-finaalissa.<\/p>\n<p class=\"paragraph\">\u2013 No, se kulta j\u00e4i puuttumaan. Sill\u00e4 tavalla kun miettii, niin oli ihan realismia  joka vuosi mestaruus voittaa. Toki se vaatii Suomelta aina ihan t\u00e4ydellisen onnistumisen. Viime vuonnakin h\u00e4visimme mestaruuden pienimm\u00e4ll\u00e4 mahdollisella erolla, 44-vuotias Mikkola mietti.<\/p>\n<p>Pysyy syd\u00e4mess\u00e4<\/p>\n<p class=\"paragraph\">Mikkola p\u00e4\u00e4tt\u00e4\u00e4 maajoukkuevalmennuksen t\u00e4ss\u00e4 kohtaa ylpe\u00e4n\u00e4.<\/p>\n<p class=\"paragraph\">\u2013 Mutta eip\u00e4 siin\u00e4, n\u00e4m\u00e4 ovat olleet upeita vuosia. Olen kehittynyt valmentajana. Ylpe\u00e4n\u00e4 kannan t\u00e4t\u00e4 juttua omassa syd\u00e4mess\u00e4ni.<\/p>\n<p class=\"paragraph\">\u2013 Aina on tunteikasta, kun vanhin ik\u00e4luokka lopettaa leijonapolun. Heill\u00e4 on paljon yhteisi\u00e4 kokemuksia, paljon p\u00e4ivi\u00e4 yhdess\u00e4 ja paljon muistoja. He ovat pelanneet paljon pelej\u00e4 yhdess\u00e4, Mikkola totesi \u00e4\u00e4ni v\u00e4risten.<\/p>\n<p>Nuoret suomalaiset<\/p>\n<p>Petteri Rimpinen on Los Angeles Kingsin NHL-varaus. AOP<\/p>\n<p class=\"paragraph\">Mikkola ei t\u00e4ysin allekirjoita v\u00e4itett\u00e4, jonka mukaan nuoret suomalaiset pelaajat eiv\u00e4t p\u00e4rj\u00e4\u00e4 kansainv\u00e4lisess\u00e4 vertailussa.<\/p>\n<p class=\"paragraph\">\u2013 Maailma on pullollaan hyvi\u00e4 pelaajia. Nytkin meill\u00e4 on Suomen koppi t\u00e4ynn\u00e4 hyvi\u00e4 pelaajia. Olen monta kertaa sanonut, ett\u00e4 suomalainen pelaaja kypsyy usein v\u00e4h\u00e4n hitaammin. En tied\u00e4 miksi.<\/p>\n<p class=\"paragraph\">\u2013 NHL-varausnumeroissa me emme ole v\u00e4ltt\u00e4m\u00e4tt\u00e4 p\u00e4rj\u00e4nneet, mutta moni pelaaja on ottanut sen j\u00e4lkeen isoja steppej\u00e4 eteenp\u00e4in. Se taas mahdollistaa meid\u00e4n hyv\u00e4n pelaamisemme joukkueena, Mikkola ynn\u00e4si.<\/p>\n<p><a href=\"https:\/\/www.iltalehti.fi\/telkku\/?utm_source=iltalehti.fi&amp;utm_medium=almainternal&amp;utm_campaign=urheilu_artikkelibanneri&amp;utm_content=banner_612_a\" rel=\"nofollow noopener\" target=\"_blank\"><img decoding=\"async\" src=\"https:\/\/www.europesays.com\/fi\/wp-content\/uploads\/2025\/08\/7ef604e47d46ca174b7df4149bd3557dbde56a86d520f8e1b2125548b0a2e03a.png\" alt=\"TV-ohjelmat t\u00e4n\u00e4\u00e4n, TV-opas\"\/><\/a><\/p>\n","protected":false},"excerpt":{"rendered":"Lauri Mikkolan pesti alle 20-vuotiaiden j\u00e4\u00e4kiekkomaajoukkueen p\u00e4\u00e4valmentajana p\u00e4\u00e4ttyi MM-pronssipeliin St. Paulissa. Lauri MIkkolan pesti alle 20-vuotiaiden maajoukkueen p\u00e4\u00e4valmentajana&hellip;\n","protected":false},"author":2,"featured_media":134716,"comment_status":"","ping_status":"","sticky":false,"template":"","format":"standard","meta":{"footnotes":""},"categories":[158],"tags":[35,1274,33,31,30,1143,41,159,32,1145,160,161],"class_list":{"0":"post-134715","1":"post","2":"type-post","3":"status-publish","4":"format-standard","5":"has-post-thumbnail","7":"category-urheilu","8":"tag-24h","9":"tag-ammattiurheilu","10":"tag-fi","11":"tag-finland","12":"tag-finnish","13":"tag-jaakiekko","14":"tag-liikunta-ja-urheilu","15":"tag-sports","16":"tag-suomi","17":"tag-talviurheilu","18":"tag-urheilu","19":"tag-urheilutapahtumat"},"share_on_mastodon":{"url":"https:\/\/pubeurope.com\/@fi\/115846813075333938","error":""},"_links":{"self":[{"href":"https:\/\/www.europesays.com\/fi\/wp-json\/wp\/v2\/posts\/134715","targetHints":{"allow":["GET"]}}],"collection":[{"href":"https:\/\/www.europesays.com\/fi\/wp-json\/wp\/v2\/posts"}],"about":[{"href":"https:\/\/www.europesays.com\/fi\/wp-json\/wp\/v2\/types\/post"}],"author":[{"embeddable":true,"href":"https:\/\/www.europesays.com\/fi\/wp-json\/wp\/v2\/users\/2"}],"replies":[{"embeddable":true,"href":"https:\/\/www.europesays.com\/fi\/wp-json\/wp\/v2\/comments?post=134715"}],"version-history":[{"count":0,"href":"https:\/\/www.europesays.com\/fi\/wp-json\/wp\/v2\/posts\/134715\/revisions"}],"wp:featuredmedia":[{"embeddable":true,"href":"https:\/\/www.europesays.com\/fi\/wp-json\/wp\/v2\/media\/134716"}],"wp:attachment":[{"href":"https:\/\/www.europesays.com\/fi\/wp-json\/wp\/v2\/media?parent=134715"}],"wp:term":[{"taxonomy":"category","embeddable":true,"href":"https:\/\/www.europesays.com\/fi\/wp-json\/wp\/v2\/categories?post=134715"},{"taxonomy":"post_tag","embeddable":true,"href":"https:\/\/www.europesays.com\/fi\/wp-json\/wp\/v2\/tags?post=134715"}],"curies":[{"name":"wp","href":"https:\/\/api.w.org\/{rel}","templated":true}]}}