{"id":134723,"date":"2026-01-06T06:52:07","date_gmt":"2026-01-06T06:52:07","guid":{"rendered":"https:\/\/www.europesays.com\/fi\/134723\/"},"modified":"2026-01-06T06:52:07","modified_gmt":"2026-01-06T06:52:07","slug":"vuoden-jutut-alakylassa-sopo-yllatys-raipe-kettu-teki-pesan-toimittajan-pihamaalle-paikalliset","status":"publish","type":"post","link":"https:\/\/www.europesays.com\/fi\/134723\/","title":{"rendered":"Vuoden jutut | Alakyl\u00e4ss\u00e4 s\u00f6p\u00f6 yll\u00e4tys: Raipe-kettu teki pes\u00e4n toimittajan pihamaalle | Paikalliset"},"content":{"rendered":"<p>Kisapuiston metsik\u00f6ss\u00e4 ja Alakyl\u00e4n pihoilla liikkuva Raipe-kettu teki pes\u00e4ns\u00e4 piharakennuksen alle. Kaupunkilainen hullaantuu kettuperheen tarjoamasta luontokokemuksesta, mutta riistanhoitoyhdistyksest\u00e4 muistutetaan villiel\u00e4imen vaaroista.<\/p>\n<p>T\u00e4m\u00e4 juttu on julkaistu alun perin 31.5.2025. Etel\u00e4-Saimaa julkaisee vuodenvaihteessa uudelleen vuoden 2025 kiinnostavimpia juttujaan.<\/p>\n<p>Pihapiiriimme ilmestyi kev\u00e4ttalvella kettu. Repolainen p\u00e4ivysti omenapuun alla ja jolkotti verkkaisesti et\u00e4\u00e4mm\u00e4lle, kun l\u00e4hestyimme sit\u00e4.<\/p>\n<p>\u2013\u2009Mik\u00e4s Raipe se sin\u00e4 oikein olet, kyselin ketulta.<\/p>\n<p>Kettu n\u00e4ytti viihtyv\u00e4n erityisen hyvin meid\u00e4n pihassa. Vaikka koiramme Lykke merkkasi uutterasti pihan puita ja puskia, se ei n\u00e4ytt\u00e4nyt repolaista hetkauttavan.<\/p>\n","protected":false},"excerpt":{"rendered":"Kisapuiston metsik\u00f6ss\u00e4 ja Alakyl\u00e4n pihoilla liikkuva Raipe-kettu teki pes\u00e4ns\u00e4 piharakennuksen alle. Kaupunkilainen hullaantuu kettuperheen tarjoamasta luontokokemuksesta, mutta riistanhoitoyhdistyksest\u00e4&hellip;\n","protected":false},"author":2,"featured_media":134724,"comment_status":"","ping_status":"","sticky":false,"template":"","format":"standard","meta":{"footnotes":""},"categories":[12],"tags":[22,23,404,26,27,33,31,30,17,3340,3667,4508,1446,24,25,28,29,15,785,18,21,32,19,20,6578,16],"class_list":{"0":"post-134723","1":"post","2":"type-post","3":"status-publish","4":"format-standard","5":"has-post-thumbnail","7":"category-suomi","8":"tag-breaking-news","9":"tag-breakingnews","10":"tag-elaimet","11":"tag-featured-news","12":"tag-featurednews","13":"tag-fi","14":"tag-finland","15":"tag-finnish","16":"tag-headlines","17":"tag-imetys","18":"tag-lappee","19":"tag-lappeenrannan-seutukunta","20":"tag-lappeenranta","21":"tag-latest-news","22":"tag-latestnews","23":"tag-main-news","24":"tag-mainnews","25":"tag-news","26":"tag-nisakkaat","27":"tag-otsikot","28":"tag-paauutiset","29":"tag-suomi","30":"tag-top-stories","31":"tag-topstories","32":"tag-uupumus","33":"tag-uutiset"},"share_on_mastodon":{"url":"https:\/\/pubeurope.com\/@fi\/115846836637450654","error":""},"_links":{"self":[{"href":"https:\/\/www.europesays.com\/fi\/wp-json\/wp\/v2\/posts\/134723","targetHints":{"allow":["GET"]}}],"collection":[{"href":"https:\/\/www.europesays.com\/fi\/wp-json\/wp\/v2\/posts"}],"about":[{"href":"https:\/\/www.europesays.com\/fi\/wp-json\/wp\/v2\/types\/post"}],"author":[{"embeddable":true,"href":"https:\/\/www.europesays.com\/fi\/wp-json\/wp\/v2\/users\/2"}],"replies":[{"embeddable":true,"href":"https:\/\/www.europesays.com\/fi\/wp-json\/wp\/v2\/comments?post=134723"}],"version-history":[{"count":0,"href":"https:\/\/www.europesays.com\/fi\/wp-json\/wp\/v2\/posts\/134723\/revisions"}],"wp:featuredmedia":[{"embeddable":true,"href":"https:\/\/www.europesays.com\/fi\/wp-json\/wp\/v2\/media\/134724"}],"wp:attachment":[{"href":"https:\/\/www.europesays.com\/fi\/wp-json\/wp\/v2\/media?parent=134723"}],"wp:term":[{"taxonomy":"category","embeddable":true,"href":"https:\/\/www.europesays.com\/fi\/wp-json\/wp\/v2\/categories?post=134723"},{"taxonomy":"post_tag","embeddable":true,"href":"https:\/\/www.europesays.com\/fi\/wp-json\/wp\/v2\/tags?post=134723"}],"curies":[{"name":"wp","href":"https:\/\/api.w.org\/{rel}","templated":true}]}}