{"id":134727,"date":"2026-01-06T07:05:08","date_gmt":"2026-01-06T07:05:08","guid":{"rendered":"https:\/\/www.europesays.com\/fi\/134727\/"},"modified":"2026-01-06T07:05:08","modified_gmt":"2026-01-06T07:05:08","slug":"voi-ei-teemu-selanteen-naiset-ajelivat-kirkkonummella-ajokiellossa-olevalla-menopelilla","status":"publish","type":"post","link":"https:\/\/www.europesays.com\/fi\/134727\/","title":{"rendered":"Voi ei! Teemu Sel\u00e4nteen naiset ajelivat Kirkkonummella ajokiellossa olevalla menopelill\u00e4"},"content":{"rendered":"<p>            Matti Matikainen, Pasi Murto, lukijan kuva\n        <\/p>\n<p class=\"subtitle \">Seiska tavoitti Teemun, joka vaikutti asiasta kovin yll\u00e4ttyneelt\u00e4.<\/p>\n<p class=\"article-content article-content-width !bg-background\">Lauantaina 20. joulukuuta Kirkkonummella sijaitsevaan Kantvikiin saatiin maailmanluokan vieraita.<\/p>\n<p class=\"article-content article-content-width !bg-background\">Paikalliseen Saleen pyyh\u00e4lsiv\u00e4t nimitt\u00e4in Peugeotilla  tytt\u00e4rens\u00e4  kanssa \u2013 eik\u00e4 unohtaa saa my\u00f6sk\u00e4\u00e4n mukana ollutta pient\u00e4 ruskeaa m\u00e4yr\u00e4koiraa.<\/p>\n<p class=\"article-content article-content-width !bg-background\">Pelipaikoilla oli my\u00f6s Seiskan lukija perheineen.<\/p>\n<p class=\"article-content article-content-width !bg-background\">\u2013 Sirpa ja Veera vaikuttivat olevan ihan pirte\u00e4ll\u00e4 mielell\u00e4, ihan joulumielell\u00e4.<\/p>\n<p class=\"article-content article-content-width !bg-background\">\u2013 Ei meit\u00e4 kaupassa montaa ihmist\u00e4 ollut, mutta kyll\u00e4 myyj\u00e4t ja itse ainakin tunnistin heti Sel\u00e4nteet.<\/p>\n<p>                <img decoding=\"async\" src=\"https:\/\/www.europesays.com\/fi\/wp-content\/uploads\/2026\/01\/2034240.webp.jpeg\" width=\"576\" height=\"322\" alt=\"Teemu Sel\u00e4nne on kiekkolegenda ja kansallisaarre.\" loading=\"lazy\" \/>            <\/p>\n<p>\n            Teemu Sel\u00e4nne on kiekkolegenda ja kansallisaarre.<br \/>\n            AOP\n        <\/p>\n<p>&#8221;Uteliaisuus vei&#8221;<\/p>\n<p class=\"article-content article-content-width !bg-background\"> eli Suomen historian kovimmalla NHL-pelaajalla on perheineen hulppea huvila Kirkkonummella Hilan kyl\u00e4ss\u00e4.<\/p>\n<p class=\"article-content article-content-width !bg-background\">Lukija noteerasi kaupasta ulos tullessaan, ett\u00e4 Sirpa ja Veera olivat matkalla hyvinkin tavanomaisella ranskalaisautolla, Peugeotilla.<\/p>\n<p class=\"article-content article-content-width !bg-background\">\u2013 Mielenkiinnosta katsoin, kenen nimiss\u00e4 auto on, kun sellaisella peruskikkareella olivat liikenteess\u00e4, miespuolinen lukija hym\u00e4ht\u00e4\u00e4.<\/p>\n<p class=\"article-content article-content-width !bg-background\">\u2013 Uteliaisuus vei Traficomin sivuille, ja sielt\u00e4 selvisikin yll\u00e4tys.<\/p>\n<p>                <img decoding=\"async\" src=\"https:\/\/www.europesays.com\/fi\/wp-content\/uploads\/2026\/01\/2034223.webp.jpeg\" width=\"576\" height=\"639\" alt=\"Taannoin 18 vuotta t\u00e4ytt\u00e4nyt Veera kantoi syliss\u00e4\u00e4n m\u00e4yr\u00e4koiraa.\" loading=\"lazy\" \/>            <\/p>\n<p>\n            Taannoin 18 vuotta t\u00e4ytt\u00e4nyt Veera kantoi syliss\u00e4\u00e4n m\u00e4yr\u00e4koiraa.<br \/>\n            Lukijan kuva\n        <\/p>\n<p>Ajokiellossa<\/p>\n<p class=\"article-content article-content-width !bg-background\">Kyseinen auto on nimitt\u00e4in ajokiellossa, sill\u00e4 sen ajoneuvoverot ovat olleet maksamatta jo jonkin aikaa.<\/p>\n<p class=\"article-content article-content-width !bg-background\">Er\u00e4p\u00e4iv\u00e4 maksulle on ollut viime syyskuun lopulla, josta alkaen autolla ei olisi siis saanut en\u00e4\u00e4 ajaa.<\/p>\n<p>        <a itemprop=\"url\" href=\"https:\/\/www.seiska.fi\/kotimaa\/sirpa-selanne-silma-mustana-teemu-hymyilee-vieressa\/1979320\" rel=\"nofollow noopener\" target=\"_blank\"><\/p>\n<p>\nMit\u00e4 ihmett\u00e4?\n<\/p>\n<p class=\"section-date\">\n        <strong class=\"article-section\" data-section=\"kotimaa\"><br \/>\n            kotimaa<br \/>\n        <\/strong><br \/>\n        31.10.2025 13:03\n    <\/p>\n<p>Sirpa Sel\u00e4nne silm\u00e4 mustana \u2013 Teemu hymyilee vieress\u00e4\n    <\/p>\n<p itemprop=\"description\" class=\"subtitle \">\n    Teemulla ja Sirpalla on nykyisin my\u00f6s Yhdysvaltojen kansalaisuus.\n<\/p>\n<p>        <\/a><\/p>\n<p class=\"article-content article-content-width !bg-background\">Ajoneuvotietojen mukaan auton omistaja on autoliike ja auton haltija puolestaan Teemu.<\/p>\n<p class=\"article-content article-content-width !bg-background\">T\u00e4ll\u00e4 hetkell\u00e4 maksamattoman ajoneuvoveron suuruus on hieman yli 120 euroa.<\/p>\n<p class=\"article-content article-content-width !bg-background\">\u2013 Eik\u00f6h\u00e4n se Teemu saa maksettua sen.<\/p>\n<p>                <img decoding=\"async\" src=\"https:\/\/www.europesays.com\/fi\/wp-content\/uploads\/2026\/01\/2034217.webp.jpeg\" width=\"576\" height=\"639\" alt=\"Tavanomainen Peugeot on ollut ajokiellossa syyskuun lopusta l\u00e4htien.\" loading=\"lazy\" \/>            <\/p>\n<p>\n            Tavanomainen Peugeot on ollut ajokiellossa syyskuun lopusta l\u00e4htien.<br \/>\n            Lukijan kuva\n        <\/p>\n<p>&#8221;Siin\u00e4 miss\u00e4 muutkin&#8221;<\/p>\n<p class=\"article-content article-content-width !bg-background\">Ennen Sirpan ja Veeran kohtaamista lukijalla oli mielikuva siit\u00e4, ett\u00e4 kaksikko \u2013 tai oikeastaan koko perhe \u2013 on sanalla sanoen \u201dasiallista\u201d v\u00e4ke\u00e4.<\/p>\n<p>        <a itemprop=\"url\" href=\"https:\/\/www.seiska.fi\/urheilu\/teemu-selanne-paljastaa-eetu-pojalla-ero-ja-uusi-rakas\/1859774\" rel=\"nofollow noopener\" target=\"_blank\"><\/p>\n<p>\nTeemu Sel\u00e4nne paljastaa:\n<\/p>\n<p class=\"section-date\">\n        <strong class=\"article-section\" data-section=\"urheilu\"><br \/>\n            urheilu<br \/>\n        <\/strong><br \/>\n        5.7.2025 17:30\n    <\/p>\n<p>Teemu Sel\u00e4nne paljastaa: Eetu-pojalla ero ja uusi rakas!\n    <\/p>\n<p itemprop=\"description\" class=\"subtitle \">\n    Uusi mini\u00e4kokelas on Teemun mukaan kova tekem\u00e4\u00e4n t\u00f6it\u00e4.\n<\/p>\n<p>        <\/a><\/p>\n<p class=\"article-content article-content-width !bg-background\">\u2013 Ja se mielikuva vain vahvistui, ovat ihan peruskansalaisia siin\u00e4 miss\u00e4 muutkin.<\/p>\n<p class=\"article-content article-content-width !bg-background\">\u2013 Kyll\u00e4h\u00e4n sit\u00e4 itsell\u00e4kin joskus saattaa unohtua joku maksu.<\/p>\n<p>                <img decoding=\"async\" src=\"https:\/\/www.europesays.com\/fi\/wp-content\/uploads\/2026\/01\/1928851.webp.jpeg\" width=\"576\" height=\"274\" alt=\"Kaliforniassa asuva Teemu on nyky\u00e4\u00e4n my\u00f6s Yhdysvaltain kansalainen.\" loading=\"lazy\" \/>            <\/p>\n<p>\n            Kaliforniassa asuva Teemu on nyky\u00e4\u00e4n my\u00f6s Yhdysvaltain kansalainen.<br \/>\n            Matti Matikainen\n        <\/p>\n<p>Nyt puhuu Teemu<\/p>\n<p class=\"article-content article-content-width !bg-background\">Seiska tavoitti asian tiimoilta my\u00f6s Teemun.<\/p>\n<p class=\"article-content article-content-width !bg-background\">Oikeammin Seiska kertoi Teemulle ajokiellosta ja ajoneuvoverosta, mink\u00e4 j\u00e4lkeen seurasi parin p\u00e4iv\u00e4n hiljaisuus.<\/p>\n<p>        <a itemprop=\"url\" href=\"https:\/\/www.seiska.fi\/urheilu\/leevi-selanteesta-pamahti-uutinen-tervepainen-pelimies\/2033140\" rel=\"nofollow noopener\" target=\"_blank\"><\/p>\n<p>\nLeevi Sel\u00e4nteest\u00e4 pamahti uutinen\n<\/p>\n<p class=\"section-date\">\n        <strong class=\"article-section\" data-section=\"urheilu\"><br \/>\n            urheilu<br \/>\n        <\/strong><br \/>\n        29.12.2025 14:26\n    <\/p>\n<p>Leevi Sel\u00e4nteest\u00e4 pamahti uutinen: &#8221;Tervep\u00e4inen pelimies&#8221;\n    <\/p>\n<p itemprop=\"description\" class=\"subtitle \">\n    Pelaamassaan kuudessa ottelussa Leevi on nakuttanut nelj\u00e4 maalia ja sy\u00f6tt\u00e4nyt lis\u00e4ksi kolme.\n<\/p>\n<p>        <\/a><\/p>\n<p class=\"article-content article-content-width !bg-background\">Kolmantena p\u00e4iv\u00e4n\u00e4 Teemu her\u00e4si ja aktivoitui.<\/p>\n<p class=\"article-content article-content-width !bg-background\">\u2013 Joo, ihan oikeesti kiitos tiedosta, ne on nyt maksettu.<\/p>\n<p class=\"article-content article-content-width !bg-background\"> \u2013 Lasteni autojahan ne on, mutta en tii\u00e4, miten on j\u00e4\u00e4ny maksamatta tai mihin ne laskut on menny, mutta nyt hoidettu, kiitos, legendaarinen kasi kiittelee.<\/p>\n","protected":false},"excerpt":{"rendered":"Matti Matikainen, Pasi Murto, lukijan kuva Seiska tavoitti Teemun, joka vaikutti asiasta kovin yll\u00e4ttyneelt\u00e4. Lauantaina 20. joulukuuta Kirkkonummella&hellip;\n","protected":false},"author":2,"featured_media":134728,"comment_status":"","ping_status":"","sticky":false,"template":"","format":"standard","meta":{"footnotes":""},"categories":[136],"tags":[23629,407,137,33,31,30,408,3349,212,3374,32,3375,4299,109],"class_list":{"0":"post-134727","1":"post","2":"type-post","3":"status-publish","4":"format-standard","5":"has-post-thumbnail","7":"category-julkkikset","8":"tag-ajokielto","9":"tag-celebrities","10":"tag-entertainment","11":"tag-fi","12":"tag-finland","13":"tag-finnish","14":"tag-julkkikset","15":"tag-kirkkonummi","16":"tag-lifestyle","17":"tag-sirpa-selanne","18":"tag-suomi","19":"tag-teemu-selanne","20":"tag-veera-selanne","21":"tag-viihde"},"share_on_mastodon":{"url":"https:\/\/pubeurope.com\/@fi\/115846887710847211","error":""},"_links":{"self":[{"href":"https:\/\/www.europesays.com\/fi\/wp-json\/wp\/v2\/posts\/134727","targetHints":{"allow":["GET"]}}],"collection":[{"href":"https:\/\/www.europesays.com\/fi\/wp-json\/wp\/v2\/posts"}],"about":[{"href":"https:\/\/www.europesays.com\/fi\/wp-json\/wp\/v2\/types\/post"}],"author":[{"embeddable":true,"href":"https:\/\/www.europesays.com\/fi\/wp-json\/wp\/v2\/users\/2"}],"replies":[{"embeddable":true,"href":"https:\/\/www.europesays.com\/fi\/wp-json\/wp\/v2\/comments?post=134727"}],"version-history":[{"count":0,"href":"https:\/\/www.europesays.com\/fi\/wp-json\/wp\/v2\/posts\/134727\/revisions"}],"wp:featuredmedia":[{"embeddable":true,"href":"https:\/\/www.europesays.com\/fi\/wp-json\/wp\/v2\/media\/134728"}],"wp:attachment":[{"href":"https:\/\/www.europesays.com\/fi\/wp-json\/wp\/v2\/media?parent=134727"}],"wp:term":[{"taxonomy":"category","embeddable":true,"href":"https:\/\/www.europesays.com\/fi\/wp-json\/wp\/v2\/categories?post=134727"},{"taxonomy":"post_tag","embeddable":true,"href":"https:\/\/www.europesays.com\/fi\/wp-json\/wp\/v2\/tags?post=134727"}],"curies":[{"name":"wp","href":"https:\/\/api.w.org\/{rel}","templated":true}]}}