{"id":134729,"date":"2026-01-06T07:08:07","date_gmt":"2026-01-06T07:08:07","guid":{"rendered":"https:\/\/www.europesays.com\/fi\/134729\/"},"modified":"2026-01-06T07:08:07","modified_gmt":"2026-01-06T07:08:07","slug":"croissantit-poytaan-netflixin-muodikas-romkom-hitti-uusittiin-jo-kuudennelle-tuotantokaudelle","status":"publish","type":"post","link":"https:\/\/www.europesays.com\/fi\/134729\/","title":{"rendered":"Croissantit p\u00f6yt\u00e4\u00e4n! Netflixin muodikas romkom-hitti uusittiin jo kuudennelle tuotantokaudelle"},"content":{"rendered":"<p>Netflixin suosittu romkom-sarja Emily in Paris on saamassa lis\u00e4\u00e4 jatkoa. Sarja onkin nyt virallisesti uusittu jo kuudennelle tuotantokaudelle.<\/p>\n<p>Suoratoistoj\u00e4tti paljasti asian sosiaalisessa mediassaan yhdess\u00e4 sarjan p\u00e4\u00e4t\u00e4hden, Suomessakin tuottamansa Kes\u00e4kirjan tiimoilta asuneen<strong> Lily Collinsin<\/strong> kanssa.<\/p>\n<p>Lue my\u00f6s: <a href=\"https:\/\/www.episodi.fi\/uutiset\/lily-collins-potee-pariisi-ikavaa-rooman-ytimessa-netflixin-romkom-hitti-sai-jo-viidennen-kauden\/\" title=\"Lily Collins potee Pariisi-ik\u00e4v\u00e4\u00e4 Rooman ytimess\u00e4 \u2013 Netflixin romkom-hitti sai jo viidennen kauden\" class=\"underline-custom !font-montserrat !font-bold !underline-offset-4 !decoration-4 !decoration-episodi-blue !text-md\" rel=\"nofollow noopener\" target=\"_blank\">Lily Collins potee Pariisi-ik\u00e4v\u00e4\u00e4 Rooman ytimess\u00e4 \u2013 Netflixin romkom-hitti sai jo viidennen kauden<\/a><\/p>\n<p>Lyhyell\u00e4 videolla n\u00e4hd\u00e4\u00e4n Collins k\u00e4velem\u00e4ss\u00e4 sis\u00e4\u00e4n parvekkeelta ja puhaltavan kuutosen mallisen kynttil\u00e4n sammuksiin suuren croissantin p\u00e4\u00e4lt\u00e4. Taustalla pystyy erottamaan Pariisin tunnistettavimman n\u00e4ht\u00e4vyyden eli Eiffel-tornin.<\/p>\n<p>Seuraavalla kaudella p\u00e4\u00e4hahmot vaikuttavat siis pysyttelev\u00e4n p\u00e4\u00e4asiassa Ranskassa. Suuri osa edellisen kauden tapahtumista tapahtui Italiassa: Roomassa, Venetsiassa ja fiktiivisess\u00e4 Solitanossa.<\/p>\n<p>Emily in Parisin viides tuotantokausi julkaistiin Netflixiss\u00e4 hieman joulukuun puolen v\u00e4lin j\u00e4lkeen. Fanien ei siis tarvinnut odotella virallista ilmoitusta sarjan jatkumisesta kovinkaan kauaa, vain noin kaksi ja puoli viikkoa. Viel\u00e4 ei ole varmuutta siit\u00e4, milloin sarjan kuudes kausi k\u00e4ynnist\u00e4\u00e4 kuvauksensa tai milloin suoratoistoyleis\u00f6 oikein p\u00e4\u00e4see nauttimaan uusista jaksoista kotisohvillaan.<\/p>\n<p>Lue my\u00f6s: <a href=\"https:\/\/www.episodi.fi\/uutiset\/lily-collins-suomalaisen-ikonin-kanssa-emily-in-paris-tahti-jakoi-jalleen-suomalaisia-ilahduttavan-paivityksen\/\" title=\"Lily Collins suomalaisen ikonin kanssa \u2013 Emily in Paris -t\u00e4hti jakoi j\u00e4lleen suomalaisia ilahduttavan p\u00e4ivityksen\" class=\"underline-custom !font-montserrat !font-bold !underline-offset-4 !decoration-4 !decoration-episodi-blue !text-md\" rel=\"nofollow noopener\" target=\"_blank\">Lily Collins suomalaisen ikonin kanssa \u2013 Emily in Paris -t\u00e4hti jakoi j\u00e4lleen suomalaisia ilahduttavan p\u00e4ivityksen<\/a><\/p>\n<p>Kurkista alta Netflixin tuore video, joka vahvistaa Emily in Parisin jatkuvan.<\/p>\n<p>Lue my\u00f6s: <a href=\"https:\/\/www.episodi.fi\/uutiskirje\/?uutiskirjemainos=tekstilinkkimainos\" title=\"Tilaa Episodin uutiskirje ja voit voittaa leffalippuja! Nappaa tv-vinkit suoraan s\u00e4hk\u00f6postiin t\u00e4st\u00e4.\" class=\"underline-custom !font-montserrat !font-bold !underline-offset-4 !decoration-4 !decoration-episodi-blue !text-md\" rel=\"nofollow noopener\" target=\"_blank\">Tilaa Episodin uutiskirje ja voit voittaa leffalippuja! Nappaa katseluvinkit suoraan s\u00e4hk\u00f6postiin t\u00e4st\u00e4.<\/a><\/p>\n","protected":false},"excerpt":{"rendered":"Netflixin suosittu romkom-sarja Emily in Paris on saamassa lis\u00e4\u00e4 jatkoa. Sarja onkin nyt virallisesti uusittu jo kuudennelle tuotantokaudelle.&hellip;\n","protected":false},"author":2,"featured_media":43470,"comment_status":"","ping_status":"","sticky":false,"template":"","format":"standard","meta":{"footnotes":""},"categories":[133],"tags":[11367,137,33,31,30,9003,217,32,570,206,571,156,109],"class_list":{"0":"post-134729","1":"post","2":"type-post","3":"status-publish","4":"format-standard","5":"has-post-thumbnail","7":"category-televisiot","8":"tag-emily-in-paris","9":"tag-entertainment","10":"tag-fi","11":"tag-finland","12":"tag-finnish","13":"tag-lily-collins","14":"tag-netflix","15":"tag-suomi","16":"tag-suoratoisto","17":"tag-televisiot","18":"tag-tv-sarjat","19":"tag-tv","20":"tag-viihde"},"share_on_mastodon":{"url":"https:\/\/pubeurope.com\/@fi\/115846899455643876","error":""},"_links":{"self":[{"href":"https:\/\/www.europesays.com\/fi\/wp-json\/wp\/v2\/posts\/134729","targetHints":{"allow":["GET"]}}],"collection":[{"href":"https:\/\/www.europesays.com\/fi\/wp-json\/wp\/v2\/posts"}],"about":[{"href":"https:\/\/www.europesays.com\/fi\/wp-json\/wp\/v2\/types\/post"}],"author":[{"embeddable":true,"href":"https:\/\/www.europesays.com\/fi\/wp-json\/wp\/v2\/users\/2"}],"replies":[{"embeddable":true,"href":"https:\/\/www.europesays.com\/fi\/wp-json\/wp\/v2\/comments?post=134729"}],"version-history":[{"count":0,"href":"https:\/\/www.europesays.com\/fi\/wp-json\/wp\/v2\/posts\/134729\/revisions"}],"wp:featuredmedia":[{"embeddable":true,"href":"https:\/\/www.europesays.com\/fi\/wp-json\/wp\/v2\/media\/43470"}],"wp:attachment":[{"href":"https:\/\/www.europesays.com\/fi\/wp-json\/wp\/v2\/media?parent=134729"}],"wp:term":[{"taxonomy":"category","embeddable":true,"href":"https:\/\/www.europesays.com\/fi\/wp-json\/wp\/v2\/categories?post=134729"},{"taxonomy":"post_tag","embeddable":true,"href":"https:\/\/www.europesays.com\/fi\/wp-json\/wp\/v2\/tags?post=134729"}],"curies":[{"name":"wp","href":"https:\/\/api.w.org\/{rel}","templated":true}]}}