{"id":134730,"date":"2026-01-06T07:10:06","date_gmt":"2026-01-06T07:10:06","guid":{"rendered":"https:\/\/www.europesays.com\/fi\/134730\/"},"modified":"2026-01-06T07:10:06","modified_gmt":"2026-01-06T07:10:06","slug":"tata-asiaa-jack-black-pitaa-uransa-suurimpana-virheena","status":"publish","type":"post","link":"https:\/\/www.europesays.com\/fi\/134730\/","title":{"rendered":"T\u00e4t\u00e4 asiaa Jack Black pit\u00e4\u00e4 uransa suurimpana virheen\u00e4"},"content":{"rendered":"<p>N\u00e4yttelij\u00e4 ja muusikko <strong>Jack Black <\/strong>pit\u00e4\u00e4 uransa suurimpana virheen\u00e4 kielt\u00e4ytymist\u00e4 Ihmeperhe-animaatioelokuvan (2004) pahisroolista.<\/p>\n<p>\u201dMinulle tarjottiin roolia fantastisessa elokuvassa. Kielt\u00e4ydyin ja kadun sit\u00e4 viel\u00e4kin\u201d.<\/p>\n<p>\u201dOlin vain, ett\u00e4: \u00f6\u00f6, ohjaaja <strong>Brad Bird<\/strong>? En ole koskaan kuullutkaan! Sanoin h\u00e4nelle: \u201dhahmo, jota minulle tarjoat, on kyll\u00e4 konna, mutta aika yksiulotteinen. Olen kiinnostunut, mutta haluaisin n\u00e4hd\u00e4 uusitun version k\u00e4sikirjoituksesta. Voisitko lis\u00e4t\u00e4 hahmoon v\u00e4h\u00e4n enemm\u00e4n ulottuvuuksia?\u201d.<\/p>\n<p>\u201dJa h\u00e4n oli vain ett\u00e4: \u201djoo, olet ulkona\u201d, Black muisteli.<\/p>\n<p>Lue my\u00f6s: <a href=\"https:\/\/www.episodi.fi\/uutiset\/pixarin-rakastettu-supersankariperhe-jatkaa-seikkailujaan-uuden-ohjaajan-johdolla\/\" title=\"Pixarin rakastettu supersankariperhe jatkaa seikkailujaan uuden ohjaajan johdolla\u00a0\" class=\"underline-custom !font-montserrat !font-bold !underline-offset-4 !decoration-4 !decoration-episodi-blue !text-md\" rel=\"nofollow noopener\" target=\"_blank\">Pixarin rakastettu supersankariperhe jatkaa seikkailujaan uuden ohjaajan johdolla\u00a0<\/a><\/p>\n<p>Lue my\u00f6s: <a href=\"https:\/\/www.episodi.fi\/uutiset\/jack-blackin-anaconda-saapuu-teattereihin-tanaan-nain-ristiriitaista-vastaanottoa-ei-ole-tainnut-saada-kukaan\/\" title=\"Jack Blackin Anaconda saapuu teattereihin t\u00e4n\u00e4\u00e4n \u2013 N\u00e4in ristiriitaista vastaanottoa ei ole tainnut saada kukaan\" class=\"underline-custom !font-montserrat !font-bold !underline-offset-4 !decoration-4 !decoration-episodi-blue !text-md\" rel=\"nofollow noopener\" target=\"_blank\">Jack Blackin Anaconda saapuu teattereihin t\u00e4n\u00e4\u00e4n \u2013 N\u00e4in ristiriitaista vastaanottoa ei ole tainnut saada kukaan<\/a><\/p>\n<p>Syndrome-pahiksen roolin sai <strong>Jason Lee<\/strong>. Ihmeperhe voitti Oscarin ja tuotti 631 miljoonaa dollaria. Jatko-osa Ihmeperhe 2 (2018) tahkosi lippukassoilla viel\u00e4 kaksi kertaa isomman potin (1,2 miljardia).<\/p>\n<p>\u201cKun leffa ilmestyi, tajusin ett\u00e4 se oli yksi parhaista koskaan. Samalla opin arvokkaan l\u00e4ksyn: miksi ihmeess\u00e4 olin niin hankala?\u201d, Black voivotteli.<\/p>\n<p>L\u00e4hde: <a href=\"https:\/\/variety.com\/2026\/film\/news\/jack-black-rejected-the-incredibles-offer-syndrome-regrets-1236623756\/\" rel=\"nofollow noopener\" target=\"_blank\">Variety<\/a><\/p>\n<p>Lue my\u00f6s: <a href=\"https:\/\/www.episodi.fi\/uutiskirje\/?uutiskirjemainos=tekstilinkkimainos\" title=\"Tilaa Episodin uutiskirje ja voit voittaa leffalippuja! Nappaa tv-vinkit suoraan s\u00e4hk\u00f6postiin t\u00e4st\u00e4.\" class=\"underline-custom !font-montserrat !font-bold !underline-offset-4 !decoration-4 !decoration-episodi-blue !text-md\" rel=\"nofollow noopener\" target=\"_blank\">Tilaa Episodin uutiskirje ja voit voittaa leffalippuja! Nappaa katseluvinkit suoraan s\u00e4hk\u00f6postiin t\u00e4st\u00e4.<\/a><\/p>\n","protected":false},"excerpt":{"rendered":"N\u00e4yttelij\u00e4 ja muusikko Jack Black pit\u00e4\u00e4 uransa suurimpana virheen\u00e4 kielt\u00e4ytymist\u00e4 Ihmeperhe-animaatioelokuvan (2004) pahisroolista. \u201dMinulle tarjottiin roolia fantastisessa elokuvassa.&hellip;\n","protected":false},"author":2,"featured_media":134731,"comment_status":"","ping_status":"","sticky":false,"template":"","format":"standard","meta":{"footnotes":""},"categories":[131],"tags":[155,137,33,173,31,30,23630,12414,172,32,109],"class_list":{"0":"post-134730","1":"post","2":"type-post","3":"status-publish","4":"format-standard","5":"has-post-thumbnail","7":"category-elokuvat","8":"tag-elokuvat","9":"tag-entertainment","10":"tag-fi","11":"tag-film","12":"tag-finland","13":"tag-finnish","14":"tag-ihmeperhe","15":"tag-jack-black","16":"tag-movies","17":"tag-suomi","18":"tag-viihde"},"share_on_mastodon":{"url":"https:\/\/pubeurope.com\/@fi\/115846907362052898","error":""},"_links":{"self":[{"href":"https:\/\/www.europesays.com\/fi\/wp-json\/wp\/v2\/posts\/134730","targetHints":{"allow":["GET"]}}],"collection":[{"href":"https:\/\/www.europesays.com\/fi\/wp-json\/wp\/v2\/posts"}],"about":[{"href":"https:\/\/www.europesays.com\/fi\/wp-json\/wp\/v2\/types\/post"}],"author":[{"embeddable":true,"href":"https:\/\/www.europesays.com\/fi\/wp-json\/wp\/v2\/users\/2"}],"replies":[{"embeddable":true,"href":"https:\/\/www.europesays.com\/fi\/wp-json\/wp\/v2\/comments?post=134730"}],"version-history":[{"count":0,"href":"https:\/\/www.europesays.com\/fi\/wp-json\/wp\/v2\/posts\/134730\/revisions"}],"wp:featuredmedia":[{"embeddable":true,"href":"https:\/\/www.europesays.com\/fi\/wp-json\/wp\/v2\/media\/134731"}],"wp:attachment":[{"href":"https:\/\/www.europesays.com\/fi\/wp-json\/wp\/v2\/media?parent=134730"}],"wp:term":[{"taxonomy":"category","embeddable":true,"href":"https:\/\/www.europesays.com\/fi\/wp-json\/wp\/v2\/categories?post=134730"},{"taxonomy":"post_tag","embeddable":true,"href":"https:\/\/www.europesays.com\/fi\/wp-json\/wp\/v2\/tags?post=134730"}],"curies":[{"name":"wp","href":"https:\/\/api.w.org\/{rel}","templated":true}]}}