{"id":134743,"date":"2026-01-06T07:20:12","date_gmt":"2026-01-06T07:20:12","guid":{"rendered":"https:\/\/www.europesays.com\/fi\/134743\/"},"modified":"2026-01-06T07:20:12","modified_gmt":"2026-01-06T07:20:12","slug":"hamara-luonto-dokumenttisarja-avaa-ikkunan-oiseen-luontoon-luontokuvaaja-konsta-punkka-kuvaa-kettuja-ja-sokea-hieroja-aanittaa-lintujen-aania-2","status":"publish","type":"post","link":"https:\/\/www.europesays.com\/fi\/134743\/","title":{"rendered":"H\u00e4m\u00e4r\u00e4 luonto -dokumenttisarja avaa ikkunan \u00f6iseen luontoon \u2013 Luontokuvaaja Konsta Punkka kuvaa kettuja ja sokea hieroja \u00e4\u00e4nitt\u00e4\u00e4 lintujen \u00e4\u00e4ni\u00e4"},"content":{"rendered":"<p>\n  Kiehtova H\u00e4m\u00e4r\u00e4 luonto -dokumenttisarja avaa ikkunan Suomen \u00f6iseen luontoon.<\/p>\n<p>\n            Teksti:          <\/p>\n<p>\n            Jussi Karjalainen          <\/p>\n<p>Luontodokumentaristi <strong>Petteri Saarion <\/strong>pojan <strong>Antti Saarion<\/strong> intressit n\u00e4kyv\u00e4t kaksikon uutuussarjassa. Saariot eiv\u00e4t tule etualalle, vaan H\u00e4m\u00e4r\u00e4 luonto ottaa oppia joukolta ihmisi\u00e4, jotka tiet\u00e4v\u00e4t paljon el\u00e4inten aktiivisuudesta auringon laskeuduttua.<\/p>\n<p>Heti alkuun pakasta vedet\u00e4\u00e4n Insta-ajan luontokuvaaja <strong>Konsta Punkka<\/strong>, jolla on 1,2 miljoonaa seuraajaa. Kolmekymppisen Punkan mukana ryhdyt\u00e4\u00e4n k\u00e4rsiv\u00e4llisiksi Kotkan satamassa. L\u00f6ytyy oiva paikka kuvata kettujen \u00f6isi\u00e4 toimia urbaaneilla taustoilla. Punkka tahtoo saada ihmiset kiinnostumaan luonnosta, ja siin\u00e4 h\u00e4n onnistuu. Kaikki alkoi h\u00e4nelle harrastuksena Seurasaaren oravista.<\/p>\n<p>Muilta kuullaan kiiltomato- ja lepakkoasiaa. Todella kiinnostava maailma kohdataan<strong> <\/strong><a href=\"https:\/\/www.tsnv.fi\/fi\/nakematta-kaunis-heidi-koivunen\" target=\"_blank\" rel=\"noreferrer noopener nofollow\"><strong>Heidi Koivusen<\/strong> <\/a>mukana. Sokea hieroja \u00e4\u00e4nitt\u00e4\u00e4 kupumallisella parabolisella mikrofonilla lintuja. Poiminnassa v\u00e4littyy nerokkaasti kaksi puolta: luontoa voi rakastaa yll\u00e4tt\u00e4vill\u00e4 ja s\u00e4vykk\u00e4ill\u00e4 tavoilla. Toisaalta tekniset uutuudet nostavat mahdollisuuksia.<\/p>\n<p>H\u00e4m\u00e4r\u00e4 luonto, sunnuntai 4.1. klo 18.15, <a href=\"https:\/\/areena.yle.fi\/1-66676884\" rel=\"nofollow noopener\" target=\"_blank\">TV1<\/a><\/p>\n<p><a href=\"https:\/\/seura.fi\/tv\/pohjalaismaiseman-vuodenkierto-lakeuden-vuosi\/\" target=\"_blank\" rel=\"noreferrer noopener nofollow\">Lue my\u00f6s: Dokumentti: Lakeuden vuosi n\u00e4ytt\u00e4\u00e4 pohjalaismaiseman vuodenkierron<\/a><\/p>\n","protected":false},"excerpt":{"rendered":"Kiehtova H\u00e4m\u00e4r\u00e4 luonto -dokumenttisarja avaa ikkunan Suomen \u00f6iseen luontoon. Teksti: Jussi Karjalainen Luontodokumentaristi Petteri Saarion pojan Antti Saarion&hellip;\n","protected":false},"author":2,"featured_media":133010,"comment_status":"","ping_status":"","sticky":false,"template":"","format":"standard","meta":{"footnotes":""},"categories":[117],"tags":[819,33,31,30,72,2201,476,118,32,119,477],"class_list":{"0":"post-134743","1":"post","2":"type-post","3":"status-publish","4":"format-standard","5":"has-post-thumbnail","7":"category-luonto","8":"tag-dokumentti","9":"tag-fi","10":"tag-finland","11":"tag-finnish","12":"tag-luonto","13":"tag-luontodokumentti","14":"tag-nature","15":"tag-science","16":"tag-suomi","17":"tag-tiede","18":"tag-wildlife"},"share_on_mastodon":{"url":"https:\/\/pubeurope.com\/@fi\/115846946656971130","error":""},"_links":{"self":[{"href":"https:\/\/www.europesays.com\/fi\/wp-json\/wp\/v2\/posts\/134743","targetHints":{"allow":["GET"]}}],"collection":[{"href":"https:\/\/www.europesays.com\/fi\/wp-json\/wp\/v2\/posts"}],"about":[{"href":"https:\/\/www.europesays.com\/fi\/wp-json\/wp\/v2\/types\/post"}],"author":[{"embeddable":true,"href":"https:\/\/www.europesays.com\/fi\/wp-json\/wp\/v2\/users\/2"}],"replies":[{"embeddable":true,"href":"https:\/\/www.europesays.com\/fi\/wp-json\/wp\/v2\/comments?post=134743"}],"version-history":[{"count":0,"href":"https:\/\/www.europesays.com\/fi\/wp-json\/wp\/v2\/posts\/134743\/revisions"}],"wp:featuredmedia":[{"embeddable":true,"href":"https:\/\/www.europesays.com\/fi\/wp-json\/wp\/v2\/media\/133010"}],"wp:attachment":[{"href":"https:\/\/www.europesays.com\/fi\/wp-json\/wp\/v2\/media?parent=134743"}],"wp:term":[{"taxonomy":"category","embeddable":true,"href":"https:\/\/www.europesays.com\/fi\/wp-json\/wp\/v2\/categories?post=134743"},{"taxonomy":"post_tag","embeddable":true,"href":"https:\/\/www.europesays.com\/fi\/wp-json\/wp\/v2\/tags?post=134743"}],"curies":[{"name":"wp","href":"https:\/\/api.w.org\/{rel}","templated":true}]}}