{"id":134746,"date":"2026-01-06T07:34:09","date_gmt":"2026-01-06T07:34:09","guid":{"rendered":"https:\/\/www.europesays.com\/fi\/134746\/"},"modified":"2026-01-06T07:34:09","modified_gmt":"2026-01-06T07:34:09","slug":"nyt-hbo-maxissa-gizmo-on-palannut-suloisen-riivion-oma-sarja-jatkuu-vihdoin-kakkoskauden-jaksoin","status":"publish","type":"post","link":"https:\/\/www.europesays.com\/fi\/134746\/","title":{"rendered":"Nyt HBO Maxissa: Gizmo on palannut! Suloisen riivi\u00f6n oma sarja jatkuu vihdoin kakkoskauden jaksoin"},"content":{"rendered":"<p>Jo 1980-luvulta l\u00e4htien elokuvayleis\u00f6j\u00e4 sulostuttanut Gizmo-mogwai on t\u00e4\u00e4ll\u00e4 taas. Animaatiosarja Gremlinsin toinen tuotantokausi, lis\u00e4nimelt\u00e4\u00e4n The Wild Batch tai Riivi\u00f6ryhm\u00e4, onkin k\u00e4ynnistynyt vihdoin ja viimein HBO Max -palvelussa t\u00e4n\u00e4\u00e4n maanantaina 5. tammikuuta.<\/p>\n<p>Sarja toimii esiosana rakastetuille kasarielokuville. Viime kaudella p\u00e4\u00e4stiin n\u00e4kem\u00e4\u00e4n, kuinka nuori Sam Wing (<strong>Izaak Wang<\/strong>; Raya ja viimeinen lohik\u00e4\u00e4rme) oikein kohtasi Gizmon ensimm\u00e4isen kerran ja nyt heit\u00e4 odottaa aivan uusi seikkailu; kaksikko suuntaa yhdess\u00e4 Kiinasta kohti Amerikkaa.<\/p>\n<p>Lue my\u00f6s: <a href=\"https:\/\/www.episodi.fi\/uutiset\/gizmo-steven-spielberg-tuottaa-legendaarisen-kauhukomedian-uuden-osan\/\" title=\"Gizmo! \u2013 Steven Spielberg tuottaa legendaarisen kauhukomedian uuden osan\" class=\"underline-custom !font-montserrat !font-bold !underline-offset-4 !decoration-4 !decoration-episodi-blue !text-md\" rel=\"nofollow noopener\" target=\"_blank\">Gizmo! \u2013 Steven Spielberg tuottaa legendaarisen kauhukomedian uuden osan<\/a><\/p>\n<p>Lue my\u00f6s: <a href=\"https:\/\/www.episodi.fi\/uutiset\/tiesitko-tata-edes-steven-spielberg-ei-tykannyt-tasta-kohtauksesta-gremlins-elokuvassa\/\" title=\"Tiesitk\u00f6 t\u00e4t\u00e4? Edes Steven Spielberg ei tyk\u00e4nnyt t\u00e4st\u00e4 kohtauksesta Gremlins-elokuvassa\" class=\"underline-custom !font-montserrat !font-bold !underline-offset-4 !decoration-4 !decoration-episodi-blue !text-md\" rel=\"nofollow noopener\" target=\"_blank\">Tiesitk\u00f6 t\u00e4t\u00e4? Edes Steven Spielberg ei tyk\u00e4nnyt t\u00e4st\u00e4 kohtauksesta Gremlins-elokuvassa<\/a><\/p>\n<p>Kaudella tullaan n\u00e4kem\u00e4\u00e4n yhteens\u00e4 10 jaksoa. Ensimm\u00e4isen\u00e4 julkaisup\u00e4iv\u00e4n\u00e4 tarjolla on katseltavaksi n\u00e4ist\u00e4 puolet eli viisi kappaletta. Toiset viisi jaksoa julkaistaan HBO Maxissa my\u00f6hemmin.<\/p>\n<p>Sarjan avauskausi, Secrets of the Mogwai, julkaistiin Suomessa jo l\u00e4hes kaksi vuotta sitten, kev\u00e4\u00e4ll\u00e4 2024. Jatkokauden odottelu on siis ollut melko pitk\u00e4 \u2013 ottaen huomioon, ett\u00e4 kakkoskausi debytoi Yhdysvalloissa jo lokakuun 2024 ja huhtikuun 2025 aikana. <\/p>\n<p>Lue my\u00f6s: <a href=\"https:\/\/www.episodi.fi\/uutiset\/nyt-jysahti-gremlins-3-elokuvan-kasikirjoitus-on-valmis-ja-enaa-odotellaan-steven-spielbergin-hyvaksyntaa\/\" title=\"Nyt jys\u00e4hti \u2013 \u201dGremlins 3 -elokuvan k\u00e4sikirjoitus on valmis ja en\u00e4\u00e4 odotellaan Steven Spielbergin hyv\u00e4ksynt\u00e4\u00e4\u201d\" class=\"underline-custom !font-montserrat !font-bold !underline-offset-4 !decoration-4 !decoration-episodi-blue !text-md\" rel=\"nofollow noopener\" target=\"_blank\">Nyt jys\u00e4hti \u2013 \u201dGremlins 3 -elokuvan k\u00e4sikirjoitus on valmis ja en\u00e4\u00e4 odotellaan Steven Spielbergin hyv\u00e4ksynt\u00e4\u00e4\u201d<\/a><\/p>\n<p>Kurkista alta Gremlins: The Wild Batchin virallinen traileri.<\/p>\n<p><img loading=\"lazy\" decoding=\"async\" alt=\"YouTube video\" width=\"480\" height=\"360\" data-pin-nopin=\"true\" nopin=\"nopin\" class=\"perfmatters-lazy\" src=\"https:\/\/www.europesays.com\/fi\/wp-content\/uploads\/2026\/01\/1767684849_543_hqdefault.jpg\"\/><\/p>\n<p>Lue my\u00f6s: <a href=\"https:\/\/www.episodi.fi\/uutiskirje\/?uutiskirjemainos=tekstilinkkimainos\" title=\"Tilaa Episodin uutiskirje ja voit voittaa leffalippuja! Nappaa tv-vinkit suoraan s\u00e4hk\u00f6postiin t\u00e4st\u00e4.\" class=\"underline-custom !font-montserrat !font-bold !underline-offset-4 !decoration-4 !decoration-episodi-blue !text-md\" rel=\"nofollow noopener\" target=\"_blank\">Tilaa Episodin uutiskirje ja voit voittaa leffalippuja! Nappaa katseluvinkit suoraan s\u00e4hk\u00f6postiin t\u00e4st\u00e4.<\/a><\/p>\n","protected":false},"excerpt":{"rendered":"Jo 1980-luvulta l\u00e4htien elokuvayleis\u00f6j\u00e4 sulostuttanut Gizmo-mogwai on t\u00e4\u00e4ll\u00e4 taas. Animaatiosarja Gremlinsin toinen tuotantokausi, lis\u00e4nimelt\u00e4\u00e4n The Wild Batch tai&hellip;\n","protected":false},"author":2,"featured_media":134747,"comment_status":"","ping_status":"","sticky":false,"template":"","format":"standard","meta":{"footnotes":""},"categories":[133],"tags":[23631,5106,137,33,31,30,17260,23632,23633,280,32,570,206,571,156,109],"class_list":{"0":"post-134746","1":"post","2":"type-post","3":"status-publish","4":"format-standard","5":"has-post-thumbnail","7":"category-televisiot","8":"tag-amblin","9":"tag-animaatiot","10":"tag-entertainment","11":"tag-fi","12":"tag-finland","13":"tag-finnish","14":"tag-gremlins","15":"tag-gremlins-riivioryhma","16":"tag-gremlins-the-wild-batch","17":"tag-hbo-max","18":"tag-suomi","19":"tag-suoratoisto","20":"tag-televisiot","21":"tag-tv-sarjat","22":"tag-tv","23":"tag-viihde"},"share_on_mastodon":{"url":"https:\/\/pubeurope.com\/@fi\/115847001700193914","error":""},"_links":{"self":[{"href":"https:\/\/www.europesays.com\/fi\/wp-json\/wp\/v2\/posts\/134746","targetHints":{"allow":["GET"]}}],"collection":[{"href":"https:\/\/www.europesays.com\/fi\/wp-json\/wp\/v2\/posts"}],"about":[{"href":"https:\/\/www.europesays.com\/fi\/wp-json\/wp\/v2\/types\/post"}],"author":[{"embeddable":true,"href":"https:\/\/www.europesays.com\/fi\/wp-json\/wp\/v2\/users\/2"}],"replies":[{"embeddable":true,"href":"https:\/\/www.europesays.com\/fi\/wp-json\/wp\/v2\/comments?post=134746"}],"version-history":[{"count":0,"href":"https:\/\/www.europesays.com\/fi\/wp-json\/wp\/v2\/posts\/134746\/revisions"}],"wp:featuredmedia":[{"embeddable":true,"href":"https:\/\/www.europesays.com\/fi\/wp-json\/wp\/v2\/media\/134747"}],"wp:attachment":[{"href":"https:\/\/www.europesays.com\/fi\/wp-json\/wp\/v2\/media?parent=134746"}],"wp:term":[{"taxonomy":"category","embeddable":true,"href":"https:\/\/www.europesays.com\/fi\/wp-json\/wp\/v2\/categories?post=134746"},{"taxonomy":"post_tag","embeddable":true,"href":"https:\/\/www.europesays.com\/fi\/wp-json\/wp\/v2\/tags?post=134746"}],"curies":[{"name":"wp","href":"https:\/\/api.w.org\/{rel}","templated":true}]}}