{"id":134762,"date":"2026-01-06T07:56:07","date_gmt":"2026-01-06T07:56:07","guid":{"rendered":"https:\/\/www.europesays.com\/fi\/134762\/"},"modified":"2026-01-06T07:56:07","modified_gmt":"2026-01-06T07:56:07","slug":"tcl-julkisti-nxtpaper-70-pro-alypuhelimen-erikoisnappain-vaihtaa-eri-nayttotilojen-valilla","status":"publish","type":"post","link":"https:\/\/www.europesays.com\/fi\/134762\/","title":{"rendered":"TCL julkisti NxtPaper 70 Pro -\u00e4lypuhelimen \u2013 erikoisn\u00e4pp\u00e4in vaihtaa eri n\u00e4ytt\u00f6tilojen v\u00e4lill\u00e4"},"content":{"rendered":"<p><a href=\"https:\/\/www.europesays.com\/fi\/wp-content\/uploads\/2026\/01\/tcl_nxtpaper_70_pro.jpg\" data-lightbox=\"image\"><img fetchpriority=\"high\" decoding=\"async\" aria-describedby=\"caption-attachment-271410\" class=\"size-full wp-image-271410\" src=\"data:image\/svg+xml,%3Csvg%20xmlns=\" http:=\"\" alt=\"TCL NxtPaper 70 Pro.\" width=\"907\" height=\"649\" data-lazy- data-lazy- data-lazy-src=\"https:\/\/www.europesays.com\/fi\/wp-content\/uploads\/2026\/01\/tcl_nxtpaper_70_pro.jpg\"\/><\/a><\/p>\n<p id=\"caption-attachment-271410\" class=\"wp-caption-text\">TCL NxtPaper 70 Pro.<\/p>\n<p>TCL on julkistanut Las Vegasin CES-messujen alla NxtPaper 70 Pro -\u00e4lypuhelimen.<\/p>\n<p>Uutuus sis\u00e4lt\u00e4\u00e4 entist\u00e4 kehittyneemm\u00e4n paperimaisen NxtPaper-n\u00e4ytt\u00f6teknologian sek\u00e4 kokonaan uuden NxtPaper-n\u00e4pp\u00e4imen.<\/p>\n<p><a href=\"https:\/\/mobiili.fi\/2025\/12\/30\/tcl-julkisti-paperimaisella-115-tuuman-naytolla-varustetun-note-a1-nxtpaper-laitteen-muistiinpanokayttoon\/\" rel=\"nofollow noopener\" target=\"_blank\">Aiemmin TCL julkisti jo paperimaisella 11,5 tuuman n\u00e4yt\u00f6ll\u00e4 varustetun Note A1 NxtPaper -laitteen, joka on suunniteltu erityisesti muistiinpanok\u00e4ytt\u00f6\u00f6n<\/a>.<\/p>\n<p style=\"width: 98%; text-align: center; font-size:13px; border-bottom: 1px solid #C8C8C8; line-height: 0.1em; margin: 8px 1% 16px 1%;\">MAINOS (ARTIKKELI JATKUU ALLA)<\/p>\n<p>NxtPaper 70 Pro on varustettu 6,9 tuuman NxtPaper 4.0 -n\u00e4yt\u00f6ll\u00e4, jossa on Full HD+ -tarkkuus, 120 hertsin virkistystaajuus ja jopa 900 nitin kirkkaus. TCL kertoo paneelin hy\u00f6dynt\u00e4v\u00e4n seitsem\u00e4\u00e4 erilaista silmi\u00e4 suojaavaa teknologiaa, joihin kuuluvat muun muassa luonnonvalotila, v\u00e4lkkym\u00e4t\u00f6n kuva, sinisen valon suodatus sek\u00e4 heijastuksia v\u00e4hent\u00e4v\u00e4 pinta.<\/p>\n<p>NxtPaper 70 Pron erikoisuus on erillinen NxtPaper-n\u00e4pp\u00e4in, jolla voi vaihtaa nopeasti eri n\u00e4ytt\u00f6tilojen v\u00e4lill\u00e4. Tarjolla ovat Color Paper, Ink Paper sek\u00e4 Max Ink -tila, joista viimeinen maksimoi lukukokemuksen ja akkukeston.<\/p>\n<p>Lis\u00e4ksi NxtPaper 70 Pro tukee my\u00f6s T-Pen-kyn\u00e4\u00e4, jonka avulla voi hy\u00f6dynt\u00e4\u00e4 teko\u00e4lypohjaisia ominaisuuksia, kuten k\u00e4sinkirjoituksen tunnistusta, lukitun n\u00e4yt\u00f6n muistiinpanoja sek\u00e4 teko\u00e4lyn luomia kansikuvia.<\/p>\n<p><a href=\"https:\/\/www.europesays.com\/fi\/wp-content\/uploads\/2026\/01\/tcl_nxtpaper_70_pro_2.jpg\" data-lightbox=\"image\"><img loading=\"lazy\" decoding=\"async\" aria-describedby=\"caption-attachment-271409\" class=\"size-full wp-image-271409\" src=\"data:image\/svg+xml,%3Csvg%20xmlns=\" http:=\"\" alt=\"TCL NxtPaper 70 Prossa on panostettu n\u00e4yt\u00f6n k\u00e4ytt\u00f6mukavuuteen.\" width=\"1200\" height=\"772\" data-lazy- data-lazy- data-lazy-src=\"https:\/\/www.europesays.com\/fi\/wp-content\/uploads\/2026\/01\/tcl_nxtpaper_70_pro_2.jpg\"\/><\/a><\/p>\n<p id=\"caption-attachment-271409\" class=\"wp-caption-text\">TCL NxtPaper 70 Prossa on panostettu n\u00e4yt\u00f6n k\u00e4ytt\u00f6mukavuuteen.<\/p>\n<p style=\"width: 98%; text-align: center; font-size:13px; border-bottom: 1px solid #C8C8C8; line-height: 0.1em; margin: 8px 1% 16px 1%;\">MAINOS (ARTIKKELI JATKUU ALLA)<\/p>\n<p>Suorituskyvyst\u00e4 NxtPaper 70 Prossa vastaa keskitason MediaTekin Dimensity 7300 -j\u00e4rjestelm\u00e4piiri, jonka rinnalla on enint\u00e4\u00e4n 8 gigatavua RAM-muistia ja 512 gigatavua tallennustilaa. Tallennustilaa voi laajentaa microSD-kortilla.<\/p>\n<p>NxtPaper 70 Pron on 5 200 milliampeeritunnin akku tukee 33 watin pikalatausta. TCL:n mukaan Max Ink -tilassa puhelin voi ylt\u00e4\u00e4 jopa 26 p\u00e4iv\u00e4n valmiusaikaan, mik\u00e4 on selv\u00e4sti tavanomaista \u00e4lypuhelinta enemm\u00e4n.<\/p>\n<p>Takana on 50 megapikselin p\u00e4\u00e4kamera optisella kuvanvakaimella sek\u00e4 8 megapikselin toinen Etukameran tarkkuus on 32 megapikseli\u00e4.<\/p>\n<p>Muita ominaisuuksia ovat sivulle sijoitettu sormenj\u00e4lkilukija, stereokaiuttimet, Wi-Fi, Bluetooth 5.4, NFC, Wi-Fi sek\u00e4 IP68-luokituksen mukainen p\u00f6lyn- ja vedenkest\u00e4vyys. K\u00e4ytt\u00f6j\u00e4rjestelm\u00e4versiona on Androi 16.<\/p>\n<p style=\"width: 98%; text-align: center; font-size:13px; border-bottom: 1px solid #C8C8C8; line-height: 0.1em; margin: 8px 1% 16px 1%;\">MAINOS (ARTIKKELI JATKUU ALLA)<\/p>\n<p>TCL NxtPaper 70 Pro tulee saataville kahtena v\u00e4rivaihtoehtona, jotka ovat Nebula Gold ja Stellar Blue. Euroopassa suositushinnat ovat 339 euroa (8+256 Gt) ja 389 euroa (512 Gt)<\/p>\n<p>8 Gt \/ 256 Gt -version suositushinta on 339 euroa ja 8 Gt \/ 512 Gt -version 389 euroa. Myynti alkaa helmikuussa Aasian ja Tyynenmeren alueella, Euroopassa, Pohjois-Amerikassa, L\u00e4hi-id\u00e4ss\u00e4 ja Afrikassa sek\u00e4 Latinalaisessa Amerikassa.<\/p>\n<p>Mainos: <a href=\"https:\/\/hinta.fi\/?src=gPp6fX03\" target=\"_blank\" rel=\"nofollow noopener\">Noin 1 600 000 tuotteen hintavertailu ja hintaseuranta &#8211; katso Hinta.fist\u00e4 mist\u00e4 saat halvimmalla<\/a><\/p>\n","protected":false},"excerpt":{"rendered":"TCL NxtPaper 70 Pro. TCL on julkistanut Las Vegasin CES-messujen alla NxtPaper 70 Pro -\u00e4lypuhelimen. Uutuus sis\u00e4lt\u00e4\u00e4 entist\u00e4&hellip;\n","protected":false},"author":2,"featured_media":134763,"comment_status":"","ping_status":"","sticky":false,"template":"","format":"standard","meta":{"footnotes":""},"categories":[85],"tags":[33,31,30,419,418,32,91,92],"class_list":{"0":"post-134762","1":"post","2":"type-post","3":"status-publish","4":"format-standard","5":"has-post-thumbnail","7":"category-mobiili","8":"tag-fi","9":"tag-finland","10":"tag-finnish","11":"tag-mobiili","12":"tag-mobile","13":"tag-suomi","14":"tag-technology","15":"tag-teknologia"},"share_on_mastodon":{"url":"https:\/\/pubeurope.com\/@fi\/115847088361730250","error":""},"_links":{"self":[{"href":"https:\/\/www.europesays.com\/fi\/wp-json\/wp\/v2\/posts\/134762","targetHints":{"allow":["GET"]}}],"collection":[{"href":"https:\/\/www.europesays.com\/fi\/wp-json\/wp\/v2\/posts"}],"about":[{"href":"https:\/\/www.europesays.com\/fi\/wp-json\/wp\/v2\/types\/post"}],"author":[{"embeddable":true,"href":"https:\/\/www.europesays.com\/fi\/wp-json\/wp\/v2\/users\/2"}],"replies":[{"embeddable":true,"href":"https:\/\/www.europesays.com\/fi\/wp-json\/wp\/v2\/comments?post=134762"}],"version-history":[{"count":0,"href":"https:\/\/www.europesays.com\/fi\/wp-json\/wp\/v2\/posts\/134762\/revisions"}],"wp:featuredmedia":[{"embeddable":true,"href":"https:\/\/www.europesays.com\/fi\/wp-json\/wp\/v2\/media\/134763"}],"wp:attachment":[{"href":"https:\/\/www.europesays.com\/fi\/wp-json\/wp\/v2\/media?parent=134762"}],"wp:term":[{"taxonomy":"category","embeddable":true,"href":"https:\/\/www.europesays.com\/fi\/wp-json\/wp\/v2\/categories?post=134762"},{"taxonomy":"post_tag","embeddable":true,"href":"https:\/\/www.europesays.com\/fi\/wp-json\/wp\/v2\/tags?post=134762"}],"curies":[{"name":"wp","href":"https:\/\/api.w.org\/{rel}","templated":true}]}}