{"id":134764,"date":"2026-01-06T07:57:11","date_gmt":"2026-01-06T07:57:11","guid":{"rendered":"https:\/\/www.europesays.com\/fi\/134764\/"},"modified":"2026-01-06T07:57:11","modified_gmt":"2026-01-06T07:57:11","slug":"mika-salon-annica-rakas-poika-on-kadonnut-2","status":"publish","type":"post","link":"https:\/\/www.europesays.com\/fi\/134764\/","title":{"rendered":"Mika Salon Annica-rakas: poika on kadonnut"},"content":{"rendered":"<p>\n            20250624, Helsinki. F1-elokuvan ensi-ilta. Kuvassa Annica ja Mika Salo.<br \/>\n            Timo Korhonen\n        <\/p>\n<p class=\"subtitle \">Mika ja Annica kertovat huolen olevan suuri.<\/p>\n<p class=\"article-content article-content-width !bg-background\">Formulalegenda  ja h\u00e4nen puolisonsa \u00a0(o.s. ) ovat pit\u00e4neet yht\u00e4 noin viiden vuoden ajan.<\/p>\n<p>        <a itemprop=\"url\" href=\"https:\/\/www.seiska.fi\/ulkomaat\/michael-schumacherin-tytar-julkaisi-isastaan-harvinaisen-kuvan-taman-syntymapaivana\/2036937\" rel=\"nofollow noopener\" target=\"_blank\"><\/p>\n<p>\nMichael 57 vuotta\n<\/p>\n<p class=\"section-date\">\n        <strong class=\"article-section\" data-section=\"ulkomaat\"><br \/>\n            ulkomaat<br \/>\n        <\/strong><br \/>\n        4.1. 10:30\n    <\/p>\n<p>Michael Schumacherin tyt\u00e4r julkaisi is\u00e4st\u00e4\u00e4n harvinaisen kuvan t\u00e4m\u00e4n syntym\u00e4p\u00e4iv\u00e4n\u00e4\n    <\/p>\n<p itemprop=\"description\" class=\"subtitle \">\n    Michaelia ei ole n\u00e4hty julkisuudessa sitten vuoden 2013 lasketteluonnettomuuden.\n<\/p>\n<p>        <\/a><\/p>\n<p class=\"font-weight-bold m-font-weight-bold article-content article-content-width !bg-background\">Katso video \u2013 formulalegendojen lapsissa jyll\u00e4\u00e4v\u00e4t vauhtigeenit:<\/p>\n<p>Pari p\u00e4iv\u00e4\u00e4 kadonneena<\/p>\n<p class=\"article-content article-content-width !bg-background\">Mika ja Annica kertovat maanantai-iltana Instagram-julkaisussaan, ett\u00e4 Annican poika  on kadonnut. Annica jakoi Mikan kanssa yhteisess\u00e4 postauksessa kuvan kadoksissa olevasta pojastaan.<\/p>\n<p class=\"article-content article-content-width !bg-background\">\u2013 Poikani Alec Lindblom on kateissa.\u00a0N\u00e4hty viimeksi 3.1 lauantaina iltana. Pyyt\u00e4isin ett\u00e4 kaikki havainnot h\u00e4nest\u00e4 ilmoitetaan h\u00e4t\u00e4keskukseen, julkaisussa kirjoitetaan.<\/p>\n<p>        <a itemprop=\"url\" href=\"https:\/\/www.seiska.fi\/kotimaa\/mika-salolta-erikoinen-ulostulo-avioliitostaan-tilaa-ei-ole-muille-ihmisille\/2035000\" rel=\"nofollow noopener\" target=\"_blank\"><\/p>\n<p>\nErikoinen ulostulo avioliitosta\n<\/p>\n<p class=\"section-date\">\n        <strong class=\"article-section\" data-section=\"kotimaa\"><br \/>\n            kotimaa<br \/>\n        <\/strong><br \/>\n        30.12.2025 20:00\n    <\/p>\n<p>Mika Salolta erikoinen ulostulo avioliitostaan: &#8221;Tilaa ei ole muille ihmisille&#8221;\n    <\/p>\n<p itemprop=\"description\" class=\"subtitle \">\n    Mika ja Annica Salo eh\u00e4ttiv\u00e4t joulun alla ilmoittaa eroavansa, mutta muutamaa p\u00e4iv\u00e4\u00e4 my\u00f6hemmin he py\u00f6rsiv\u00e4t p\u00e4\u00e4t\u00f6ksens\u00e4.\n<\/p>\n<p>        <\/a><\/p>\n<p class=\"article-content article-content-width !bg-background\">Somejulkaisussa mainitaan pojan tuntomerkit. H\u00e4nen kerrotaan voivan liikkua miss\u00e4 p\u00e4in Suomea tahansa, mutta erityisesti p\u00e4\u00e4kaupunkiseudulla.<\/p>\n<p class=\"article-content article-content-width !bg-background\">\u2013 Huoli meill\u00e4 l\u00e4heisill\u00e4 on nyt niin suuri, ettemme pysty vastaamaan kommentteihin tai muihin spekulointeihin.\u00a0Mik\u00e4li olet n\u00e4hnyt Alecia tai tied\u00e4t h\u00e4nen liikkeeist\u00e4\u00e4n, ilmoita siit\u00e4 h\u00e4keen. Kiitos, Annica pyyt\u00e4\u00e4.<\/p>\n<p>Poika l\u00f6ytyi<\/p>\n<p class=\"article-content article-content-width !bg-background\">Mika ja Annica ilmoittivat noin kello 23 aikoihin maanantaina, ett\u00e4 poika on l\u00f6ytynyt. He toivovat saavansa k\u00e4sitell\u00e4 asioita rauhassa.<\/p>\n<p class=\"article-content article-content-width !bg-background\">\u2013 Kiitos siit\u00e4 kaikille jotka auttoivat etsinn\u00f6iss\u00e4 jakamalla julkaisua. Emme tule kommentoimaan tilannetta enemp\u00e4\u00e4, pariskunta tiedotti Instagram-julkaisussaan.<\/p>\n<p>Avioero peruttiin<\/p>\n<p class=\"article-content article-content-width !bg-background\">Perjantaina 19. joulukuuta uutisoitiin Mika ja Annican avioerosta. P\u00e4\u00e4t\u00f6s ei kuitenkaan kest\u00e4nyt kauaa, sill\u00e4 jo kolme p\u00e4iv\u00e4\u00e4 my\u00f6hemmin, 22. joulukuuta, he kertoivat, etteiv\u00e4t he sittenk\u00e4\u00e4n ole eroamassa.\u00a0<\/p>\n<p class=\"article-content article-content-width !bg-background\">Viel\u00e4 samana iltana Mika julkaisi Instagram-tilill\u00e4\u00e4n kuvan, jossa kaksikko poseeraa uima-altaassa Annican ollessa Mikan k\u00e4sivarsilla.<\/p>\n<p>        <a itemprop=\"url\" href=\"https:\/\/www.seiska.fi\/kotimaa\/beata-ja-mikko-leppilampi-avointa-hempeilya\/2031798\" rel=\"nofollow noopener\" target=\"_blank\"><\/p>\n<p>\nBeata ja Mikko Leppilampi\n<\/p>\n<p class=\"section-date\">\n        <strong class=\"article-section\" data-section=\"kotimaa\"><br \/>\n            kotimaa<br \/>\n        <\/strong><br \/>\n        28.12.2025 12:00\n    <\/p>\n<p>Beata ja Mikko Leppilampi: Avointa hempeily\u00e4\n    <\/p>\n<p itemprop=\"description\" class=\"subtitle \">\n    Leppilammet hempeilev\u00e4t avoimesti.\n<\/p>\n<p>        <\/a><\/p>\n<p class=\"article-content article-content-width !bg-background\">\u2013\u00a0Olen ollut ajattelematon ja on tullut tehty\u00e4 virheit\u00e4 joita kadun ja pyyd\u00e4n anteeksi sit\u00e4 rakkaalta vaimoltani. Lopulta tulimme kuitenkin p\u00e4\u00e4t\u00f6kseen, ett\u00e4 selvi\u00e4mme t\u00e4st\u00e4 kaikesta yhdess\u00e4, Mika kirjoitti p\u00e4ivityksess\u00e4.<\/p>\n<p class=\"article-content article-content-width !bg-background\">Mika ja Annica avioituivat Las Vegasin ikonisessa A Little White Wedding Chapelissa vuonna 2023.<\/p>\n<p class=\"article-content article-content-width !bg-background\">Mikalla on aiemmasta suhteestaan kaksi lasta. Annicalla puolestaan on puolestaan kolme lasta.<\/p>\n<p class=\"italic m-italic article-content article-content-width !bg-background\">Juttua muokattu 6.1. klo 8.00: Lis\u00e4tty tiedot pojan l\u00f6ytymisest\u00e4.\u00a0<\/p>\n","protected":false},"excerpt":{"rendered":"20250624, Helsinki. F1-elokuvan ensi-ilta. Kuvassa Annica ja Mika Salo. Timo Korhonen Mika ja Annica kertovat huolen olevan suuri.&hellip;\n","protected":false},"author":2,"featured_media":134265,"comment_status":"","ping_status":"","sticky":false,"template":"","format":"standard","meta":{"footnotes":""},"categories":[136],"tags":[23589,11639,2759,407,137,33,31,30,408,23588,7319,32,109],"class_list":{"0":"post-134764","1":"post","2":"type-post","3":"status-publish","4":"format-standard","5":"has-post-thumbnail","7":"category-julkkikset","8":"tag-alec-lindblom","9":"tag-annica-salo","10":"tag-avioero","11":"tag-celebrities","12":"tag-entertainment","13":"tag-fi","14":"tag-finland","15":"tag-finnish","16":"tag-julkkikset","17":"tag-kadonnut","18":"tag-mika-salo","19":"tag-suomi","20":"tag-viihde"},"share_on_mastodon":{"url":"https:\/\/pubeurope.com\/@fi\/115847092487178939","error":""},"_links":{"self":[{"href":"https:\/\/www.europesays.com\/fi\/wp-json\/wp\/v2\/posts\/134764","targetHints":{"allow":["GET"]}}],"collection":[{"href":"https:\/\/www.europesays.com\/fi\/wp-json\/wp\/v2\/posts"}],"about":[{"href":"https:\/\/www.europesays.com\/fi\/wp-json\/wp\/v2\/types\/post"}],"author":[{"embeddable":true,"href":"https:\/\/www.europesays.com\/fi\/wp-json\/wp\/v2\/users\/2"}],"replies":[{"embeddable":true,"href":"https:\/\/www.europesays.com\/fi\/wp-json\/wp\/v2\/comments?post=134764"}],"version-history":[{"count":0,"href":"https:\/\/www.europesays.com\/fi\/wp-json\/wp\/v2\/posts\/134764\/revisions"}],"wp:featuredmedia":[{"embeddable":true,"href":"https:\/\/www.europesays.com\/fi\/wp-json\/wp\/v2\/media\/134265"}],"wp:attachment":[{"href":"https:\/\/www.europesays.com\/fi\/wp-json\/wp\/v2\/media?parent=134764"}],"wp:term":[{"taxonomy":"category","embeddable":true,"href":"https:\/\/www.europesays.com\/fi\/wp-json\/wp\/v2\/categories?post=134764"},{"taxonomy":"post_tag","embeddable":true,"href":"https:\/\/www.europesays.com\/fi\/wp-json\/wp\/v2\/tags?post=134764"}],"curies":[{"name":"wp","href":"https:\/\/api.w.org\/{rel}","templated":true}]}}