{"id":134767,"date":"2026-01-06T08:00:08","date_gmt":"2026-01-06T08:00:08","guid":{"rendered":"https:\/\/www.europesays.com\/fi\/134767\/"},"modified":"2026-01-06T08:00:08","modified_gmt":"2026-01-06T08:00:08","slug":"mantas-armalis-paljasti-mtvlla-suosikkipaikkansa-tampereella-erinomaista","status":"publish","type":"post","link":"https:\/\/www.europesays.com\/fi\/134767\/","title":{"rendered":"Mantas Armalis paljasti MTV:ll\u00e4 suosikkipaikkansa Tampereella \u2013 \u201dErinomaista\u201d"},"content":{"rendered":"<p>Jatkosopimuksen Ilveksen kanssa tehnyt Mantas Armalis on viihtynyt Tampereella.<\/p>\n<p>5.1. 8:00<\/p>\n<p class=\"article-body mb-nof-24 px-nof-16\">Mantas Armalis on ollut keskeinen palanen Ilveksen kohentuneiden otteiden taustalla. Ilves otti lauantaina jo kymmenennen per\u00e4kk\u00e4isen voittonsa miesten j\u00e4\u00e4kiekkoliigassa, kun se kaatoi TPS:n maalein 5\u20132.<\/p>\n<p class=\"article-body mb-nof-24 px-nof-16\">Armalis joutui venym\u00e4\u00e4n kiekon tielle vain 12 kertaa, mutta oli v\u00e4h\u00e4ll\u00e4 nousta harvalukuiseen joukkoon maalivahteja, jotka ovat onnistuneet maalinteossa kiekkoliigassa. Liettualaisvahti sinkosi kiekon kohti tyhj\u00e4\u00e4 TPS-maalia turkulaisten hakiessa kavennusta kuudella kentt\u00e4pelaajalla, mutta veto painui niukasti ohi.<\/p>\n<p class=\"article-body mb-nof-24 px-nof-16\">Hetke\u00e4 my\u00f6hemmin <a class=\"font-bold underline-offset-[0.12em] [text-decoration:var(--person-link-text-decoration)] ![text-decoration-color:var(--person-link-text-decoration-color)]\" href=\"https:\/\/www.aamulehti.fi\/haku\/?query=Erik%20Borg\" rel=\"nofollow noopener\" target=\"_blank\">Erik Borg<\/a> upotti kiekon tyhj\u00e4\u00e4n TPS-rys\u00e4\u00e4n, mutta my\u00f6s TPS p\u00e4\u00e4si yll\u00e4tt\u00e4m\u00e4\u00e4n Armalisin viel\u00e4 viimeisell\u00e4 sekunnilla.<\/p>\n<p class=\"article-body mb-nof-24 px-nof-16\">\u201dOli v\u00e4h\u00e4n turhauttavaa, kun en saanut tehty\u00e4 maalia, ja he onnistuivat maalinteossa\u201d, Armalis harmitteli ottelun j\u00e4lkeen MTV Katsomon haastattelussa.<\/p>\n<p class=\"article-body mb-nof-24 px-nof-16\">\u201dMinulla oli varmaan v\u00e4\u00e4r\u00e4t hanskat.\u201d<\/p>\n<p class=\"article-body mb-nof-24 px-nof-16\">Armalis saapui Tampereella lokakuussa ja on esitt\u00e4nyt upeita otteita Ilveksen maalilla. Armalis on torjunut Ilveksen maalilla kymmeness\u00e4 ottelussa, joista Ilves on voittanut yhdeks\u00e4n. Liettualaisen torjuntaprosentti on upea 92,15.<\/p>\n<p class=\"article-body mb-nof-24 px-nof-16\">Ilves-kannattajat lieniv\u00e4tkin tyytyv\u00e4isi\u00e4, kun seura tiedotti viime viikolla solmineensa Armalisin kanssa sopimuksen my\u00f6s ensi kaudesta.<\/p>\n<p class=\"article-body mb-nof-24 px-nof-16\">\u201dKaikki t\u00e4\u00e4ll\u00e4 on hienoa. Kaupunki on upea. Henkil\u00f6st\u00f6, puitteet, kaikki on niin ammattimaista\u201d, Armalis perusteli MTV:lle haluaan jatkaa Tampereella.<\/p>\n<p class=\"article-body mb-nof-24 px-nof-16\">\u201dMinusta on pidetty hyv\u00e4\u00e4 huolta alusta alkaen. Se on varmaankin suurin syy (Ilveksess\u00e4 jatkamiseen). Sen lis\u00e4ksi meill\u00e4 on loistava joukkue. Toivon, ett\u00e4 pystymme menem\u00e4\u00e4n p\u00e4\u00e4tyyn saakka t\u00e4ll\u00e4 kaudella ja my\u00f6s ensi kaudella.<\/p>\n<p class=\"article-body mb-nof-24 px-nof-16\">Reilut kaksi kuukautta Tampereella majaillut Armalis tuntuu kotiutuneen hyvin kaupunkiin. Kysytt\u00e4ess\u00e4 h\u00e4n nimesi my\u00f6s suosikkipaikkansa Tampereella.<\/p>\n<p class=\"article-body mb-nof-24 px-nof-16\">\u201dFriteerattu kana noutop\u00f6ydiss\u00e4 on erinomaista.\u201d<\/p>\n","protected":false},"excerpt":{"rendered":"Jatkosopimuksen Ilveksen kanssa tehnyt Mantas Armalis on viihtynyt Tampereella. 5.1. 8:00 Mantas Armalis on ollut keskeinen palanen Ilveksen&hellip;\n","protected":false},"author":2,"featured_media":134768,"comment_status":"","ping_status":"","sticky":false,"template":"","format":"standard","meta":{"footnotes":""},"categories":[133],"tags":[157,137,33,31,30,32,206,156,109],"class_list":{"0":"post-134767","1":"post","2":"type-post","3":"status-publish","4":"format-standard","5":"has-post-thumbnail","7":"category-televisiot","8":"tag-aamulehti","9":"tag-entertainment","10":"tag-fi","11":"tag-finland","12":"tag-finnish","13":"tag-suomi","14":"tag-televisiot","15":"tag-tv","16":"tag-viihde"},"share_on_mastodon":{"url":"https:\/\/pubeurope.com\/@fi\/115847103912639201","error":""},"_links":{"self":[{"href":"https:\/\/www.europesays.com\/fi\/wp-json\/wp\/v2\/posts\/134767","targetHints":{"allow":["GET"]}}],"collection":[{"href":"https:\/\/www.europesays.com\/fi\/wp-json\/wp\/v2\/posts"}],"about":[{"href":"https:\/\/www.europesays.com\/fi\/wp-json\/wp\/v2\/types\/post"}],"author":[{"embeddable":true,"href":"https:\/\/www.europesays.com\/fi\/wp-json\/wp\/v2\/users\/2"}],"replies":[{"embeddable":true,"href":"https:\/\/www.europesays.com\/fi\/wp-json\/wp\/v2\/comments?post=134767"}],"version-history":[{"count":0,"href":"https:\/\/www.europesays.com\/fi\/wp-json\/wp\/v2\/posts\/134767\/revisions"}],"wp:featuredmedia":[{"embeddable":true,"href":"https:\/\/www.europesays.com\/fi\/wp-json\/wp\/v2\/media\/134768"}],"wp:attachment":[{"href":"https:\/\/www.europesays.com\/fi\/wp-json\/wp\/v2\/media?parent=134767"}],"wp:term":[{"taxonomy":"category","embeddable":true,"href":"https:\/\/www.europesays.com\/fi\/wp-json\/wp\/v2\/categories?post=134767"},{"taxonomy":"post_tag","embeddable":true,"href":"https:\/\/www.europesays.com\/fi\/wp-json\/wp\/v2\/tags?post=134767"}],"curies":[{"name":"wp","href":"https:\/\/api.w.org\/{rel}","templated":true}]}}