{"id":134776,"date":"2026-01-06T08:10:07","date_gmt":"2026-01-06T08:10:07","guid":{"rendered":"https:\/\/www.europesays.com\/fi\/134776\/"},"modified":"2026-01-06T08:10:07","modified_gmt":"2026-01-06T08:10:07","slug":"pakkanen-lauhtuu-hetkeksi-etela-ja-lounais-suomeen-illalla-lumisateita","status":"publish","type":"post","link":"https:\/\/www.europesays.com\/fi\/134776\/","title":{"rendered":"Pakkanen lauhtuu hetkeksi \u2013 Etel\u00e4- ja Lounais-Suomeen illalla lumisateita"},"content":{"rendered":"<p>Loppiaisaamu aloitetaan silti viel\u00e4 kirpeiss\u00e4 pakkaslukemissa.<\/p>\n<p class=\"article-body mb-nof-24 px-nof-16\">Suomen pohjoisosissa pakkaset jatkuvat tiistainakin kirein\u00e4.<\/p>\n<p class=\"article-body mb-nof-24 px-nof-16\">\u201dOdotettavissa on edelleen 30\u201335 asteen pakkasia\u201d, Ilmatieteen laitoksen p\u00e4ivyst\u00e4v\u00e4 meteorologi <a class=\"font-bold underline-offset-[0.12em] [text-decoration:var(--person-link-text-decoration)] ![text-decoration-color:var(--person-link-text-decoration-color)]\" href=\"https:\/\/www.aamulehti.fi\/haku\/?query=Jani%20Parviainen\" rel=\"nofollow noopener\" target=\"_blank\">Jani Parviainen<\/a> kertoo.<\/p>\n<p class=\"article-body mb-nof-24 px-nof-16\">Tiistaiy\u00f6n ja varhaisen aamun aikana kovimmat pakkaslukemat mitattiin Enonteki\u00f6n lentoasemalla, 38,4 astetta. Se ei kuitenkaan ainakaan toistaiseksi rikkonut talven enn\u00e4tyst\u00e4, joka on -39,9 astetta.<\/p>\n<p class=\"article-body mb-nof-24 px-nof-16\">\u201dLapin yll\u00e4 on aika kylm\u00e4\u00e4 ilmamassaa. Jos s\u00e4\u00e4 kunnolla selkenee, niin voi se viel\u00e4 aika kylm\u00e4ksikin menn\u00e4\u201d, Parviainen varoittelee.<\/p>\n<p class=\"article-body mb-nof-24 px-nof-16\">Etel\u00e4- ja keskiosissa maassa s\u00e4\u00e4 on hetkeksi hieman lauhtumaan p\u00e4in, sill\u00e4 lounaasta alkaa voimistumaan kaakkoistuuli.<\/p>\n<p class=\"article-body mb-nof-24 px-nof-16\">Viel\u00e4 tiistaiaamuna erityisesti sis\u00e4maassa voidaan silti saada viel\u00e4 20 asteen pakkasia. Tiistaiy\u00f6n aikana Helsingin Kumpulassa ja Kaisaniemess\u00e4 mitattiin reilun 16 asteen pakkaslukemat.<\/p>\n<p class=\"article-body mb-nof-24 px-nof-16\">Kaakkoistuulen mukana pilvisyys lis\u00e4\u00e4ntyy. Etel\u00e4ss\u00e4 iltap\u00e4iv\u00e4lle ennustetaan 3\u201310 astetta pakkasta. Maan keskiosassa ilma pysyy kylmemp\u00e4n\u00e4 v\u00e4h\u00e4n pidemp\u00e4\u00e4n ja p\u00e4iv\u00e4lle on odotettavissa viel\u00e4 13\u201320 pakkasastetta.<\/p>\n<p class=\"article-body mb-nof-24 px-nof-16\">Lauhinta on tiistain aikana lounaassa ja etel\u00e4n rannikkoalueella, Ahvenanmaa on niin ik\u00e4\u00e4n lauhtumassa l\u00e4hip\u00e4ivin\u00e4. Manner-Suomessa pysyt\u00e4\u00e4n silti tukevasti pakkasen puolella.<\/p>\n<p class=\"article-body mb-nof-24 px-nof-16\">\u201dTiistai-illan aikana lounaasta puhaltavan tuulen mukana alkaa levi\u00e4m\u00e4\u00e4n lumisateita Etel\u00e4- ja Lounais-Suomeen. Keskiviikkona tulee aika laajalti kevytt\u00e4 pakkaslunta, joten risteykset voivat paikoin kiillottua etel\u00e4ss\u00e4 ja keskiosassa maata\u201d, Parviainen huomauttaa.<\/p>\n<p class=\"article-body mb-nof-24 px-nof-16\">Lumikertym\u00e4t eiv\u00e4t kuitenkaan tule olemaan erityisen runsaita, muutamista senteist\u00e4 viiteen senttimetriin.<\/p>\n<p class=\"article-body mb-nof-24 px-nof-16\">Loppuviikosta korkeapaine j\u00e4lleen voimistuu ja pakkaset kiristyv\u00e4t etel\u00e4ss\u00e4kin.<\/p>\n","protected":false},"excerpt":{"rendered":"Loppiaisaamu aloitetaan silti viel\u00e4 kirpeiss\u00e4 pakkaslukemissa. Suomen pohjoisosissa pakkaset jatkuvat tiistainakin kirein\u00e4. \u201dOdotettavissa on edelleen 30\u201335 asteen pakkasia\u201d,&hellip;\n","protected":false},"author":2,"featured_media":134777,"comment_status":"","ping_status":"","sticky":false,"template":"","format":"standard","meta":{"footnotes":""},"categories":[12],"tags":[157,22,23,26,27,33,31,30,17,24,25,28,29,15,18,21,32,19,20,16],"class_list":{"0":"post-134776","1":"post","2":"type-post","3":"status-publish","4":"format-standard","5":"has-post-thumbnail","7":"category-suomi","8":"tag-aamulehti","9":"tag-breaking-news","10":"tag-breakingnews","11":"tag-featured-news","12":"tag-featurednews","13":"tag-fi","14":"tag-finland","15":"tag-finnish","16":"tag-headlines","17":"tag-latest-news","18":"tag-latestnews","19":"tag-main-news","20":"tag-mainnews","21":"tag-news","22":"tag-otsikot","23":"tag-paauutiset","24":"tag-suomi","25":"tag-top-stories","26":"tag-topstories","27":"tag-uutiset"},"share_on_mastodon":{"url":"https:\/\/pubeurope.com\/@fi\/115847143389608286","error":""},"_links":{"self":[{"href":"https:\/\/www.europesays.com\/fi\/wp-json\/wp\/v2\/posts\/134776","targetHints":{"allow":["GET"]}}],"collection":[{"href":"https:\/\/www.europesays.com\/fi\/wp-json\/wp\/v2\/posts"}],"about":[{"href":"https:\/\/www.europesays.com\/fi\/wp-json\/wp\/v2\/types\/post"}],"author":[{"embeddable":true,"href":"https:\/\/www.europesays.com\/fi\/wp-json\/wp\/v2\/users\/2"}],"replies":[{"embeddable":true,"href":"https:\/\/www.europesays.com\/fi\/wp-json\/wp\/v2\/comments?post=134776"}],"version-history":[{"count":0,"href":"https:\/\/www.europesays.com\/fi\/wp-json\/wp\/v2\/posts\/134776\/revisions"}],"wp:featuredmedia":[{"embeddable":true,"href":"https:\/\/www.europesays.com\/fi\/wp-json\/wp\/v2\/media\/134777"}],"wp:attachment":[{"href":"https:\/\/www.europesays.com\/fi\/wp-json\/wp\/v2\/media?parent=134776"}],"wp:term":[{"taxonomy":"category","embeddable":true,"href":"https:\/\/www.europesays.com\/fi\/wp-json\/wp\/v2\/categories?post=134776"},{"taxonomy":"post_tag","embeddable":true,"href":"https:\/\/www.europesays.com\/fi\/wp-json\/wp\/v2\/tags?post=134776"}],"curies":[{"name":"wp","href":"https:\/\/api.w.org\/{rel}","templated":true}]}}