{"id":134793,"date":"2026-01-06T08:39:08","date_gmt":"2026-01-06T08:39:08","guid":{"rendered":"https:\/\/www.europesays.com\/fi\/134793\/"},"modified":"2026-01-06T08:39:08","modified_gmt":"2026-01-06T08:39:08","slug":"porilaiset-noora-santavuori-ja-jere-simola-kohtasivat-toisensa-elaman-kaannekohdassa-2","status":"publish","type":"post","link":"https:\/\/www.europesays.com\/fi\/134793\/","title":{"rendered":"Porilaiset Noora Santavuori ja Jere Simola kohtasivat toisensa el\u00e4m\u00e4n k\u00e4\u00e4nnekohdassa"},"content":{"rendered":"<p>Noora Santavuori ja Jere Simola kohtasivat toisensa el\u00e4m\u00e4n k\u00e4\u00e4nnekohdassa. Rakkaus luontoon ja toisiinsa synnytti halun perustaa yhteinen yritys.<\/p>\n<p class=\"article-body mb-nof-24 px-nof-16\">Kun porilaiset <a class=\"font-bold underline-offset-[0.12em] [text-decoration:var(--person-link-text-decoration)] ![text-decoration-color:var(--person-link-text-decoration-color)]\" href=\"https:\/\/www.tyrvaansanomat.fi\/haku\/?query=Noora%20Santavuori\" rel=\"nofollow noopener\" target=\"_blank\">Noora Santavuori<\/a>, 43, ja <a class=\"font-bold underline-offset-[0.12em] [text-decoration:var(--person-link-text-decoration)] ![text-decoration-color:var(--person-link-text-decoration-color)]\" href=\"https:\/\/www.tyrvaansanomat.fi\/haku\/?query=Jere%20Simola\" rel=\"nofollow noopener\" target=\"_blank\">Jere Simola<\/a>, 38, tapasivat toisensa tammikuussa 2021 Sastamalan Karkussa, kumpikaan ei osannut arvata, ett\u00e4 edess\u00e4 olisi paitsi uusi ammatti, my\u00f6s yhteinen yritys ja rakkaustarina. Molemmat olivat p\u00e4\u00e4tyneet opiskelemaan er\u00e4- ja luonto-oppaiksi Karkun evankelisen opiston Er\u00e4karkkuun sattumalta \u2013 tai niin he silloin luulivat.<\/p>\n","protected":false},"excerpt":{"rendered":"Noora Santavuori ja Jere Simola kohtasivat toisensa el\u00e4m\u00e4n k\u00e4\u00e4nnekohdassa. Rakkaus luontoon ja toisiinsa synnytti halun perustaa yhteinen yritys.&hellip;\n","protected":false},"author":2,"featured_media":134794,"comment_status":"","ping_status":"","sticky":false,"template":"","format":"standard","meta":{"footnotes":""},"categories":[117],"tags":[33,31,30,72,476,118,32,119,3885,477],"class_list":{"0":"post-134793","1":"post","2":"type-post","3":"status-publish","4":"format-standard","5":"has-post-thumbnail","7":"category-luonto","8":"tag-fi","9":"tag-finland","10":"tag-finnish","11":"tag-luonto","12":"tag-nature","13":"tag-science","14":"tag-suomi","15":"tag-tiede","16":"tag-tyrvaan-sanomat","17":"tag-wildlife"},"share_on_mastodon":{"url":"https:\/\/pubeurope.com\/@fi\/115847257282403438","error":""},"_links":{"self":[{"href":"https:\/\/www.europesays.com\/fi\/wp-json\/wp\/v2\/posts\/134793","targetHints":{"allow":["GET"]}}],"collection":[{"href":"https:\/\/www.europesays.com\/fi\/wp-json\/wp\/v2\/posts"}],"about":[{"href":"https:\/\/www.europesays.com\/fi\/wp-json\/wp\/v2\/types\/post"}],"author":[{"embeddable":true,"href":"https:\/\/www.europesays.com\/fi\/wp-json\/wp\/v2\/users\/2"}],"replies":[{"embeddable":true,"href":"https:\/\/www.europesays.com\/fi\/wp-json\/wp\/v2\/comments?post=134793"}],"version-history":[{"count":0,"href":"https:\/\/www.europesays.com\/fi\/wp-json\/wp\/v2\/posts\/134793\/revisions"}],"wp:featuredmedia":[{"embeddable":true,"href":"https:\/\/www.europesays.com\/fi\/wp-json\/wp\/v2\/media\/134794"}],"wp:attachment":[{"href":"https:\/\/www.europesays.com\/fi\/wp-json\/wp\/v2\/media?parent=134793"}],"wp:term":[{"taxonomy":"category","embeddable":true,"href":"https:\/\/www.europesays.com\/fi\/wp-json\/wp\/v2\/categories?post=134793"},{"taxonomy":"post_tag","embeddable":true,"href":"https:\/\/www.europesays.com\/fi\/wp-json\/wp\/v2\/tags?post=134793"}],"curies":[{"name":"wp","href":"https:\/\/api.w.org\/{rel}","templated":true}]}}