{"id":134797,"date":"2026-01-06T08:55:06","date_gmt":"2026-01-06T08:55:06","guid":{"rendered":"https:\/\/www.europesays.com\/fi\/134797\/"},"modified":"2026-01-06T08:55:06","modified_gmt":"2026-01-06T08:55:06","slug":"marvel-myontaa-supersankariahky-on-todellisuutta","status":"publish","type":"post","link":"https:\/\/www.europesays.com\/fi\/134797\/","title":{"rendered":"Marvel my\u00f6nt\u00e4\u00e4: \u201dsupersankari\u00e4hky on todellisuutta\u201d"},"content":{"rendered":"<p>Marvel Studios my\u00f6nsi ensimm\u00e4ist\u00e4 kertaa suoraan, ett\u00e4 \u201dsupersankari\u00e4hky\u201d on todellinen ilmi\u00f6. Joskin itseironisessa ja meta-humoristisessa merkityksess\u00e4.<\/p>\n<p>Marvel teki sloganista osan Wonder Man -sarjansa markkinointia ja juonta. <\/p>\n<p><strong>Yahya Abdul-Mateen II:n <\/strong>t\u00e4hditt\u00e4m\u00e4n MCU-sarjan uudessa teaserissa todetaan: \u201csuperhero fatigue is real\u201d. Wonder Manin fiktiivisess\u00e4 maailmassa supersankarit\u00e4hti\u00e4 v\u00e4ltell\u00e4\u00e4n kuvauksissa ja hahmot puhuvat yleis\u00f6n kyll\u00e4stymisest\u00e4 sankareihin.<\/p>\n<p>Lue my\u00f6s: <a href=\"https:\/\/www.episodi.fi\/uutiset\/marvel-rikkoo-saantonsa-katso-wonder-manin-traileri-ja-yllaty\/\" title=\"Marvel rikkoo s\u00e4\u00e4nt\u00f6ns\u00e4: katso Wonder Manin traileri ja yll\u00e4ty\" class=\"underline-custom !font-montserrat !font-bold !underline-offset-4 !decoration-4 !decoration-episodi-blue !text-md\" rel=\"nofollow noopener\" target=\"_blank\">Marvel rikkoo s\u00e4\u00e4nt\u00f6ns\u00e4: katso Wonder Manin traileri ja yll\u00e4ty<\/a><\/p>\n<p>Lue my\u00f6s: <a href=\"https:\/\/www.episodi.fi\/uutiset\/marvelin-wonder-man-sarja-sai-uuden-trailerin-samalla-paljastui-kiinnostavia-asioita\/\" title=\"Marvelin Wonder Man -sarja sai uuden trailerin \u2013 samalla paljastui kiinnostavia asioita\" class=\"underline-custom !font-montserrat !font-bold !underline-offset-4 !decoration-4 !decoration-episodi-blue !text-md\" rel=\"nofollow noopener\" target=\"_blank\">Marvelin Wonder Man -sarja sai uuden trailerin \u2013 samalla paljastui kiinnostavia asioita<\/a><\/p>\n<p>Sarja seuraa ohjaaja Von Kovakia (<strong>Zlatko Buric<\/strong>), joka haluaa klassisen Wonder Man -elokuvan uudellleenfilmatisoinnillaan \u201cluoda koko genren uudestaan\u201d.<\/p>\n<p>Abdul-Mateen mukaan \u201dsupersankari\u00e4hky\u201d on vain taustateema. Sarjan ytimess\u00e4 ovat n\u00e4yttelij\u00e4n ura ja yst\u00e4vyyssuhteet.<\/p>\n<p>Kahdeksanosainen Wonder Man julkaistaan Disney Plussassa 27.1.2026. Sarjan on arvioitu olevan Marvelille riskialtis projekti, mutta voi onnistuessaan olla jopa lajityyppi\u00e4 uudistava tapaus.<\/p>\n<p>Katso teaseri alta.<\/p>\n<p>Lue my\u00f6s: <a href=\"https:\/\/www.episodi.fi\/uutiskirje\/?uutiskirjemainos=tekstilinkkimainos\" title=\"Tilaa Episodin uutiskirje ja voit voittaa leffalippuja! Nappaa tv-vinkit suoraan s\u00e4hk\u00f6postiin t\u00e4st\u00e4.\" class=\"underline-custom !font-montserrat !font-bold !underline-offset-4 !decoration-4 !decoration-episodi-blue !text-md\" rel=\"nofollow noopener\" target=\"_blank\">Tilaa Episodin uutiskirje ja voit voittaa leffalippuja! Nappaa katseluvinkit suoraan s\u00e4hk\u00f6postiin t\u00e4st\u00e4.<\/a><\/p>\n","protected":false},"excerpt":{"rendered":"Marvel Studios my\u00f6nsi ensimm\u00e4ist\u00e4 kertaa suoraan, ett\u00e4 \u201dsupersankari\u00e4hky\u201d on todellinen ilmi\u00f6. Joskin itseironisessa ja meta-humoristisessa merkityksess\u00e4. Marvel teki&hellip;\n","protected":false},"author":2,"featured_media":134798,"comment_status":"","ping_status":"","sticky":false,"template":"","format":"standard","meta":{"footnotes":""},"categories":[131],"tags":[155,137,33,173,31,30,172,32,109,13737],"class_list":{"0":"post-134797","1":"post","2":"type-post","3":"status-publish","4":"format-standard","5":"has-post-thumbnail","7":"category-elokuvat","8":"tag-elokuvat","9":"tag-entertainment","10":"tag-fi","11":"tag-film","12":"tag-finland","13":"tag-finnish","14":"tag-movies","15":"tag-suomi","16":"tag-viihde","17":"tag-wonder-man"},"share_on_mastodon":{"url":"https:\/\/pubeurope.com\/@fi\/115847320213505301","error":""},"_links":{"self":[{"href":"https:\/\/www.europesays.com\/fi\/wp-json\/wp\/v2\/posts\/134797","targetHints":{"allow":["GET"]}}],"collection":[{"href":"https:\/\/www.europesays.com\/fi\/wp-json\/wp\/v2\/posts"}],"about":[{"href":"https:\/\/www.europesays.com\/fi\/wp-json\/wp\/v2\/types\/post"}],"author":[{"embeddable":true,"href":"https:\/\/www.europesays.com\/fi\/wp-json\/wp\/v2\/users\/2"}],"replies":[{"embeddable":true,"href":"https:\/\/www.europesays.com\/fi\/wp-json\/wp\/v2\/comments?post=134797"}],"version-history":[{"count":0,"href":"https:\/\/www.europesays.com\/fi\/wp-json\/wp\/v2\/posts\/134797\/revisions"}],"wp:featuredmedia":[{"embeddable":true,"href":"https:\/\/www.europesays.com\/fi\/wp-json\/wp\/v2\/media\/134798"}],"wp:attachment":[{"href":"https:\/\/www.europesays.com\/fi\/wp-json\/wp\/v2\/media?parent=134797"}],"wp:term":[{"taxonomy":"category","embeddable":true,"href":"https:\/\/www.europesays.com\/fi\/wp-json\/wp\/v2\/categories?post=134797"},{"taxonomy":"post_tag","embeddable":true,"href":"https:\/\/www.europesays.com\/fi\/wp-json\/wp\/v2\/tags?post=134797"}],"curies":[{"name":"wp","href":"https:\/\/api.w.org\/{rel}","templated":true}]}}