{"id":134801,"date":"2026-01-06T08:58:06","date_gmt":"2026-01-06T08:58:06","guid":{"rendered":"https:\/\/www.europesays.com\/fi\/134801\/"},"modified":"2026-01-06T08:58:06","modified_gmt":"2026-01-06T08:58:06","slug":"james-bondin-rooli-on-nyt-kahden-kauppa-ohjaaja-ei-ole-kerennyt-syventya-koko-elokuvaan","status":"publish","type":"post","link":"https:\/\/www.europesays.com\/fi\/134801\/","title":{"rendered":"James Bondin rooli on nyt kahden kauppa &#8211; Ohjaaja ei ole kerennyt syventy\u00e4 koko elokuvaan"},"content":{"rendered":"<p><strong>Denis Villeneuven <\/strong>(Dyyni, Blade Runner 2049) tulevan James Bond -elokuvan p\u00e4\u00e4roolista k\u00e4yd\u00e4\u00e4n kisaa kahden n\u00e4yttelij\u00e4n v\u00e4lill\u00e4. <strong>Callum Turner <\/strong>ja <strong>Jacob Elordi<\/strong> ovat tuoreiden huhujen mukaan vahvimmat 007-ehdokkaat.<\/p>\n<p>World of Reelin raportin mukaan Turner on noussut vedonly\u00f6ntitoimistojen ykk\u00f6ssuosikiksi, mutta valinta ei ole \u201cl\u00e4hesk\u00e4\u00e4n varma\u201d. Elordin (Euphoria, Frankenstein) kerrotaan olevan \u201dvahvasti peliss\u00e4 mukana\u201d.<\/p>\n<p>Turner tunnetaan parhaiten Eternity (2025) \u2013 ja The Boys in the Boat (2023) -leffoista, sek\u00e4 Ihmeotukset-elokuvien Newt Scamanderin roolistaan.<\/p>\n<p>Lue my\u00f6s: <a href=\"https:\/\/www.episodi.fi\/uutiset\/pierce-brosnanin-haastattelu-kuohuttaa-pyysi-anteeksi-ynseaa-vastaustaan-007-kysymykseen-ei-vttu-voisi-vahempaa-kiinnostaa\/\" title=\"Pierce Brosnanin haastattelu kuohuttaa \u2013\u00a0Pyysi anteeksi ynse\u00e4\u00e4 vastaustaan 007-kysymykseen: \u201dEi v*ttu voisi v\u00e4hemp\u00e4\u00e4 kiinnostaa\u201d\" class=\"underline-custom !font-montserrat !font-bold !underline-offset-4 !decoration-4 !decoration-episodi-blue !text-md\" rel=\"nofollow noopener\" target=\"_blank\">Pierce Brosnanin haastattelu kuohuttaa \u2013\u00a0Pyysi anteeksi ynse\u00e4\u00e4 vastaustaan 007-kysymykseen: \u201dEi v*ttu voisi v\u00e4hemp\u00e4\u00e4 kiinnostaa\u201d<\/a><\/p>\n<p>Lue my\u00f6s: <a href=\"https:\/\/www.episodi.fi\/uutiset\/uusi-james-bond-ehdokas-on-noussut-ykkoseksi-tassako-on-mies-jolla-on-lupa-tappaa\/\" title=\"Uusi James Bond -ehdokas on noussut ykk\u00f6seksi \u2013 t\u00e4ss\u00e4k\u00f6 on mies, jolla on lupa tappaa?\" class=\"underline-custom !font-montserrat !font-bold !underline-offset-4 !decoration-4 !decoration-episodi-blue !text-md\" rel=\"nofollow noopener\" target=\"_blank\">Uusi James Bond -ehdokas on noussut ykk\u00f6seksi \u2013 t\u00e4ss\u00e4k\u00f6 on mies, jolla on lupa tappaa?<\/a><\/p>\n<p>Lue my\u00f6s: <a href=\"https:\/\/www.episodi.fi\/uutiset\/james-bond-rymistelee-netflixiin-taustalla-amazonin-ja-netflixin-jattisopimus\/\" title=\"James Bond rymistelee Netflixiin \u2013 Taustalla Amazonin ja Netflixin j\u00e4ttisopimus\" class=\"underline-custom !font-montserrat !font-bold !underline-offset-4 !decoration-4 !decoration-episodi-blue !text-md\" rel=\"nofollow noopener\" target=\"_blank\">James Bond rymistelee Netflixiin \u2013 Taustalla Amazonin ja Netflixin j\u00e4ttisopimus<\/a><\/p>\n<p>Hiljattain h\u00e4net n\u00e4htiin lomalla pop-t\u00e4hti<strong> Dua Lipan<\/strong> kanssa, Jamaikan Oracabessa Bayss\u00e4 sijaitsevalla tilalla. Tila oli aikoinaan James Bond -kirjailija Ian Flemingin omistuksessa.<\/p>\n<p>Villeneuve ei tiett\u00e4v\u00e4sti ole kerennyt syventy\u00e4 Bond-asioihin viel\u00e4 ollenkaan, koska Dyynin Messias vie t\u00e4ll\u00e4 hetkell\u00e4 kaiken ajan.<\/p>\n<p>Uuden 007-elokuvan k\u00e4sikirjoittaa Peaky Blinders -luoja <strong>Steven Knight<\/strong>. Kyseess\u00e4 on ensimm\u00e4inen Bond-elokuva, johon tuotantoyhti\u00f6 Amazonilla on t\u00e4ydellinen p\u00e4\u00e4t\u00f6svalta.<\/p>\n<p>L\u00e4hde: <a href=\"https:\/\/www.comingsoon.net\/movies\/news\/2080112-james-bond-2-popular-actors-up-for-007-role-report\" rel=\"nofollow noopener\" target=\"_blank\">Comingsoon<\/a><\/p>\n<p>Lue my\u00f6s: <a href=\"https:\/\/www.episodi.fi\/uutiskirje\/?uutiskirjemainos=tekstilinkkimainos\" title=\"Tilaa Episodin uutiskirje ja voit voittaa leffalippuja! Nappaa tv-vinkit suoraan s\u00e4hk\u00f6postiin t\u00e4st\u00e4.\" class=\"underline-custom !font-montserrat !font-bold !underline-offset-4 !decoration-4 !decoration-episodi-blue !text-md\" rel=\"nofollow noopener\" target=\"_blank\">Tilaa Episodin uutiskirje ja voit voittaa leffalippuja! Nappaa katseluvinkit suoraan s\u00e4hk\u00f6postiin t\u00e4st\u00e4.<\/a><\/p>\n<p>\t\t\t<a href=\"https:\/\/www.facebook.com\/sharer\/sharer.php?u=https:\/\/www.episodi.fi\/uutiset\/james-bondin-rooli-on-nyt-kahden-kauppa-ohjaaja-ei-ole-kerennyt-syventya-koko-elokuvaan\/\" target=\"_blank\" class=\"block px-4 py-2 text-sm text-gray-800 border-b hover:bg-gray-200\" rel=\"nofollow noopener\"><\/p>\n<p>\t\t\t\tFacebook<br \/>\n\t\t\t<\/a><br \/>\n\t\t\t<a href=\"https:\/\/twitter.com\/intent\/tweet?text=https:\/\/www.episodi.fi\/uutiset\/james-bondin-rooli-on-nyt-kahden-kauppa-ohjaaja-ei-ole-kerennyt-syventya-koko-elokuvaan\/\" target=\"_blank\" class=\"block px-4 py-2 text-sm text-gray-800 border-b hover:bg-gray-200\" rel=\"nofollow noopener\"><\/p>\n<p>\t\t\t\tTwitter<br \/>\n\t\t\t<\/a><br \/>\n\t\t\t<a href=\"mailto:?subject=James Bondin rooli on nyt kahden kauppa \u2013 Ohjaaja ei ole kerennyt syventy\u00e4 koko elokuvaan&amp;body=https:\/\/www.episodi.fi\/uutiset\/james-bondin-rooli-on-nyt-kahden-kauppa-ohjaaja-ei-ole-kerennyt-syventya-koko-elokuvaan\/\" target=\"_blank\" class=\"block px-4 py-2 text-sm text-gray-800 border-b hover:bg-gray-200\"><\/p>\n<p>\t\t\t\tS\u00e4hk\u00f6posti<\/a><\/p>\n<p>\t\t\t\t<script async src=\"https:\/\/platform.twitter.com\/widgets.js\" charset=\"utf-8\"><\/script><\/p>\n","protected":false},"excerpt":{"rendered":"Denis Villeneuven (Dyyni, Blade Runner 2049) tulevan James Bond -elokuvan p\u00e4\u00e4roolista k\u00e4yd\u00e4\u00e4n kisaa kahden n\u00e4yttelij\u00e4n v\u00e4lill\u00e4. Callum Turner&hellip;\n","protected":false},"author":2,"featured_media":134802,"comment_status":"","ping_status":"","sticky":false,"template":"","format":"standard","meta":{"footnotes":""},"categories":[130],"tags":[4452,19560,137,33,31,30,774,1971,32,109],"class_list":{"0":"post-134801","1":"post","2":"type-post","3":"status-publish","4":"format-standard","5":"has-post-thumbnail","7":"category-viihde","8":"tag-4452","9":"tag-callum-turner","10":"tag-entertainment","11":"tag-fi","12":"tag-finland","13":"tag-finnish","14":"tag-jacob-elordi","15":"tag-james-bond","16":"tag-suomi","17":"tag-viihde"},"share_on_mastodon":{"url":"https:\/\/pubeurope.com\/@fi\/115847332037862714","error":""},"_links":{"self":[{"href":"https:\/\/www.europesays.com\/fi\/wp-json\/wp\/v2\/posts\/134801","targetHints":{"allow":["GET"]}}],"collection":[{"href":"https:\/\/www.europesays.com\/fi\/wp-json\/wp\/v2\/posts"}],"about":[{"href":"https:\/\/www.europesays.com\/fi\/wp-json\/wp\/v2\/types\/post"}],"author":[{"embeddable":true,"href":"https:\/\/www.europesays.com\/fi\/wp-json\/wp\/v2\/users\/2"}],"replies":[{"embeddable":true,"href":"https:\/\/www.europesays.com\/fi\/wp-json\/wp\/v2\/comments?post=134801"}],"version-history":[{"count":0,"href":"https:\/\/www.europesays.com\/fi\/wp-json\/wp\/v2\/posts\/134801\/revisions"}],"wp:featuredmedia":[{"embeddable":true,"href":"https:\/\/www.europesays.com\/fi\/wp-json\/wp\/v2\/media\/134802"}],"wp:attachment":[{"href":"https:\/\/www.europesays.com\/fi\/wp-json\/wp\/v2\/media?parent=134801"}],"wp:term":[{"taxonomy":"category","embeddable":true,"href":"https:\/\/www.europesays.com\/fi\/wp-json\/wp\/v2\/categories?post=134801"},{"taxonomy":"post_tag","embeddable":true,"href":"https:\/\/www.europesays.com\/fi\/wp-json\/wp\/v2\/tags?post=134801"}],"curies":[{"name":"wp","href":"https:\/\/api.w.org\/{rel}","templated":true}]}}