{"id":134803,"date":"2026-01-06T09:01:07","date_gmt":"2026-01-06T09:01:07","guid":{"rendered":"https:\/\/www.europesays.com\/fi\/134803\/"},"modified":"2026-01-06T09:01:07","modified_gmt":"2026-01-06T09:01:07","slug":"lentoliikenteen-hairiot-jatkuvat-hollannissa-maan-lumikaaos-heijastuu-myos-suomeen-uutissuomalainen","status":"publish","type":"post","link":"https:\/\/www.europesays.com\/fi\/134803\/","title":{"rendered":"Lentoliikenteen h\u00e4iri\u00f6t jatkuvat Hollannissa \u2013 maan lumikaaos heijastuu my\u00f6s Suomeen | Uutissuomalainen"},"content":{"rendered":"<p>Talvinen s\u00e4\u00e4 haittaa edelleen lentoliikennett\u00e4 ainakin Hollannissa. Schipholin lentokentt\u00e4 kertoo <a href=\"https:\/\/www.schiphol.nl\/en\/messages\/limited-number-of-flights-to-and-from-schiphol-due-to-winter-5-january\/\" rel=\"nofollow noopener\" target=\"_blank\">verkkosivullaan<\/a>, ett\u00e4 lentoliikenteen h\u00e4iri\u00f6iden odotetaan jatkuvan viel\u00e4 l\u00e4hip\u00e4ivien ajan.<\/p>\n<p>Schipholin l\u00e4htevien ja saapuvien lentojen listalla valtaosa lennoista on peruttu ja viiv\u00e4stynyt.<\/p>\n<p>My\u00f6sk\u00e4\u00e4n junat eiv\u00e4t Hollannissa kulje. Rautatieyhti\u00f6 <a href=\"https:\/\/www.ns.nl\/en\/travel-information\/calamities\/winter-weather-ns01.html\" rel=\"nofollow noopener\" target=\"_blank\">NS:n<\/a> mukaan kyse on useista s\u00e4\u00e4n aiheuttamista vioista ja samanaikaisesta tietoliikenneviasta. Yhti\u00f6st\u00e4 kerrotaan paikallisille medioille, ett\u00e4 s\u00e4\u00e4h\u00e4iri\u00f6iden ja it-vian osuminen samaan aikaan on sattumaa.<\/p>\n<p>\t\t\t\tFinnair perunut ainakin yhden Amsterdamin-lennon <\/p>\n<p>Lentoyhti\u00f6 Finnair on perunut t\u00e4n\u00e4\u00e4n toistaiseksi yhden edestakaisen lennon Amsterdamiin Hollannin lumikaaoksen vuoksi.<\/p>\n<p>Finnairin viestinn\u00e4st\u00e4 kerrotaan STT:lle, ett\u00e4 peruutus on vaikuttanut noin 600 asiakkaan matkoihin. Osa aamulennon matkustajista on ohjattu my\u00f6h\u00e4isemm\u00e4lle lennolle.<\/p>\n<p>Finnairilta ei osata viel\u00e4 arvioida, aiheuttavatko Amsterdamin s\u00e4\u00e4olosuhteet lis\u00e4peruutuksia tulevina p\u00e4ivin\u00e4. Yhti\u00f6 perui my\u00f6s eilen edestakaisen lennon Amsterdamiin.<\/p>\n","protected":false},"excerpt":{"rendered":"Talvinen s\u00e4\u00e4 haittaa edelleen lentoliikennett\u00e4 ainakin Hollannissa. Schipholin lentokentt\u00e4 kertoo verkkosivullaan, ett\u00e4 lentoliikenteen h\u00e4iri\u00f6iden odotetaan jatkuvan viel\u00e4 l\u00e4hip\u00e4ivien&hellip;\n","protected":false},"author":2,"featured_media":134804,"comment_status":"","ping_status":"","sticky":false,"template":"","format":"standard","meta":{"footnotes":""},"categories":[76],"tags":[79,77,33,31,30,121,953,950,2307,32,78,487,822,538],"class_list":{"0":"post-134803","1":"post","2":"type-post","3":"status-publish","4":"format-standard","5":"has-post-thumbnail","7":"category-talous","8":"tag-business","9":"tag-economy","10":"tag-fi","11":"tag-finland","12":"tag-finnish","13":"tag-liikenne-ja-kuljetus","14":"tag-matkustajaliikenne","15":"tag-raskas-liikenne","16":"tag-rautatiet-rautatieliikenne","17":"tag-suomi","18":"tag-talous","19":"tag-teknologia-yleista","20":"tag-teollisuustuotteet-ja-palvelut-sektori","21":"tag-tiede-ja-tekniikka"},"share_on_mastodon":{"url":"https:\/\/pubeurope.com\/@fi\/115847343958096739","error":""},"_links":{"self":[{"href":"https:\/\/www.europesays.com\/fi\/wp-json\/wp\/v2\/posts\/134803","targetHints":{"allow":["GET"]}}],"collection":[{"href":"https:\/\/www.europesays.com\/fi\/wp-json\/wp\/v2\/posts"}],"about":[{"href":"https:\/\/www.europesays.com\/fi\/wp-json\/wp\/v2\/types\/post"}],"author":[{"embeddable":true,"href":"https:\/\/www.europesays.com\/fi\/wp-json\/wp\/v2\/users\/2"}],"replies":[{"embeddable":true,"href":"https:\/\/www.europesays.com\/fi\/wp-json\/wp\/v2\/comments?post=134803"}],"version-history":[{"count":0,"href":"https:\/\/www.europesays.com\/fi\/wp-json\/wp\/v2\/posts\/134803\/revisions"}],"wp:featuredmedia":[{"embeddable":true,"href":"https:\/\/www.europesays.com\/fi\/wp-json\/wp\/v2\/media\/134804"}],"wp:attachment":[{"href":"https:\/\/www.europesays.com\/fi\/wp-json\/wp\/v2\/media?parent=134803"}],"wp:term":[{"taxonomy":"category","embeddable":true,"href":"https:\/\/www.europesays.com\/fi\/wp-json\/wp\/v2\/categories?post=134803"},{"taxonomy":"post_tag","embeddable":true,"href":"https:\/\/www.europesays.com\/fi\/wp-json\/wp\/v2\/tags?post=134803"}],"curies":[{"name":"wp","href":"https:\/\/api.w.org\/{rel}","templated":true}]}}