{"id":134819,"date":"2026-01-06T09:24:08","date_gmt":"2026-01-06T09:24:08","guid":{"rendered":"https:\/\/www.europesays.com\/fi\/134819\/"},"modified":"2026-01-06T09:24:08","modified_gmt":"2026-01-06T09:24:08","slug":"olen-taysin-muuttunut-mies-antti-j-jokinen-vastaa-kysymykseen-paihteista","status":"publish","type":"post","link":"https:\/\/www.europesays.com\/fi\/134819\/","title":{"rendered":"\u201dOlen t\u00e4ysin muuttunut mies\u201d \u2013\u2009 Antti J. Jokinen vastaa kysymykseen p\u00e4ihteist\u00e4"},"content":{"rendered":"<p>Ohjaaja Antti J. Jokinen palaa elokuvan pariin vaikeiden vuosien j\u00e4lkeen. Kullervo on tarina vihasta ja ulkopuolisuudesta.<\/p>\n<p class=\"article-body mb-nof-24 px-nof-16\">Tammikuun 16. p\u00e4iv\u00e4 saa ensi-iltansa <a class=\"font-bold underline-offset-[0.12em] [text-decoration:var(--person-link-text-decoration)] ![text-decoration-color:var(--person-link-text-decoration-color)]\" href=\"https:\/\/www.satakunnankansa.fi\/haku\/?query=Antti%20J.%20Jokisen\" rel=\"nofollow noopener\" target=\"_blank\">Antti J. Jokisen<\/a> ohjaama ja k\u00e4sikirjoittama Kalevala: Kullervon tarina. 1100-luvun Pohjois-Karjalaan sijoittuva elokuva on verinen kostotarina ja toimintaa painottava tulkinta Kalevalan traagisimmasta hahmosta.<\/p>\n","protected":false},"excerpt":{"rendered":"Ohjaaja Antti J. Jokinen palaa elokuvan pariin vaikeiden vuosien j\u00e4lkeen. Kullervo on tarina vihasta ja ulkopuolisuudesta. Tammikuun 16.&hellip;\n","protected":false},"author":2,"featured_media":134820,"comment_status":"","ping_status":"","sticky":false,"template":"","format":"standard","meta":{"footnotes":""},"categories":[130],"tags":[137,33,31,30,80,32,109],"class_list":{"0":"post-134819","1":"post","2":"type-post","3":"status-publish","4":"format-standard","5":"has-post-thumbnail","7":"category-viihde","8":"tag-entertainment","9":"tag-fi","10":"tag-finland","11":"tag-finnish","12":"tag-satakunnan-kansa","13":"tag-suomi","14":"tag-viihde"},"share_on_mastodon":{"url":"https:\/\/pubeurope.com\/@fi\/115847434232453922","error":""},"_links":{"self":[{"href":"https:\/\/www.europesays.com\/fi\/wp-json\/wp\/v2\/posts\/134819","targetHints":{"allow":["GET"]}}],"collection":[{"href":"https:\/\/www.europesays.com\/fi\/wp-json\/wp\/v2\/posts"}],"about":[{"href":"https:\/\/www.europesays.com\/fi\/wp-json\/wp\/v2\/types\/post"}],"author":[{"embeddable":true,"href":"https:\/\/www.europesays.com\/fi\/wp-json\/wp\/v2\/users\/2"}],"replies":[{"embeddable":true,"href":"https:\/\/www.europesays.com\/fi\/wp-json\/wp\/v2\/comments?post=134819"}],"version-history":[{"count":0,"href":"https:\/\/www.europesays.com\/fi\/wp-json\/wp\/v2\/posts\/134819\/revisions"}],"wp:featuredmedia":[{"embeddable":true,"href":"https:\/\/www.europesays.com\/fi\/wp-json\/wp\/v2\/media\/134820"}],"wp:attachment":[{"href":"https:\/\/www.europesays.com\/fi\/wp-json\/wp\/v2\/media?parent=134819"}],"wp:term":[{"taxonomy":"category","embeddable":true,"href":"https:\/\/www.europesays.com\/fi\/wp-json\/wp\/v2\/categories?post=134819"},{"taxonomy":"post_tag","embeddable":true,"href":"https:\/\/www.europesays.com\/fi\/wp-json\/wp\/v2\/tags?post=134819"}],"curies":[{"name":"wp","href":"https:\/\/api.w.org\/{rel}","templated":true}]}}