{"id":134826,"date":"2026-01-06T09:30:07","date_gmt":"2026-01-06T09:30:07","guid":{"rendered":"https:\/\/www.europesays.com\/fi\/134826\/"},"modified":"2026-01-06T09:30:07","modified_gmt":"2026-01-06T09:30:07","slug":"irrallisuuden-kokemus-erottaa-introvertin-ja-masentuneen","status":"publish","type":"post","link":"https:\/\/www.europesays.com\/fi\/134826\/","title":{"rendered":"Irrallisuuden kokemus erottaa introvertin ja masentuneen"},"content":{"rendered":"<p>Introvertin ja masentuneen arki saattaa n\u00e4ytt\u00e4\u00e4 samanlaiselta. Oleellista on, mit\u00e4 p\u00e4\u00e4ns\u00e4 sis\u00e4ll\u00e4 k\u00e4y l\u00e4pi, psykologian tohtori sanoo.<\/p>\n<p class=\"article-body mb-nof-24 px-nof-16\">K\u00e4nnykk\u00e4 kilahtaa viestin merkiksi. Yst\u00e4v\u00e4 joutuu perumaan tapaamisen: Sori, menn\u00e4\u00e4n ensi viikolla.<\/p>\n<p class=\"article-body mb-nof-24 px-nof-16\">Salaa se onkin helpotus. Ei tarvitse l\u00e4hte\u00e4 minnek\u00e4\u00e4n!<\/p>\n<p class=\"article-body mb-nof-24 px-nof-16\">Paremmaksi pist\u00e4\u00e4 vain viikonloppu, jonka saa viett\u00e4\u00e4 kotona. Ilman h\u00e4iri\u00f6tekij\u00f6it\u00e4, omassa ylivertaisessa seurassaan.<\/p>\n<p class=\"article-body mb-nof-24 px-nof-16\">Introvertille kuvaukset kuulostavat tutuilta \u2013 ja ihanilta.<\/p>\n","protected":false},"excerpt":{"rendered":"Introvertin ja masentuneen arki saattaa n\u00e4ytt\u00e4\u00e4 samanlaiselta. Oleellista on, mit\u00e4 p\u00e4\u00e4ns\u00e4 sis\u00e4ll\u00e4 k\u00e4y l\u00e4pi, psykologian tohtori sanoo. K\u00e4nnykk\u00e4&hellip;\n","protected":false},"author":2,"featured_media":134827,"comment_status":"","ping_status":"","sticky":false,"template":"","format":"standard","meta":{"footnotes":""},"categories":[5],"tags":[22,23,26,27,33,31,30,17,46,24,25,28,29,15,18,21,32,19,20,16],"class_list":{"0":"post-134826","1":"post","2":"type-post","3":"status-publish","4":"format-standard","5":"has-post-thumbnail","7":"category-otsikot","8":"tag-breaking-news","9":"tag-breakingnews","10":"tag-featured-news","11":"tag-featurednews","12":"tag-fi","13":"tag-finland","14":"tag-finnish","15":"tag-headlines","16":"tag-helsingin-sanomat","17":"tag-latest-news","18":"tag-latestnews","19":"tag-main-news","20":"tag-mainnews","21":"tag-news","22":"tag-otsikot","23":"tag-paauutiset","24":"tag-suomi","25":"tag-top-stories","26":"tag-topstories","27":"tag-uutiset"},"share_on_mastodon":{"url":"https:\/\/pubeurope.com\/@fi\/115847457806861905","error":""},"_links":{"self":[{"href":"https:\/\/www.europesays.com\/fi\/wp-json\/wp\/v2\/posts\/134826","targetHints":{"allow":["GET"]}}],"collection":[{"href":"https:\/\/www.europesays.com\/fi\/wp-json\/wp\/v2\/posts"}],"about":[{"href":"https:\/\/www.europesays.com\/fi\/wp-json\/wp\/v2\/types\/post"}],"author":[{"embeddable":true,"href":"https:\/\/www.europesays.com\/fi\/wp-json\/wp\/v2\/users\/2"}],"replies":[{"embeddable":true,"href":"https:\/\/www.europesays.com\/fi\/wp-json\/wp\/v2\/comments?post=134826"}],"version-history":[{"count":0,"href":"https:\/\/www.europesays.com\/fi\/wp-json\/wp\/v2\/posts\/134826\/revisions"}],"wp:featuredmedia":[{"embeddable":true,"href":"https:\/\/www.europesays.com\/fi\/wp-json\/wp\/v2\/media\/134827"}],"wp:attachment":[{"href":"https:\/\/www.europesays.com\/fi\/wp-json\/wp\/v2\/media?parent=134826"}],"wp:term":[{"taxonomy":"category","embeddable":true,"href":"https:\/\/www.europesays.com\/fi\/wp-json\/wp\/v2\/categories?post=134826"},{"taxonomy":"post_tag","embeddable":true,"href":"https:\/\/www.europesays.com\/fi\/wp-json\/wp\/v2\/tags?post=134826"}],"curies":[{"name":"wp","href":"https:\/\/api.w.org\/{rel}","templated":true}]}}