{"id":134831,"date":"2026-01-06T09:49:10","date_gmt":"2026-01-06T09:49:10","guid":{"rendered":"https:\/\/www.europesays.com\/fi\/134831\/"},"modified":"2026-01-06T09:49:10","modified_gmt":"2026-01-06T09:49:10","slug":"kiekkoasiantuntijan-ennustus-osui-nappiin-superpakki-teki-historiaa-mm-kisoissa","status":"publish","type":"post","link":"https:\/\/www.europesays.com\/fi\/134831\/","title":{"rendered":"Kiekkoasiantuntijan ennustus osui nappiin \u2013 Superpakki teki historiaa MM-kisoissa"},"content":{"rendered":"<p>Lassi Alanen osasi odottaa Zayne Parekhilta tykkiturnausta.<\/p>\n<p><img decoding=\"async\" class=\"image image-show image-preview\" src=\"https:\/\/www.europesays.com\/fi\/wp-content\/uploads\/2026\/01\/8591ddd51cd851fb2663fecd677772a71deea866e7ae549bb02f914e043c9e39.jpg\" alt=\"\"\/><img decoding=\"async\" class=\"image image-show\" src=\"https:\/\/www.europesays.com\/fi\/wp-content\/uploads\/2026\/01\/1767692949_887_8591ddd51cd851fb2663fecd677772a71deea866e7ae549bb02f914e043c9e39.jpg\" alt=\"\"\/><\/p>\n<p>Zayne Parekh teki kovaa j\u00e4lke\u00e4 MM-kisoissa. AOP<\/p>\n<p class=\"paragraph\">Kanadan superpakki <strong>Zayne Parekh<\/strong> jakoi nuorten MM-kisojen maalip\u00f6rssin voiton <strong>Porter<strong> <\/strong>Martonen<\/strong> kanssa kuudella osumalla.<\/p>\n<p class=\"paragraph\">Parekh teki 13 pistett\u00e4 seitsem\u00e4ss\u00e4 peliss\u00e4 ja oli pistep\u00f6rssiss\u00e4kin komeasti kolmantena <strong>Michael Hagen<\/strong> (15 pistett\u00e4) ja <strong>Gavin McKennan<\/strong> (14) j\u00e4lkeen.<\/p>\n<p class=\"paragraph\">Parekhin pistetehtailu oli historiallisen kovaa, sill\u00e4 yksik\u00e4\u00e4n kanadalainen puolustaja ei ole aiemmin tehnyt 13 pistett\u00e4 yksiss\u00e4 MM-kisoissa. Aiempaa 12 pisteen enn\u00e4tyst\u00e4 pitiv\u00e4t hallussaan <strong>Alex Pietrangelo<\/strong> (2010) ja <strong>Bryan McCabe<\/strong> (1995).<\/p>\n<p class=\"paragraph\"><a href=\"https:\/\/www.tsn.ca\/hockey-canada\/article\/oreilly-scores-twice-as-canada-defeats-finland-to-win-bronze-at-world-juniors\/\" target=\"_blank\" rel=\"noopener nofollow\">TSN<\/a> kysyi Parekhilta kisojen j\u00e4lkeen, mit\u00e4 h\u00e4n ajattelee piste-enn\u00e4tyksest\u00e4.<\/p>\n<p class=\"paragraph\">\u2013 Enp\u00e4 juuri mit\u00e4\u00e4n. Olen pettynyt, ett\u00e4 emme voittaneet kultaa. Se oli tavoitteemme, Parekh vastasi.<\/p>\n<p class=\"paragraph\">Eliteprospectsin Euroopan pelaajatarkkailun johtaja <strong>Lassi Alanen<\/strong> ei yll\u00e4ttynyt Parekhin tykkikisoista. H\u00e4n ennusti jo ennen MM-karkeloita, ett\u00e4 puolustaja voittaa pakkien pistep\u00f6rssin.<\/p>\n<p class=\"paragraph\">\u2013 Parekh on ylivertainen hy\u00f6kk\u00e4\u00e4v\u00e4 puolustaja ja viivauhka, joka ei dominoi niink\u00e4\u00e4n liikkeens\u00e4 vaan peli\u00e4lyns\u00e4 kautta. H\u00e4nell\u00e4 on erinomainen laukaus ja vahvat pelintekotaidot, Alanen kertoi Iltalehdelle ennen MM-kisoja.<\/p>\n<p class=\"paragraph\">Calgary Flames varasi Parekhin ykk\u00f6skierroksella kes\u00e4ll\u00e4 2024. Puolustaja huudettiin numerolla yhdeks\u00e4n. Huippulupaus on pelannut t\u00e4ll\u00e4 kaudella jo 11 peli\u00e4 NHL:ss\u00e4, mutta tehopisteit\u00e4 on kasassa vasta yksi.<\/p>\n<p class=\"paragraph\">Alanen kertoi <a href=\"https:\/\/www.iltalehti.fi\/nhl\/5d44cd77-edba-4ead-a2d2-0d245e15e9b1\" rel=\"nofollow noopener\" target=\"_blank\">Iltalehdelle<\/a> ennen vuoden 2024 varaustilaisuutta, ett\u00e4 Parekhin tehojen salaisuus on erinomaisessa viivapeliss\u00e4. H\u00e4n dominoi hy\u00f6kk\u00e4yspeli\u00e4 siniselt\u00e4 uskomattomalla itsevarmuudella ja taidolla.<\/p>\n<p class=\"paragraph\">\u2013 H\u00e4n saa vastustajan puolustavat pelaajat reagoimaan juuri haluamallaan tavalla.<\/p>\n<p><a href=\"https:\/\/www.iltalehti.fi\/telkku\/?utm_source=iltalehti.fi&amp;utm_medium=almainternal&amp;utm_campaign=urheilu_artikkelibanneri&amp;utm_content=banner_612_a\" rel=\"nofollow noopener\" target=\"_blank\"><img decoding=\"async\" src=\"https:\/\/www.europesays.com\/fi\/wp-content\/uploads\/2025\/08\/7ef604e47d46ca174b7df4149bd3557dbde56a86d520f8e1b2125548b0a2e03a.png\" alt=\"TV-ohjelmat t\u00e4n\u00e4\u00e4n, TV-opas\"\/><\/a><\/p>\n","protected":false},"excerpt":{"rendered":"Lassi Alanen osasi odottaa Zayne Parekhilta tykkiturnausta. Zayne Parekh teki kovaa j\u00e4lke\u00e4 MM-kisoissa. AOP Kanadan superpakki Zayne Parekh&hellip;\n","protected":false},"author":2,"featured_media":134832,"comment_status":"","ping_status":"","sticky":false,"template":"","format":"standard","meta":{"footnotes":""},"categories":[158],"tags":[35,1144,33,31,30,1143,41,1146,159,32,1145,160],"class_list":{"0":"post-134831","1":"post","2":"type-post","3":"status-publish","4":"format-standard","5":"has-post-thumbnail","7":"category-urheilu","8":"tag-24h","9":"tag-ammattilaisjaakiekko","10":"tag-fi","11":"tag-finland","12":"tag-finnish","13":"tag-jaakiekko","14":"tag-liikunta-ja-urheilu","15":"tag-miesten-jaakiekko","16":"tag-sports","17":"tag-suomi","18":"tag-talviurheilu","19":"tag-urheilu"},"share_on_mastodon":{"url":"https:\/\/pubeurope.com\/@fi\/115847532745633287","error":""},"_links":{"self":[{"href":"https:\/\/www.europesays.com\/fi\/wp-json\/wp\/v2\/posts\/134831","targetHints":{"allow":["GET"]}}],"collection":[{"href":"https:\/\/www.europesays.com\/fi\/wp-json\/wp\/v2\/posts"}],"about":[{"href":"https:\/\/www.europesays.com\/fi\/wp-json\/wp\/v2\/types\/post"}],"author":[{"embeddable":true,"href":"https:\/\/www.europesays.com\/fi\/wp-json\/wp\/v2\/users\/2"}],"replies":[{"embeddable":true,"href":"https:\/\/www.europesays.com\/fi\/wp-json\/wp\/v2\/comments?post=134831"}],"version-history":[{"count":0,"href":"https:\/\/www.europesays.com\/fi\/wp-json\/wp\/v2\/posts\/134831\/revisions"}],"wp:featuredmedia":[{"embeddable":true,"href":"https:\/\/www.europesays.com\/fi\/wp-json\/wp\/v2\/media\/134832"}],"wp:attachment":[{"href":"https:\/\/www.europesays.com\/fi\/wp-json\/wp\/v2\/media?parent=134831"}],"wp:term":[{"taxonomy":"category","embeddable":true,"href":"https:\/\/www.europesays.com\/fi\/wp-json\/wp\/v2\/categories?post=134831"},{"taxonomy":"post_tag","embeddable":true,"href":"https:\/\/www.europesays.com\/fi\/wp-json\/wp\/v2\/tags?post=134831"}],"curies":[{"name":"wp","href":"https:\/\/api.w.org\/{rel}","templated":true}]}}