{"id":134847,"date":"2026-01-06T10:09:09","date_gmt":"2026-01-06T10:09:09","guid":{"rendered":"https:\/\/www.europesays.com\/fi\/134847\/"},"modified":"2026-01-06T10:09:09","modified_gmt":"2026-01-06T10:09:09","slug":"kajaanin-taidemuseon-juhlavuosi-tayttyy-maalaustaiteesta-ja-ilmioista-ihmisyyteen-biologiaan-ja-kuituihin-liittyen","status":"publish","type":"post","link":"https:\/\/www.europesays.com\/fi\/134847\/","title":{"rendered":"Kajaanin taidemuseon juhlavuosi t\u00e4yttyy maalaustaiteesta ja ilmi\u00f6ist\u00e4 ihmisyyteen, biologiaan ja kuituihin liittyen"},"content":{"rendered":"<p>                                  Kulttuuri<\/p>\n<p>                <img loading=\"lazy\" decoding=\"async\" itemprop=\"contentUrl\" class=\"figure-img img-fluid\"  src=\"https:\/\/www.europesays.com\/fi\/wp-content\/uploads\/2026\/01\/1767694149_247_imengine.public.prod.hil.infomaker.io.jpeg\" width=\"5000\" height=\"3335\"  alt=\"\"\/><\/p>\n<p>                                    Loppuvuonna Kajaanin taidemuseossa n\u00e4hd\u00e4\u00e4n kainuulaisten taiteilijoiden Heidi Kilpel\u00e4isen, Riikka Ker\u00e4sen ja Mayumi Niiranen-Hisatomin yhteisn\u00e4yttely RakasKuitu.<br \/>\n                                                    Kuva:<br \/>\n                    Minna Hyv\u00f6nen<\/p>\n<p class=\"ew-preamble\" itemprop=\"description\">My\u00f6s taidemuseon aukioloajat muuttuvat t\u00e4n\u00e4 vuonna.<\/p>\n<p>      MAINOS &#8211; juttu jatkuu mainoksen j\u00e4lkeen<\/p>\n<p>      MAINOS &#8211; mainos p\u00e4\u00e4ttyy<\/p>\n<p class=\"ew-body\">Kajaanin taidemuseossa vietet\u00e4\u00e4n juhlavaa vuotta, kun taidemuseorakennus t\u00e4ytt\u00e4\u00e4 90 vuotta, Kajaanin kaupunki juhlii 375-vuotista historiaansa ja Oulu2026-kulttuurip\u00e4\u00e4kaupunkivuosi k\u00e4ynnistyy.<\/p>\n<p class=\"ew-body\">Taidemuseon vuoteen mahtuu kolme erilaista n\u00e4yttelykokonaisuutta sek\u00e4 erilaisia tapahtumia, taidemuseon tied<\/p>\n<p>  <a class=\"btn btn-secondary btn-icon-left\" href=\"#coral_thread\"><br \/>\n    <img decoding=\"async\" src=\"https:\/\/www.kainuunsanomat.fi\/wp-content\/themes\/hilla-theme\/assets\/img\/icon_comments.svg\" alt=\"\"\/><br \/>\n    Kommentoi<br \/>\n    \u00a0(0)<br \/>\n  <\/a><\/p>\n<p>  <a class=\"btn btn-secondary btn-icon-left mailto_web\" href=\"mailto:toimitus@kainuunsanomat.fi?subject=Ilmoita%20asiavirheest%C3%A4&amp;body=Otsikko%3A%20Kajaanin%20taidemuseon%20juhlavuosi%20t%C3%A4yttyy%20maalaustaiteesta%20ja%20ilmi%C3%B6ist%C3%A4%20ihmisyyteen%2C%20biologiaan%20ja%20kuituihin%20liittyen%0AUuid%3A%20604d6cea-9040-4b06-8f83-9f6a876f5c0a%0AUrl%3A%20https%3A%2F%2Fwww.kainuunsanomat.fi%2Fartikkeli%2Fkajaanin-taidemuseon-juhlavuosi-tayttyy-maalaustaiteesta-ja-ilmioista-ihmisyyteen-biologiaan-ja-kui\"><br \/>\n    <img decoding=\"async\" src=\"https:\/\/www.kainuunsanomat.fi\/wp-content\/themes\/hilla-theme\/assets\/img\/icon_feedback.svg\" alt=\"\"\/><br \/>\n    Ilmoita asiavirheest\u00e4<br \/>\n  <\/a><\/p>\n","protected":false},"excerpt":{"rendered":"Kulttuuri Loppuvuonna Kajaanin taidemuseossa n\u00e4hd\u00e4\u00e4n kainuulaisten taiteilijoiden Heidi Kilpel\u00e4isen, Riikka Ker\u00e4sen ja Mayumi Niiranen-Hisatomin yhteisn\u00e4yttely RakasKuitu. Kuva: Minna&hellip;\n","protected":false},"author":2,"featured_media":134848,"comment_status":"","ping_status":"","sticky":false,"template":"","format":"standard","meta":{"footnotes":""},"categories":[135],"tags":[389,387,388,390,137,33,31,30,32,394,393,391,392,109],"class_list":{"0":"post-134847","1":"post","2":"type-post","3":"status-publish","4":"format-standard","5":"has-post-thumbnail","7":"category-taiteet-ja-suunnittelu","8":"tag-arts","9":"tag-arts-and-design","10":"tag-artsanddesign","11":"tag-design","12":"tag-entertainment","13":"tag-fi","14":"tag-finland","15":"tag-finnish","16":"tag-suomi","17":"tag-suunnittelu","18":"tag-taiteet","19":"tag-taiteet-ja-suunnittelu","20":"tag-taiteetsuunnittelu","21":"tag-viihde"},"share_on_mastodon":{"url":"https:\/\/pubeurope.com\/@fi\/115847611261339769","error":""},"_links":{"self":[{"href":"https:\/\/www.europesays.com\/fi\/wp-json\/wp\/v2\/posts\/134847","targetHints":{"allow":["GET"]}}],"collection":[{"href":"https:\/\/www.europesays.com\/fi\/wp-json\/wp\/v2\/posts"}],"about":[{"href":"https:\/\/www.europesays.com\/fi\/wp-json\/wp\/v2\/types\/post"}],"author":[{"embeddable":true,"href":"https:\/\/www.europesays.com\/fi\/wp-json\/wp\/v2\/users\/2"}],"replies":[{"embeddable":true,"href":"https:\/\/www.europesays.com\/fi\/wp-json\/wp\/v2\/comments?post=134847"}],"version-history":[{"count":0,"href":"https:\/\/www.europesays.com\/fi\/wp-json\/wp\/v2\/posts\/134847\/revisions"}],"wp:featuredmedia":[{"embeddable":true,"href":"https:\/\/www.europesays.com\/fi\/wp-json\/wp\/v2\/media\/134848"}],"wp:attachment":[{"href":"https:\/\/www.europesays.com\/fi\/wp-json\/wp\/v2\/media?parent=134847"}],"wp:term":[{"taxonomy":"category","embeddable":true,"href":"https:\/\/www.europesays.com\/fi\/wp-json\/wp\/v2\/categories?post=134847"},{"taxonomy":"post_tag","embeddable":true,"href":"https:\/\/www.europesays.com\/fi\/wp-json\/wp\/v2\/tags?post=134847"}],"curies":[{"name":"wp","href":"https:\/\/api.w.org\/{rel}","templated":true}]}}